{"id":1330,"date":"2017-02-18T22:54:57","date_gmt":"2017-02-18T22:54:57","guid":{"rendered":"http:\/\/muhamedsytari.net\/?p=1330"},"modified":"2017-02-19T06:56:44","modified_gmt":"2017-02-19T06:56:44","slug":"hz-muhammedi-a-s-lajmetar-i-paqes","status":"publish","type":"post","link":"http:\/\/muhamedsytari.net\/?p=1330","title":{"rendered":"HZ. MUHAMMEDI (A.S), LAJM\u00cbTAR I PAQES\u2026"},"content":{"rendered":"<p>T\u00eb dashur dhe t\u00eb nderuar t\u00eb pranish\u00ebm,<\/p>\n<p>Transmetimet e sakta mbi ndodhit\u00eb e Isras\u00eb dhe Miraxhit, p\u00ebrmbajn\u00eb n\u00eb vetvete filozofin\u00eb e krejt d\u00ebrges\u00ebs udh\u00ebzuese t\u00eb Hz. Muhammedit (a.s), si Lajm\u00ebtar i Paqes, nd\u00ebrtues dhe mbrojt\u00ebs i saj!<\/p>\n<p>Sepse, zot\u00ebria i jon\u00eb, Resulull-llahu (a.s), ishte i vetmi n\u00eb historin\u00eb e njer\u00ebzimit, q\u00eb n\u00eb nj\u00eb nat\u00eb t\u00eb vetme, pas mbi 10 viteve t\u00eb mbushura me sakrifica, durim, lodhje, l\u00ebndime e refuzim, iu hap\u00ebn dyert e qiejve, p\u00ebr t\u2019u takuar me t\u00eb d\u00ebrguarit m\u00eb t\u00eb spikatur t\u00eb historis\u00eb s\u00eb shekujve, p\u00ebr t\u00eb marr\u00eb lutje e mir\u00ebnjohje prej tyre, si dhe p\u00ebr t\u00eb ndar\u00eb me ta lutje e bekime p\u00ebr mbar\u00eb ymmetin, deri n\u00eb dit\u00ebn e gjykimit!<\/p>\n<p>Si t\u00eb thuash, brenda nj\u00eb nate t\u00eb vetme, All-llahu i Madh\u00ebruar, i d\u00ebshmoi zemr\u00ebs s\u00eb Hz. Muhammedit (a.s), krejt t\u00eb d\u00ebrguarve para tij, ymmetit islam dhe krejt njer\u00ebzis\u00eb, deri n\u00eb dit\u00ebn e fundit, se Hz. Muhammed Mustafaja \u00ebsht\u00eb i D\u00ebrguari i Paqes, ymmeti i tij, ymmet i Paqes, thirrja e tij, thirrje e Paqes, Zoti i tij dhe i gjith\u00ebsis\u00eb, Es-Selamu, p\u00ebrsh\u00ebndetja e ymmetit t\u00eb tij: \u201cEs-Selamu alejkum\u201d, pra: \u201cPaqja qoft\u00eb mbi ju!\u201d, thirrja e tij: \u201cP\u00ebrhapeni selamin n\u00eb mes jush, t\u00eb duheni!\u201d dhe p\u00ebrsh\u00ebndetja e tyre, dit\u00ebn kur do t\u00eb trash\u00ebgojn\u00eb xhennetet e Zotit t\u00eb tan\u00ebsis\u00eb, do t\u00eb jet\u00eb: \u201cSelamun alejkum\u201d!<\/p>\n<p>P\u00ebr k\u00ebt\u00eb, ai Zotni (a.s): \u201cKalonte pran\u00eb f\u00ebmij\u00ebve dhe u jepte selam!\u201d, q\u00eb t\u00eb m\u00ebsonte filizat e rinj, se jeta e jon\u00eb, feja e jon\u00eb, p\u00ebrsh\u00ebndetja e jon\u00eb, thirrja e jon\u00eb \u00ebsht\u00eb SELAMI-PAQJA!<\/p>\n<p>Nga k\u00ebtu, mendoj se ne si musliman\u00eb e kemi keqlexuar hadithin: \u201cP\u00ebrhapeni selamin, t\u00eb paqtoheni!\u201d, ose nuk ia kemi dh\u00ebn\u00eb hakun e duhur k\u00ebsaj ftese p\u00ebr t\u00eb jetuar n\u00eb harmoni e v\u00ebllaz\u00ebri t\u00eb plot\u00eb me nj\u00ebri-tjetrin, por edhe me bot\u00ebn mbar\u00eb! E kemi lexuar cung\u00ebt, teksa d\u00ebshmojm\u00eb nj\u00eb gjendje paradoksale t\u00eb bot\u00ebs ton\u00eb islame, tama-tamam, si\u00e7 paralajm\u00ebronte Resulull-llahu (a.s): \u201cShum\u00eb, por shkum\u00eb, si shkuma e detit!\u201d&#8230;<\/p>\n<p>Sepse trup\u00ebzimi i Paqes me Zotin, me veten e tjetrin n\u00eb jet\u00eb, nis q\u00eb nga vet\u00ebdija, brumosja dhe edukimi me kultur\u00ebn e Paqes; n\u00eb p\u00ebrsh\u00ebndetje, n\u00eb komunikim, n\u00eb nijet, n\u00eb vepra, n\u00eb distancim nga paragjykimi, urrejtja, mendimi i keq p\u00ebr tjetrin, n\u00eb ruajtje nga haramet, n\u00eb frenim t\u00eb nervozizmit dhe n\u00eb ruajtje t\u00eb ekuilibrave n\u00eb jet\u00eb, q\u00eb t\u00eb gjitha k\u00ebto t\u00eb marra s\u00eb bashku, p\u00ebrb\u00ebjn\u00eb p\u00ebr ne musliman\u00ebt: F\u00c9! Dhe, feja e jon\u00eb \u00ebsht\u00eb e bazuar mbi themele t\u00eb forta humanizmi, paqeje, m\u00ebshire dhe tolerance!<\/p>\n<p>Nd\u00ebrkoh\u00eb, Zoti i gith\u00ebsis\u00eb i ka cil\u00ebsuar t\u00eb n\u00ebnshtruarit ndaj Tij me k\u00ebt\u00eb cil\u00ebsi: [E rob\u00ebrit e M\u00ebshiruesit jan\u00eb ata q\u00eb ecin n\u00eb tok\u00eb me but\u00ebsi, e kur atyre u drejtohen injorant\u00ebt me fjal\u00eb, ata thon\u00eb: \u201cPaqe!\u201d] &#8211; (Furkan: 63).<\/p>\n<p>T\u00eb dashurit e mi,<\/p>\n<p>T\u00eb gjith\u00eb ne si musliman\u00eb, duhet t\u00eb ndjehemi krenar p\u00ebr fen\u00eb ton\u00eb, p\u00ebr t\u00eb D\u00ebrguarin ton\u00eb, q\u00eb thoshte: \u201cJam d\u00ebrguar m\u00ebshir\u00eb dhe s&#8217;jam d\u00ebrguar d\u00ebnim!\u201d, p\u00ebr Librin ton\u00eb Kur\u2019anin, ku Zoti i gjith\u00ebsis\u00eb urdh\u00ebron: \u201cE ata, t\u00eb cil\u00ebt besuan dhe b\u00ebn\u00eb vepra t\u00eb mira, me urdhrin e Zotit t\u00eb tyre u vendos\u00ebn n\u00eb xhennete, n\u00ebn pallatet e t\u00eb cil\u00ebve rrjedhin lumenj, ku do t\u00eb jen\u00eb p\u00ebrgjithmon\u00eb. P\u00ebrsh\u00ebndetja e tyre n\u00eb t\u00eb \u00ebsht\u00eb &#8220;Selam&#8221; \u2013 paqe\u201d &#8211; (Ibrahim: 23). (Dhe, pa e jetuar Paqen e m\u00ebsuar nga Hz. Muhammedi (a.s) n\u00eb k\u00ebt\u00eb bot\u00eb, nuk ka shp\u00ebrblim n\u00eb jet\u00ebn e p\u00ebrtejme!).<\/p>\n<p>Nj\u00ebkoh\u00ebsisht, jemi t\u00eb ftuar ta lexojm\u00eb dhe ta p\u00ebrvet\u00ebsojm\u00eb si duhet historin\u00eb ton\u00eb t\u00eb lavdishme shekullore, sikurse e kemi p\u00ebr detyr\u00eb t\u2019ia m\u00ebsojm\u00eb f\u00ebmij\u00ebve tan\u00eb, t\u00eb af\u00ebrmve dhe krejt atyre q\u00eb akoma kan\u00eb dilema, (t\u00eb ndikuar edhe nga keqinformimi, padija e mosleximi), se vet\u00eb Islami \u00ebsht\u00eb Paqe dhe nd\u00ebrtim, ura komunikimi, siguri dhe bes\u00eb, hapje ndaj bot\u00ebs dhe toleranc\u00eb, moral fisnik dhe ekuilib\u00ebr dhe, mbi t\u00eb gjitha, vepra konkrete, para fjal\u00ebve dhe pretendimeve!<\/p>\n<p style=\"text-align: right;\"><strong>Imam Muhamed B. Sytari<\/strong><br \/>\n<em>Myfti i Zon\u00ebs Shkod\u00ebr<\/em><\/p>\n<p style=\"text-align: right;\"><em>(Nga referati i mbajtur n\u00eb Ulqin, m\u00eb 18 shkurt 2017,<\/em><br \/>\n<em>n\u00eb programin fetar me tem\u00eb: &#8220;Muhammedi (a.s), simbol i paqes&#8221;,<\/em><br \/>\n<em>organizuar nga Mexhlisi i Bashk\u00ebsis\u00eb Islame Ulqin)<\/em><\/p>\n","protected":false},"excerpt":{"rendered":"<div class=\"mh-excerpt\"><p>T\u00eb dashur dhe t\u00eb nderuar t\u00eb pranish\u00ebm, Transmetimet e sakta mbi ndodhit\u00eb e Isras\u00eb dhe Miraxhit, p\u00ebrmbajn\u00eb n\u00eb vetvete filozofin\u00eb e krejt d\u00ebrges\u00ebs udh\u00ebzuese t\u00eb Hz. Muhammedit (a.s), si Lajm\u00ebtar i Paqes, nd\u00ebrtues dhe mbrojt\u00ebs <a class=\"mh-excerpt-more\" href=\"http:\/\/muhamedsytari.net\/?p=1330\" title=\"HZ. MUHAMMEDI (A.S), LAJM\u00cbTAR I PAQES\u2026\">[&#8230;]<\/a><\/p>\n<\/div>","protected":false},"author":1,"featured_media":1331,"comment_status":"closed","ping_status":"closed","sticky":false,"template":"","format":"standard","meta":{"footnotes":""},"categories":[6],"tags":[],"class_list":["post-1330","post","type-post","status-publish","format-standard","has-post-thumbnail","hentry","category-pjesemarrje"],"_links":{"self":[{"href":"http:\/\/muhamedsytari.net\/index.php?rest_route=\/wp\/v2\/posts\/1330","targetHints":{"allow":["GET"]}}],"collection":[{"href":"http:\/\/muhamedsytari.net\/index.php?rest_route=\/wp\/v2\/posts"}],"about":[{"href":"http:\/\/muhamedsytari.net\/index.php?rest_route=\/wp\/v2\/types\/post"}],"author":[{"embeddable":true,"href":"http:\/\/muhamedsytari.net\/index.php?rest_route=\/wp\/v2\/users\/1"}],"replies":[{"embeddable":true,"href":"http:\/\/muhamedsytari.net\/index.php?rest_route=%2Fwp%2Fv2%2Fcomments&post=1330"}],"version-history":[{"count":1,"href":"http:\/\/muhamedsytari.net\/index.php?rest_route=\/wp\/v2\/posts\/1330\/revisions"}],"predecessor-version":[{"id":1332,"href":"http:\/\/muhamedsytari.net\/index.php?rest_route=\/wp\/v2\/posts\/1330\/revisions\/1332"}],"wp:featuredmedia":[{"embeddable":true,"href":"http:\/\/muhamedsytari.net\/index.php?rest_route=\/wp\/v2\/media\/1331"}],"wp:attachment":[{"href":"http:\/\/muhamedsytari.net\/index.php?rest_route=%2Fwp%2Fv2%2Fmedia&parent=1330"}],"wp:term":[{"taxonomy":"category","embeddable":true,"href":"http:\/\/muhamedsytari.net\/index.php?rest_route=%2Fwp%2Fv2%2Fcategories&post=1330"},{"taxonomy":"post_tag","embeddable":true,"href":"http:\/\/muhamedsytari.net\/index.php?rest_route=%2Fwp%2Fv2%2Ftags&post=1330"}],"curies":[{"name":"wp","href":"https:\/\/api.w.org\/{rel}","templated":true}]}}