{"id":1434,"date":"2017-03-20T22:12:20","date_gmt":"2017-03-20T22:12:20","guid":{"rendered":"http:\/\/muhamedsytari.net\/?p=1434"},"modified":"2017-03-21T07:13:31","modified_gmt":"2017-03-21T07:13:31","slug":"kjo-bote-do-ti-vije-nga-pas-duke-i-puthur-te-brendshmen-e-shapkave","status":"publish","type":"post","link":"http:\/\/muhamedsytari.net\/?p=1434","title":{"rendered":"&#8220;&#8230; kjo bot\u00eb do t&#8217;i vij\u00eb nga pas, duke i puthur t\u00eb brendshmen e shapkave&#8230;&#8221;"},"content":{"rendered":"<p style=\"text-align: justify;\">&#8220;Musliman do t\u00eb thot\u00eb dituri, nd\u00ebrgjegje, njerzillek, mir\u00ebsjellje e lart\u00eb, thjesht\u00ebsi.<\/p>\n<p style=\"text-align: justify;\">Musliman do t\u00eb thot\u00eb vullnet q\u00eb mb\u00ebrrin majat e qiejve, me durim dhe pun\u00eb t\u00eb palodhshme p\u00ebr bashkimin e fjal\u00ebs.<\/p>\n<div class=\"text_exposed_show\">\n<p style=\"text-align: justify;\">Muslimani nuk mendon ndryshe, vet\u00ebm se p\u00ebr arritjen e k\u00ebnaq\u00ebsis\u00eb s\u00eb All-llahut.<\/p>\n<p style=\"text-align: justify;\">O bir, n\u00ebse muslimani do t\u00eb jet\u00eb i sinqert\u00eb me All-llahun, kjo bot\u00eb do t&#8217;i vij\u00eb nga pas, duke i puthur t\u00eb brendshmen e shapkave q\u00eb ka veshur!&#8221;<\/p>\n<p style=\"text-align: justify;\">Ky p\u00ebrkufizim i mrekulluesh\u00ebm i muslimanit, b\u00ebr\u00eb disa dekada m\u00eb par\u00eb nga Shejkh Ahmed Keftaro, m\u00eb ngacmoi, teksa shihja nga dritarja e aeroplanit vendin tim t\u00eb shtrenjt\u00eb, n\u00eb kthim nga vendet e shenjta.<\/p>\n<p style=\"text-align: justify;\">Pavar\u00ebsisht krizave q\u00eb kalon ky vend, duke nisur nga keqadministrimi, zhvatja e pasurive t\u00eb tij n\u00eb heshtje, frika kolektive, korrupsioni, mungesa e siguris\u00eb, laicizmi selektiv dhe islamofobia, degradimi politik, ai gjyq\u00ebsor, arsimi, kultura, por jo vet\u00ebm.<\/p>\n<p style=\"text-align: justify;\">Pavar\u00ebsisht krizave t\u00eb identitetit fetar dhe atyre t\u00eb vet\u00eb institucioneve tona fetare n\u00eb tranzicion prej 27 vitesh, degradimit t\u00eb mendimit fetar dhe keqmenaxhimit t\u00eb tij, munges\u00ebs s\u00eb infrastrukturave solide p\u00ebr rim\u00ebk\u00ebmbjen e mendimit elitar islam, n\u00eb ve\u00e7anti, keqp\u00ebrdorimit t\u00eb trash\u00ebgimis\u00eb son\u00eb shekullore nga pasionant\u00eb jokompetent\u00eb, keqinterpretimi i historis\u00eb son\u00eb islame, por jo vet\u00ebm.<\/p>\n<p style=\"text-align: justify;\">Pavar\u00ebsisht k\u00ebsaj dhe asaj, ekziston edhe nj\u00eb rrezik, para t\u00eb cilit nuk duhet heshtur dhe duhet ngritur z\u00ebri me t\u00eb madhe: ai i shuarjes s\u00eb organizuar dhe institucionalizimi i heshtjes s\u00eb z\u00ebrit musliman n\u00eb k\u00ebt\u00eb shoq\u00ebri, p\u00ebr pasoj\u00eb asimilimi fetar, ulja e nivelit, inferioriteti, inekzistenca!<\/p>\n<p style=\"text-align: justify;\">Muslimani, p\u00ebrtej komploteve dhe tendencave, armiq\u00ebsive shekullore dhe p\u00ebrpjekjeve t\u00eb vazhdueshme kund\u00ebr tij n\u00eb jet\u00eb, punon pa nd\u00ebrprerje, me sinqeritet dhe p\u00ebrkushtim, p\u00ebr aritjen e k\u00ebnaq\u00ebsis\u00eb s\u00eb All-llahut n\u00eb jet\u00eb!<\/p>\n<p style=\"text-align: justify;\">Sepse angazhimi p\u00ebr fitimin e k\u00ebnaq\u00ebsis\u00eb s\u00eb dikujt tjet\u00ebr, pos Tij, ka rezultuar p\u00ebrher\u00eb flagranc\u00eb d\u00ebshp\u00ebruese p\u00ebr t\u00eb sotmen dhe t\u00eb ardhmen!<\/p>\n<p style=\"text-align: justify;\">Musliman do t\u00eb thot\u00eb t\u00eb jetosh me krenari legjitime dhe i \u00e7liruar nga komplekset, cilido kompleks!<\/p>\n<p style=\"text-align: right;\"><strong>Imam Muhamed B. Sytari<\/strong><br \/>\n<em>Shkod\u00ebr, m\u00eb 20 mars 2017<\/em><\/p>\n<\/div>\n","protected":false},"excerpt":{"rendered":"<div class=\"mh-excerpt\"><p>&#8220;Musliman do t\u00eb thot\u00eb dituri, nd\u00ebrgjegje, njerzillek, mir\u00ebsjellje e lart\u00eb, thjesht\u00ebsi. Musliman do t\u00eb thot\u00eb vullnet q\u00eb mb\u00ebrrin majat e qiejve, me durim dhe pun\u00eb t\u00eb palodhshme p\u00ebr bashkimin e fjal\u00ebs. Muslimani nuk mendon ndryshe, <a class=\"mh-excerpt-more\" href=\"http:\/\/muhamedsytari.net\/?p=1434\" title=\"&#8220;&#8230; kjo bot\u00eb do t&#8217;i vij\u00eb nga pas, duke i puthur t\u00eb brendshmen e shapkave&#8230;&#8221;\">[&#8230;]<\/a><\/p>\n<\/div>","protected":false},"author":1,"featured_media":1435,"comment_status":"closed","ping_status":"closed","sticky":false,"template":"","format":"standard","meta":{"footnotes":""},"categories":[2],"tags":[],"class_list":["post-1434","post","type-post","status-publish","format-standard","has-post-thumbnail","hentry","category-editorial"],"_links":{"self":[{"href":"http:\/\/muhamedsytari.net\/index.php?rest_route=\/wp\/v2\/posts\/1434","targetHints":{"allow":["GET"]}}],"collection":[{"href":"http:\/\/muhamedsytari.net\/index.php?rest_route=\/wp\/v2\/posts"}],"about":[{"href":"http:\/\/muhamedsytari.net\/index.php?rest_route=\/wp\/v2\/types\/post"}],"author":[{"embeddable":true,"href":"http:\/\/muhamedsytari.net\/index.php?rest_route=\/wp\/v2\/users\/1"}],"replies":[{"embeddable":true,"href":"http:\/\/muhamedsytari.net\/index.php?rest_route=%2Fwp%2Fv2%2Fcomments&post=1434"}],"version-history":[{"count":1,"href":"http:\/\/muhamedsytari.net\/index.php?rest_route=\/wp\/v2\/posts\/1434\/revisions"}],"predecessor-version":[{"id":1436,"href":"http:\/\/muhamedsytari.net\/index.php?rest_route=\/wp\/v2\/posts\/1434\/revisions\/1436"}],"wp:featuredmedia":[{"embeddable":true,"href":"http:\/\/muhamedsytari.net\/index.php?rest_route=\/wp\/v2\/media\/1435"}],"wp:attachment":[{"href":"http:\/\/muhamedsytari.net\/index.php?rest_route=%2Fwp%2Fv2%2Fmedia&parent=1434"}],"wp:term":[{"taxonomy":"category","embeddable":true,"href":"http:\/\/muhamedsytari.net\/index.php?rest_route=%2Fwp%2Fv2%2Fcategories&post=1434"},{"taxonomy":"post_tag","embeddable":true,"href":"http:\/\/muhamedsytari.net\/index.php?rest_route=%2Fwp%2Fv2%2Ftags&post=1434"}],"curies":[{"name":"wp","href":"https:\/\/api.w.org\/{rel}","templated":true}]}}