{"id":1604,"date":"2017-05-03T06:56:35","date_gmt":"2017-05-03T06:56:35","guid":{"rendered":"http:\/\/muhamedsytari.net\/?p=1604"},"modified":"2017-05-03T07:31:50","modified_gmt":"2017-05-03T07:31:50","slug":"vellezerit-e-jusufit-a-s-9","status":"publish","type":"post","link":"http:\/\/muhamedsytari.net\/?p=1604","title":{"rendered":"V\u00ebllez\u00ebrit e Jusufit (a.s)&#8230; -9-"},"content":{"rendered":"<p style=\"text-align: justify;\">Hafiz Ali Kor\u00e7a rahmet past\u00eb, botoi n\u00eb vitin 1923 vepr\u00ebn e tij: &#8220;Jusufi me Zelihan\u00eb&#8221;, ku p\u00ebrshkroi n\u00eb vargje edhe ngjarjen e v\u00ebllez\u00ebrve t\u00eb Jusufit (a.s).<\/p>\n<p style=\"text-align: justify;\">N\u00eb p\u00ebrshtatjen e tij t\u00eb mrekullueshme t\u00eb k\u00ebtij rr\u00ebfimi kur&#8217;anor, shkruan:<\/p>\n<p style=\"text-align: justify;\">Jakubit Zot i v\u00ebrtet\u00eb<br \/>\nDjem i fali dymb\u00ebdhjet\u00eb.<\/p>\n<p style=\"text-align: justify;\">Jusufn\u00eb pat m\u00eb t\u00eb mbar\u00eb<br \/>\nDhe prej gjirit s&#8217;e pat ndar\u00eb.<\/p>\n<p style=\"text-align: justify;\">I tha t&#8217;et nj\u00eb dit\u00eb djali:<br \/>\n&#8220;N&#8217;\u00ebnd\u00ebr hipa maj\u00eb mali<\/p>\n<p style=\"text-align: justify;\">Rreth e qark drur\u00ebt mbuluar<br \/>\nBu\u00e7et mburim i kulluar<\/p>\n<p style=\"text-align: justify;\">Zbrit\u00ebn yje nj\u00ebmb\u00ebdhjet\u00eb<br \/>\nDjelli, h\u00ebna tat\u00ebpjet\u00eb,<\/p>\n<p style=\"text-align: justify;\">T\u00eb tremb\u00ebdhjet\u00eb m&#8217;u fal\u00ebn<br \/>\nAs m\u00eb thua \u00e7&#8217;do m\u00eb dal\u00ebn?&#8221;<\/p>\n<p style=\"text-align: justify;\">&#8220;Bir njeriu t\u00eb mos i-a thuash!<br \/>\n\u00cbndr\u00ebn, po t\u00eb m\u00eb duash,<\/p>\n<p style=\"text-align: justify;\">T&#8217;yt v\u00ebllez\u00ebr po t&#8217;a din\u00eb<br \/>\nDo p\u00ebsosh prej syresh tin\u00eb.<\/p>\n<p style=\"text-align: justify;\">N\u00eb zem\u00ebr peng u ka mbetur<br \/>\nNga nakari jan\u00eb tretur&#8221;.<br \/>\n&#8230;<\/p>\n<p style=\"text-align: justify;\">Dhe, ka nj\u00eb p\u00ebrshkrim t\u00eb bukur p\u00ebr v\u00ebllez\u00ebrit e Jusufit (a.s), kur erdh\u00ebn para t\u00eb atit:<\/p>\n<p style=\"text-align: justify;\">N\u00eb m\u00ebngjes me t\u00eb gdhir\u00eb<br \/>\nU ngritn\u00eb me nj\u00eb d\u00ebshir\u00eb.<\/p>\n<p style=\"text-align: justify;\">Ujq\u00ebt u ben\u00eb si shqera<br \/>\nKur i hyn\u00eb t&#8217;et nga dera.<\/p>\n<p style=\"text-align: justify;\">Ndenj\u00eb n\u00eb gjunj\u00eb dhe zun\u00eb<br \/>\nDhelp\u00ebrisht t\u00eb b\u00ebjn\u00eb pun\u00eb.<br \/>\n&#8230;<\/p>\n<p style=\"text-align: justify;\">Rahmet past\u00eb i madhi Hafiz Ali Kor\u00e7a&#8230; \ud83d\ude42<\/p>\n<p style=\"text-align: right;\"><em>3.5.2017<\/em><\/p>\n","protected":false},"excerpt":{"rendered":"<div class=\"mh-excerpt\"><p>Hafiz Ali Kor\u00e7a rahmet past\u00eb, botoi n\u00eb vitin 1923 vepr\u00ebn e tij: &#8220;Jusufi me Zelihan\u00eb&#8221;, ku p\u00ebrshkroi n\u00eb vargje edhe ngjarjen e v\u00ebllez\u00ebrve t\u00eb Jusufit (a.s). N\u00eb p\u00ebrshtatjen e tij t\u00eb mrekullueshme t\u00eb k\u00ebtij rr\u00ebfimi <a class=\"mh-excerpt-more\" href=\"http:\/\/muhamedsytari.net\/?p=1604\" title=\"V\u00ebllez\u00ebrit e Jusufit (a.s)&#8230; -9-\">[&#8230;]<\/a><\/p>\n<\/div>","protected":false},"author":1,"featured_media":1605,"comment_status":"closed","ping_status":"closed","sticky":false,"template":"","format":"standard","meta":{"footnotes":""},"categories":[11],"tags":[],"class_list":["post-1604","post","type-post","status-publish","format-standard","has-post-thumbnail","hentry","category-meditime"],"_links":{"self":[{"href":"http:\/\/muhamedsytari.net\/index.php?rest_route=\/wp\/v2\/posts\/1604","targetHints":{"allow":["GET"]}}],"collection":[{"href":"http:\/\/muhamedsytari.net\/index.php?rest_route=\/wp\/v2\/posts"}],"about":[{"href":"http:\/\/muhamedsytari.net\/index.php?rest_route=\/wp\/v2\/types\/post"}],"author":[{"embeddable":true,"href":"http:\/\/muhamedsytari.net\/index.php?rest_route=\/wp\/v2\/users\/1"}],"replies":[{"embeddable":true,"href":"http:\/\/muhamedsytari.net\/index.php?rest_route=%2Fwp%2Fv2%2Fcomments&post=1604"}],"version-history":[{"count":3,"href":"http:\/\/muhamedsytari.net\/index.php?rest_route=\/wp\/v2\/posts\/1604\/revisions"}],"predecessor-version":[{"id":1608,"href":"http:\/\/muhamedsytari.net\/index.php?rest_route=\/wp\/v2\/posts\/1604\/revisions\/1608"}],"wp:featuredmedia":[{"embeddable":true,"href":"http:\/\/muhamedsytari.net\/index.php?rest_route=\/wp\/v2\/media\/1605"}],"wp:attachment":[{"href":"http:\/\/muhamedsytari.net\/index.php?rest_route=%2Fwp%2Fv2%2Fmedia&parent=1604"}],"wp:term":[{"taxonomy":"category","embeddable":true,"href":"http:\/\/muhamedsytari.net\/index.php?rest_route=%2Fwp%2Fv2%2Fcategories&post=1604"},{"taxonomy":"post_tag","embeddable":true,"href":"http:\/\/muhamedsytari.net\/index.php?rest_route=%2Fwp%2Fv2%2Ftags&post=1604"}],"curies":[{"name":"wp","href":"https:\/\/api.w.org\/{rel}","templated":true}]}}