{"id":1731,"date":"2017-05-26T11:02:39","date_gmt":"2017-05-26T11:02:39","guid":{"rendered":"http:\/\/muhamedsytari.net\/?p=1731"},"modified":"2017-09-05T06:03:39","modified_gmt":"2017-09-05T06:03:39","slug":"mesazh-me-rastin-e-fillimit-te-muajit-ramazan-14382017","status":"publish","type":"post","link":"http:\/\/muhamedsytari.net\/?p=1731","title":{"rendered":"Mesazh me rastin e Fillimit t\u00eb Muajit Ramazan 1438\/2017"},"content":{"rendered":"<p style=\"text-align: justify;\"><strong>T\u00eb dashur dhe t\u00eb nderuar v\u00ebllez\u00ebr dhe motra, besimtar\u00eb musliman\u00eb, bashk\u00ebqytetar\u00eb,<\/strong><\/p>\n<p style=\"text-align: justify;\">N\u00ebp\u00ebrmjet k\u00ebtij mesazhi dua t\u2019ju p\u00ebrhajroj me zem\u00ebr, n\u00eb prag t\u00eb Muajit t\u00eb Madh\u00ebrish\u00ebm t\u00eb Ramazanit 1438\/2017, duke u lutur me shpirt q\u00eb Zoti i gjith\u00ebsis\u00eb t\u2019jua leht\u00ebsoj\u00eb agj\u00ebrimin e tij, sakrificat dhe p\u00ebrkushtimin p\u00ebr t\u2019u lart\u00ebsuar drejt shkall\u00ebve m\u00eb t\u00eb spikatura t\u00eb devotshm\u00ebris\u00eb n\u00eb jet\u00eb!<\/p>\n<p style=\"text-align: justify;\">Ky Muaj vjen si nj\u00eb mund\u00ebsi ndryshimi dhe p\u00ebrmir\u00ebsimi p\u00ebr jet\u00ebn e gjithsecilit prej nesh, n\u00ebp\u00ebrmjet kthimit t\u00eb sinqert\u00eb e me zem\u00ebr nga dyert e pendimit, adhurimit, bamir\u00ebsis\u00eb, rregullimit t\u00eb marr\u00ebdh\u00ebnieve familjare dhe atyre farefisnore, kthimit nga Kur\u2019ani p\u00ebr ta lexuar at\u00eb me meditim dhe p\u00ebrshpirtje, me q\u00ebllim angazhimin p\u00ebr t\u2019u veshur me moralin e ajeteve t\u00eb tij, n\u00eb rrug\u00ebtimet e p\u00ebrsosjes s\u00eb takvas\u00eb n\u00eb jet\u00ebn ton\u00eb.<\/p>\n<p style=\"text-align: justify;\">Ramazani \u00ebsht\u00eb Muaji i takimeve dhe i afrimeve, i shtimit t\u00eb adhurimeve dhe i kontrollimit t\u00eb nefsit, me q\u00ebllim mbylljen e shum\u00eb prej faqeve t\u00eb hutimit dhe gabimeve t\u00eb shkuara, si dhe hapjen e faqeve t\u00eb reja t\u00eb p\u00ebrkushtimit ndaj bes\u00ebs s\u00eb Zotit dhe nd\u00ebrtimit t\u00eb urave t\u00eb reja t\u00eb harmonis\u00eb dhe besimit n\u00eb shoq\u00ebri!<\/p>\n<p style=\"text-align: justify;\">Ramazani ka n\u00eb thelb t\u00eb tij element\u00eb t\u00eb shumt\u00eb hyjnor\u00eb, si: m\u00ebshira, falja, toleranca, harmonia, distancimi nga e keqja, dhuna, terrori, ekstremizmi e fanatizmi i verb\u00ebr e vrastar, q\u00eb prish \u00e7do ekuilib\u00ebr dhe shkat\u00ebrron \u00e7do ur\u00eb lidhjeje me tjetrin n\u00eb jet\u00eb! Fjal\u00ebkalimi i k\u00ebtij Muaji: \u201cUn\u00eb jam agj\u00ebruesh\u00ebm!\u201d, personifikon modelin e individit dhe shoq\u00ebris\u00eb s\u00eb p\u00ebrgjegjshme p\u00ebr veprat, sjelljet, fjal\u00ebt, si dhe d\u00ebshir\u00ebn e mir\u00eb t\u00eb nd\u00ebrtimit t\u00eb urave, distancimit nga \u00e7do mendim e veprim q\u00eb e d\u00ebmton tjetrin!<\/p>\n<p style=\"text-align: justify;\">Ju ftoj me zem\u00ebr q\u00eb ta jetojm\u00eb k\u00ebt\u00eb Muaj t\u00eb paqtimit dhe rritjes s\u00eb harmonis\u00eb s\u00eb besimit, si dhe t\u00eb trup\u00ebzojm\u00eb n\u00eb marr\u00ebdh\u00ebniet tona krejt element\u00ebt e tij hyjnor, q\u00eb na sh\u00ebrbejn\u00eb p\u00ebr t\u2019i dh\u00ebn\u00eb m\u00eb dinjitet e ndri\u00e7im, m\u00eb bukuri e vler\u00eb jet\u00ebs son\u00eb, marr\u00ebdh\u00ebnieve tona shoq\u00ebrore, vet\u00eb vlerave tona komb\u00ebtare!<\/p>\n<p style=\"text-align: justify;\">Me zem\u00ebr t\u00eb mir\u00eb Ramazanin, ju t\u00eb dashurit e mi, Shkodr\u00ebs s\u00eb dashur, Shqip\u00ebris\u00eb s\u00eb shtrenjt\u00eb, mbar\u00eb ymmetit islam!<\/p>\n<p style=\"text-align: justify;\">Paqja dhe bekimet e All-llahut M\u00ebshir\u00ebplot\u00eb mbulofshin me pelerin\u00ebn e Paqes mbar\u00eb bot\u00ebn ton\u00eb, krejt njer\u00ebzimin! Amin!<\/p>\n<p style=\"text-align: right;\"><strong>Imam Muhamed B. Sytari<\/strong><\/p>\n<p style=\"text-align: right;\"><em>Myfti i Zon\u00ebs Shkod\u00ebr<\/em><\/p>\n<p style=\"text-align: right;\">Shkod\u00ebr, m\u00eb 25 maj 2017<\/p>\n","protected":false},"excerpt":{"rendered":"<div class=\"mh-excerpt\"><p>T\u00eb dashur dhe t\u00eb nderuar v\u00ebllez\u00ebr dhe motra, besimtar\u00eb musliman\u00eb, bashk\u00ebqytetar\u00eb, N\u00ebp\u00ebrmjet k\u00ebtij mesazhi dua t\u2019ju p\u00ebrhajroj me zem\u00ebr, n\u00eb prag t\u00eb Muajit t\u00eb Madh\u00ebrish\u00ebm t\u00eb Ramazanit 1438\/2017, duke u lutur me shpirt q\u00eb Zoti <a class=\"mh-excerpt-more\" href=\"http:\/\/muhamedsytari.net\/?p=1731\" title=\"Mesazh me rastin e Fillimit t\u00eb Muajit Ramazan 1438\/2017\">[&#8230;]<\/a><\/p>\n<\/div>","protected":false},"author":1,"featured_media":1732,"comment_status":"closed","ping_status":"closed","sticky":false,"template":"","format":"standard","meta":{"footnotes":""},"categories":[9],"tags":[],"class_list":["post-1731","post","type-post","status-publish","format-standard","has-post-thumbnail","hentry","category-mesazhe"],"_links":{"self":[{"href":"http:\/\/muhamedsytari.net\/index.php?rest_route=\/wp\/v2\/posts\/1731","targetHints":{"allow":["GET"]}}],"collection":[{"href":"http:\/\/muhamedsytari.net\/index.php?rest_route=\/wp\/v2\/posts"}],"about":[{"href":"http:\/\/muhamedsytari.net\/index.php?rest_route=\/wp\/v2\/types\/post"}],"author":[{"embeddable":true,"href":"http:\/\/muhamedsytari.net\/index.php?rest_route=\/wp\/v2\/users\/1"}],"replies":[{"embeddable":true,"href":"http:\/\/muhamedsytari.net\/index.php?rest_route=%2Fwp%2Fv2%2Fcomments&post=1731"}],"version-history":[{"count":1,"href":"http:\/\/muhamedsytari.net\/index.php?rest_route=\/wp\/v2\/posts\/1731\/revisions"}],"predecessor-version":[{"id":1733,"href":"http:\/\/muhamedsytari.net\/index.php?rest_route=\/wp\/v2\/posts\/1731\/revisions\/1733"}],"wp:featuredmedia":[{"embeddable":true,"href":"http:\/\/muhamedsytari.net\/index.php?rest_route=\/wp\/v2\/media\/1732"}],"wp:attachment":[{"href":"http:\/\/muhamedsytari.net\/index.php?rest_route=%2Fwp%2Fv2%2Fmedia&parent=1731"}],"wp:term":[{"taxonomy":"category","embeddable":true,"href":"http:\/\/muhamedsytari.net\/index.php?rest_route=%2Fwp%2Fv2%2Fcategories&post=1731"},{"taxonomy":"post_tag","embeddable":true,"href":"http:\/\/muhamedsytari.net\/index.php?rest_route=%2Fwp%2Fv2%2Ftags&post=1731"}],"curies":[{"name":"wp","href":"https:\/\/api.w.org\/{rel}","templated":true}]}}