{"id":1823,"date":"2017-12-31T20:42:55","date_gmt":"2017-12-31T20:42:55","guid":{"rendered":"http:\/\/muhamedsytari.net\/?p=1823"},"modified":"2017-12-31T20:42:55","modified_gmt":"2017-12-31T20:42:55","slug":"muslimani-pertej-propagandave-te-investuara","status":"publish","type":"post","link":"http:\/\/muhamedsytari.net\/?p=1823","title":{"rendered":"Muslimani, p\u00ebrtej propagandave t\u00eb investuara&#8230;"},"content":{"rendered":"<p style=\"text-align: justify;\">Islami e don muslimanin kudo n\u00eb jet\u00eb, n\u00eb \u00e7do fush\u00eb t\u00eb saj, me moral dhe mir\u00ebsjellje, shembull q\u00eb frym\u00ebzon, model q\u00eb t\u00ebrheq rreth vetes v\u00ebmendjen e kujtdo q\u00eb k\u00ebrkon lart\u00ebsit\u00eb dhe personalizimin e tyre n\u00eb praktik\u00ebn e jetuar!<\/p>\n<p style=\"text-align: justify;\">Muslimani nuk \u00ebsht\u00eb njeri i izoluar, sikurse nuk ka nevoj\u00eb p\u00ebr frym\u00ebzime diktuese n\u00eb raportet q\u00eb ka me fen\u00eb e tij, aq m\u00eb tep\u00ebr kur k\u00ebto frym\u00ebzime vijn\u00eb p\u00ebrtej pragut t\u00eb jasht\u00ebm t\u00eb der\u00ebs s\u00eb sht\u00ebpis\u00eb!<\/p>\n<div class=\"text_exposed_show\">\n<p style=\"text-align: justify;\">Nuk ka Islam t\u00eb vjet\u00ebr dhe Islam t\u00eb ri! Nuk ka Islam shqiptar e Islam arab, as Islam fanatik e Islam t\u00eb moderuar! K\u00ebto jan\u00eb propaganda t\u00eb investuara p\u00ebr t\u00eb krijuar p\u00ebrher\u00eb hendeqe n\u00eb raportet tona me nj\u00ebri-tjetrin, me tekstet tona t\u00eb shenjta, me t\u00eb shkuar\u00ebn dhe njer\u00ebzit e saj, me historin\u00eb dhe kontekstet e saj, me hyjnoren dhe njer\u00ebzoren&#8230;<\/p>\n<p style=\"text-align: justify;\">Musliman b\u00ebhesh me p\u00ebrpjekje, q\u00eb nis nga sakrifica e prind\u00ebve p\u00ebr t\u00eb krijuar modele t\u00eb gjalla tekstesh t\u00eb shenjta para syve t\u00eb f\u00ebmij\u00ebs dhe vazhdon gradualisht me xhihadin e brendsh\u00ebm p\u00ebr t\u00eb ngjitur shkall\u00ebt e takvas\u00eb, shoq\u00ebruar me parime leht\u00ebsisht te praktikueshme, jo t\u00eb v\u00ebshtira p\u00ebr t\u00eb rr\u00ebshqitur n\u00eb marr\u00ebdh\u00ebniet e pakujdesshme me jet\u00ebn, gjat\u00eb f\u00ebrkimeve t\u00eb hutuara me p\u00ebrditshm\u00ebrin\u00eb, me hipokrizin\u00eb, frik\u00ebn, pamund\u00ebsin\u00eb, hilet, meskinitetin e dob\u00ebsin\u00eb e karakterit!<\/p>\n<p style=\"text-align: justify;\">Musliman q\u00ebndron dhe forcohesh, sa her\u00eb ballafaqohesh me teste t\u00eb papritura, q\u00eb t\u00eb sprovojn\u00eb n\u00eb durim e besim, n\u00eb dije e dinjitet, n\u00eb moral e krenari, n\u00eb nd\u00ebrgjegje e ndershm\u00ebri.<\/p>\n<p style=\"text-align: justify;\">Aft\u00ebsia p\u00ebr t\u00eb nxjerr\u00eb n\u00eb pah tiparet e brumosjes s\u00eb drejt\u00eb t\u00eb tabanit t\u00eb sh\u00ebndosh\u00eb familjar, formimin e argumentuar dhe shembujt e shenjt\u00ebruar t\u00eb besimit n\u00eb brend\u00ebsin\u00eb t\u00ebnde, nga leximet e shekujve t\u00eb shkuar, jan\u00eb ato q\u00eb shenjojn\u00eb vler\u00ebn dhe grad\u00ebn reale t\u00eb qenies t\u00ebnde musliman. P\u00ebrndryshe, \u00e7do pretendim i pav\u00ebrtetuar n\u00eb praktika konkrete, mbetet d\u00ebshmi paradoksale e nj\u00eb mungese ekuilibri n\u00eb marr\u00ebdh\u00ebnie me Islamin t\u00ebnd!<\/p>\n<p style=\"text-align: justify;\">Muslimani nuk jeton p\u00ebr t\u00eb fituar p\u00eblqimin e hallkut, aq m\u00eb tep\u00ebr t\u00eb dikujt q\u00eb s\u2019ka asnj\u00eb lidhje me fen\u00eb dhe formimin e tij! Muslimani jeton dhe punon p\u00ebr t\u00eb fituar k\u00ebnaq\u00ebsin\u00eb e Krijuesit t\u00eb tij, i Cili e udh\u00ebzon t\u00eb jet\u00eb m\u00ebshir\u00eb e dhuruar p\u00ebr k\u00ebdo prej krijesave t\u00eb Tij, n\u00eb k\u00ebt\u00eb jet\u00eb t\u00eb p\u00ebrkohshme, t\u00eb cil\u00ebn \u00ebsht\u00eb ftuar ta jetoj\u00eb me dinjitet e krenari!<\/p>\n<p style=\"text-align: right;\"><strong>Muhamed B. Sytari<\/strong><br \/>\n<em>Shkod\u00ebr, 31 dhjetor 2017<\/em><\/p>\n<\/div>\n","protected":false},"excerpt":{"rendered":"<div class=\"mh-excerpt\"><p>Islami e don muslimanin kudo n\u00eb jet\u00eb, n\u00eb \u00e7do fush\u00eb t\u00eb saj, me moral dhe mir\u00ebsjellje, shembull q\u00eb frym\u00ebzon, model q\u00eb t\u00ebrheq rreth vetes v\u00ebmendjen e kujtdo q\u00eb k\u00ebrkon lart\u00ebsit\u00eb dhe personalizimin e tyre n\u00eb <a class=\"mh-excerpt-more\" href=\"http:\/\/muhamedsytari.net\/?p=1823\" title=\"Muslimani, p\u00ebrtej propagandave t\u00eb investuara&#8230;\">[&#8230;]<\/a><\/p>\n<\/div>","protected":false},"author":1,"featured_media":1824,"comment_status":"closed","ping_status":"closed","sticky":false,"template":"","format":"standard","meta":{"footnotes":""},"categories":[2],"tags":[],"class_list":["post-1823","post","type-post","status-publish","format-standard","has-post-thumbnail","hentry","category-editorial"],"_links":{"self":[{"href":"http:\/\/muhamedsytari.net\/index.php?rest_route=\/wp\/v2\/posts\/1823","targetHints":{"allow":["GET"]}}],"collection":[{"href":"http:\/\/muhamedsytari.net\/index.php?rest_route=\/wp\/v2\/posts"}],"about":[{"href":"http:\/\/muhamedsytari.net\/index.php?rest_route=\/wp\/v2\/types\/post"}],"author":[{"embeddable":true,"href":"http:\/\/muhamedsytari.net\/index.php?rest_route=\/wp\/v2\/users\/1"}],"replies":[{"embeddable":true,"href":"http:\/\/muhamedsytari.net\/index.php?rest_route=%2Fwp%2Fv2%2Fcomments&post=1823"}],"version-history":[{"count":1,"href":"http:\/\/muhamedsytari.net\/index.php?rest_route=\/wp\/v2\/posts\/1823\/revisions"}],"predecessor-version":[{"id":1825,"href":"http:\/\/muhamedsytari.net\/index.php?rest_route=\/wp\/v2\/posts\/1823\/revisions\/1825"}],"wp:featuredmedia":[{"embeddable":true,"href":"http:\/\/muhamedsytari.net\/index.php?rest_route=\/wp\/v2\/media\/1824"}],"wp:attachment":[{"href":"http:\/\/muhamedsytari.net\/index.php?rest_route=%2Fwp%2Fv2%2Fmedia&parent=1823"}],"wp:term":[{"taxonomy":"category","embeddable":true,"href":"http:\/\/muhamedsytari.net\/index.php?rest_route=%2Fwp%2Fv2%2Fcategories&post=1823"},{"taxonomy":"post_tag","embeddable":true,"href":"http:\/\/muhamedsytari.net\/index.php?rest_route=%2Fwp%2Fv2%2Ftags&post=1823"}],"curies":[{"name":"wp","href":"https:\/\/api.w.org\/{rel}","templated":true}]}}