{"id":2021,"date":"2018-12-10T19:50:56","date_gmt":"2018-12-10T19:50:56","guid":{"rendered":"http:\/\/muhamedsytari.net\/?p=2021"},"modified":"2018-12-10T19:50:56","modified_gmt":"2018-12-10T19:50:56","slug":"amaneti-i-resulull-llahut-a-s-lexohet-akoma-sot","status":"publish","type":"post","link":"http:\/\/muhamedsytari.net\/?p=2021","title":{"rendered":"Amaneti i Resulull-llahut (a.s.) lexohet akoma sot..!"},"content":{"rendered":"<p style=\"text-align: justify;\">Si sot, dy vjet m\u00eb par\u00eb nd\u00ebrroi jet\u00eb axha im, Bashkim H. Sytari. Akoma sot, e kujtoj p\u00ebr vetit\u00eb, shpirtin dhe karizm\u00ebn e tij, q\u00eb e karakterizonin. Dhuronte paqe e fytyr\u00eb t\u00eb qeshur, edhe n\u00eb dhimbjen e tij! Me k\u00ebt\u00eb imazh u largua nga kjo bot\u00eb, duke na krijuar boshll\u00ebk, q\u00eb n\u00eb momente t\u00eb caktuara, as kujtimet p\u00ebr t\u00eb s&#8217;e mbushin dot..! Ishte dhe mbeti m\u00eb i madh se kujtimet e mira q\u00eb la pas vete!<\/p>\n<p style=\"text-align: justify;\">Po v\u00ebshtroja foton e tij dhe pa\u00a0<span class=\"text_exposed_show\">harfet e k\u00ebsaj bote, n\u00eb mes nesh u zhvillua nj\u00eb bashk\u00ebbisedim i gjat\u00eb, mb\u00ebshtetur mbi pragun e memories, koh\u00ebve q\u00eb shkuan e q\u00eb m\u00eb nuk kthehen n\u00eb k\u00ebt\u00eb bot\u00eb. Fol\u00ebm e fol\u00ebm dhe, pasi u ndam\u00eb, u ula t\u00eb shkruaj k\u00ebto rreshta.<\/span><\/p>\n<div class=\"text_exposed_show\">\n<p style=\"text-align: justify;\">T&#8217;i duam njer\u00ebzit sa jan\u00eb n\u00eb mesin ton\u00eb, t\u00eb dhurojm\u00eb e t\u00eb marrim dashamir\u00ebsi, t\u00eb lutemi p\u00ebr nj\u00ebri-tjetrin e mos ta zvog\u00eblojm\u00eb hap\u00ebsir\u00ebn e zemr\u00ebs, q\u00eb Zoti e krijoi sa nj\u00eb univers!<\/p>\n<p style=\"text-align: justify;\">Edhe \u00e7a se t\u00eb ngeli hatri? Edhe \u00e7a se dikush t\u00eb tha nj\u00eb fjal\u00eb? Edhe \u00e7a se nuk t\u00eb foli? Edhe \u00e7a se nuk t\u00eb ftoi? Edhe \u00e7a se nuk ta p\u00ebrmendi nj\u00eb t\u00eb mir\u00eb, q\u00eb i ke b\u00ebr\u00eb? Edhe \u00e7a..?!<\/p>\n<p style=\"text-align: justify;\">Krejt meseleja mbaron tek k\u00ebto fjal\u00eb-amanet: &#8220;Pasha At\u00eb, n\u00eb dor\u00ebn e t\u00eb Cilit \u00ebsht\u00eb shpirti im, nuk do hyni n\u00eb xhennet, p\u00ebr pa besuar! Dhe, nuk do arrini plot\u00ebsin\u00eb e besimit, p\u00ebr pa u dashur n\u00eb mes vete! A t&#8217;ju tregoj p\u00ebr di\u00e7ka, q\u00eb po e vepruat do t\u00eb duheni n\u00eb mes vete? P\u00ebrhapni paqen n\u00eb mes jush!&#8221;<\/p>\n<p style=\"text-align: justify;\">Selamin me goj\u00eb, paraprir\u00eb nga paqtimi i zemr\u00ebs, paqtimi i mendimit, paqtimi i fjal\u00ebs; fjal\u00ebs s\u00eb mir\u00eb, q\u00eb t\u00eb fal dinjitet dhe t\u00eb lart\u00ebson n\u00eb shkall\u00ebt e p\u00ebrgjigjes fisnike ndaj Ftes\u00ebs hyjnore: &#8220;Dhe, njer\u00ebzve t&#8217;u flisni me mir\u00ebsi!&#8221;.<\/p>\n<p style=\"text-align: justify;\">Para 15 shekujsh, kur i D\u00ebrguari i All-llahut (a.s.) jepte nj\u00eb porosi, nj\u00eb udh\u00ebzim a k\u00ebshill\u00eb, t\u00eb gjith\u00eb e dinin se, ato ishin dhunti e bekim p\u00ebr ta. I merrnin, i praktikonin n\u00eb mes vete, duke i kthyer n\u00eb virtyte, pastaj i p\u00ebrhapnin tek t\u00eb tjer\u00ebt, duk\u00eb shp\u00ebrndar\u00eb t\u00eb mir\u00ebn kudo, me besim n\u00eb madh\u00ebshtin\u00eb e saj!<\/p>\n<p style=\"text-align: justify;\">Prandaj, amaneti i Resulull-llahut (a.s.) lexohet akoma sot, si nj\u00eb drit\u00eb udh\u00ebzimi, q\u00eb na mbron nga devijimi: &#8220;P\u00ebrhapni paqen n\u00eb mes jush!&#8221;.<\/p>\n<p style=\"text-align: justify;\">Pyete veten, a \u00ebsht\u00eb n\u00eb gjendje ta shtrij\u00eb dor\u00ebn p\u00ebr t&#8217;i dh\u00ebn\u00eb bes\u00ebn Resulull-llahut..!<\/p>\n<p style=\"text-align: right;\"><strong>Imam Muhamed B. Sytari<\/strong><br \/>\n<em>Shkod\u00ebr, 10 dhjetor 2018<\/em><\/p>\n<\/div>\n","protected":false},"excerpt":{"rendered":"<div class=\"mh-excerpt\"><p>Si sot, dy vjet m\u00eb par\u00eb nd\u00ebrroi jet\u00eb axha im, Bashkim H. Sytari. Akoma sot, e kujtoj p\u00ebr vetit\u00eb, shpirtin dhe karizm\u00ebn e tij, q\u00eb e karakterizonin. Dhuronte paqe e fytyr\u00eb t\u00eb qeshur, edhe n\u00eb <a class=\"mh-excerpt-more\" href=\"http:\/\/muhamedsytari.net\/?p=2021\" title=\"Amaneti i Resulull-llahut (a.s.) lexohet akoma sot..!\">[&#8230;]<\/a><\/p>\n<\/div>","protected":false},"author":1,"featured_media":2022,"comment_status":"closed","ping_status":"closed","sticky":false,"template":"","format":"standard","meta":{"footnotes":""},"categories":[2],"tags":[],"class_list":["post-2021","post","type-post","status-publish","format-standard","has-post-thumbnail","hentry","category-editorial"],"_links":{"self":[{"href":"http:\/\/muhamedsytari.net\/index.php?rest_route=\/wp\/v2\/posts\/2021","targetHints":{"allow":["GET"]}}],"collection":[{"href":"http:\/\/muhamedsytari.net\/index.php?rest_route=\/wp\/v2\/posts"}],"about":[{"href":"http:\/\/muhamedsytari.net\/index.php?rest_route=\/wp\/v2\/types\/post"}],"author":[{"embeddable":true,"href":"http:\/\/muhamedsytari.net\/index.php?rest_route=\/wp\/v2\/users\/1"}],"replies":[{"embeddable":true,"href":"http:\/\/muhamedsytari.net\/index.php?rest_route=%2Fwp%2Fv2%2Fcomments&post=2021"}],"version-history":[{"count":1,"href":"http:\/\/muhamedsytari.net\/index.php?rest_route=\/wp\/v2\/posts\/2021\/revisions"}],"predecessor-version":[{"id":2023,"href":"http:\/\/muhamedsytari.net\/index.php?rest_route=\/wp\/v2\/posts\/2021\/revisions\/2023"}],"wp:featuredmedia":[{"embeddable":true,"href":"http:\/\/muhamedsytari.net\/index.php?rest_route=\/wp\/v2\/media\/2022"}],"wp:attachment":[{"href":"http:\/\/muhamedsytari.net\/index.php?rest_route=%2Fwp%2Fv2%2Fmedia&parent=2021"}],"wp:term":[{"taxonomy":"category","embeddable":true,"href":"http:\/\/muhamedsytari.net\/index.php?rest_route=%2Fwp%2Fv2%2Fcategories&post=2021"},{"taxonomy":"post_tag","embeddable":true,"href":"http:\/\/muhamedsytari.net\/index.php?rest_route=%2Fwp%2Fv2%2Ftags&post=2021"}],"curies":[{"name":"wp","href":"https:\/\/api.w.org\/{rel}","templated":true}]}}