{"id":2328,"date":"2019-09-22T07:44:35","date_gmt":"2019-09-22T07:44:35","guid":{"rendered":"https:\/\/muhamedsytari.net\/?p=2328"},"modified":"2019-10-06T08:08:07","modified_gmt":"2019-10-06T08:08:07","slug":"kurani-ishte-morali-i-tij","status":"publish","type":"post","link":"http:\/\/muhamedsytari.net\/?p=2328","title":{"rendered":"&#8220;Kur&#8217;ani ishte morali i tij!&#8221;\u2026"},"content":{"rendered":"\n<p>Hadithi: &#8220;M\u00eb i miri prej jush \u00ebsht\u00eb ai q\u00eb e m\u00ebson Kur&#8217;anin dhe ia m\u00ebson at\u00eb t\u00eb tjer\u00ebve&#8221;, na fton t\u00eb ndjekim shkall\u00ebt e lart\u00ebsimit n\u00eb jet\u00eb n\u00ebp\u00ebrmjet Kur&#8217;anit.<\/p>\n\n\n\n<p>Fillimisht duke m\u00ebsuar shkronjat e tij, pastaj leximin e rrjedhsh\u00ebm, pastaj m\u00ebsimin p\u00ebrmend\u00ebsh, pastaj kuptimin dhe interpretimet e ajeteve t\u00eb tij, pastaj praktikimin dhe d\u00ebshmimin me t\u00eb n\u00eb jet\u00eb, deri n\u00eb shkall\u00ebn e lart\u00eb, me t\u00eb cil\u00ebn karakterizohej Resulull-llahu (a.s.): &#8220;Kur&#8217;ani ishte morali i tij&#8221;, si\u00e7 na tregon Nana e jon\u00eb, Hz. Aishja, All-llahu qoft\u00eb i k\u00ebnaqur prej saj.<\/p>\n\n\n\n<p>Nj\u00ebkoh\u00ebsisht, t\u00eb mos mjaftohemi vet\u00ebm me veten ton\u00eb, por k\u00ebt\u00eb mir\u00ebsi ta p\u00ebrhapim gjithandej, duke m\u00ebsuar edhe t\u00eb tjer\u00ebt, n\u00eb nj\u00eb proces t\u00eb past\u00ebr n\u00eb sh\u00ebrbim t\u00eb lart\u00ebsimit t\u00eb Thirrjes Islame, me urt\u00ebsi, m\u00ebshir\u00eb e dituri!<\/p>\n\n\n\n<p>N\u00ebse e arrijm\u00eb k\u00ebt\u00eb, me p\u00ebrpjekje e sakrific\u00eb, do t\u00eb thot\u00eb se kemi merituar d\u00ebshmin\u00eb e lart\u00eb t\u00eb Resulull-llahut: &#8220;M\u00eb i miri prej jush\u2026&#8221;!<\/p>\n\n\n\n<p>Prandaj, mos t\u00eb mjaftohemi me leximet sip\u00ebrfaq\u00ebsore dhe praktikimet tekanjoze t\u00eb teksteve tona fetare! <\/p>\n\n\n\n<p>(Nga dersi i hadithit, sonte, m\u00eb 21\/9\/2019, pas akshamit n\u00eb xhamin\u00eb e &#8220;Dy Vajzave&#8221;)<\/p>\n\n\n\n<p><\/p>\n","protected":false},"excerpt":{"rendered":"<div class=\"mh-excerpt\"><p>Hadithi: &#8220;M\u00eb i miri prej jush \u00ebsht\u00eb ai q\u00eb e m\u00ebson Kur&#8217;anin dhe ia m\u00ebson at\u00eb t\u00eb tjer\u00ebve&#8221;, na fton t\u00eb ndjekim shkall\u00ebt e lart\u00ebsimit n\u00eb jet\u00eb n\u00ebp\u00ebrmjet Kur&#8217;anit. Fillimisht duke m\u00ebsuar shkronjat e tij, <a class=\"mh-excerpt-more\" href=\"http:\/\/muhamedsytari.net\/?p=2328\" title=\"&#8220;Kur&#8217;ani ishte morali i tij!&#8221;\u2026\">[&#8230;]<\/a><\/p>\n<\/div>","protected":false},"author":1,"featured_media":2327,"comment_status":"closed","ping_status":"closed","sticky":false,"template":"","format":"standard","meta":{"footnotes":""},"categories":[13],"tags":[],"class_list":["post-2328","post","type-post","status-publish","format-standard","has-post-thumbnail","hentry","category-derse"],"_links":{"self":[{"href":"http:\/\/muhamedsytari.net\/index.php?rest_route=\/wp\/v2\/posts\/2328","targetHints":{"allow":["GET"]}}],"collection":[{"href":"http:\/\/muhamedsytari.net\/index.php?rest_route=\/wp\/v2\/posts"}],"about":[{"href":"http:\/\/muhamedsytari.net\/index.php?rest_route=\/wp\/v2\/types\/post"}],"author":[{"embeddable":true,"href":"http:\/\/muhamedsytari.net\/index.php?rest_route=\/wp\/v2\/users\/1"}],"replies":[{"embeddable":true,"href":"http:\/\/muhamedsytari.net\/index.php?rest_route=%2Fwp%2Fv2%2Fcomments&post=2328"}],"version-history":[{"count":1,"href":"http:\/\/muhamedsytari.net\/index.php?rest_route=\/wp\/v2\/posts\/2328\/revisions"}],"predecessor-version":[{"id":2329,"href":"http:\/\/muhamedsytari.net\/index.php?rest_route=\/wp\/v2\/posts\/2328\/revisions\/2329"}],"wp:featuredmedia":[{"embeddable":true,"href":"http:\/\/muhamedsytari.net\/index.php?rest_route=\/wp\/v2\/media\/2327"}],"wp:attachment":[{"href":"http:\/\/muhamedsytari.net\/index.php?rest_route=%2Fwp%2Fv2%2Fmedia&parent=2328"}],"wp:term":[{"taxonomy":"category","embeddable":true,"href":"http:\/\/muhamedsytari.net\/index.php?rest_route=%2Fwp%2Fv2%2Fcategories&post=2328"},{"taxonomy":"post_tag","embeddable":true,"href":"http:\/\/muhamedsytari.net\/index.php?rest_route=%2Fwp%2Fv2%2Ftags&post=2328"}],"curies":[{"name":"wp","href":"https:\/\/api.w.org\/{rel}","templated":true}]}}