{"id":2609,"date":"2020-06-22T19:52:47","date_gmt":"2020-06-22T19:52:47","guid":{"rendered":"https:\/\/muhamedsytari.net\/?p=2609"},"modified":"2020-06-29T19:31:00","modified_gmt":"2020-06-29T19:31:00","slug":"ne-vijme-ne-edhe-shkojme-2","status":"publish","type":"post","link":"http:\/\/muhamedsytari.net\/?p=2609","title":{"rendered":"Ne vijm\u00eb.., ne edhe shkojm\u00eb..!"},"content":{"rendered":"\n<p>Sot, shkova n\u00eb varrezat e qytetit. Nj\u00eb pafund\u00ebsi profilesh t\u00eb njohura e t\u00eb panjohura njer\u00ebzish, disa prej t\u00eb cil\u00ebve di\u00e7 m\u00eb kujtojn\u00eb e, disa, jo..! Nj\u00eb num\u00ebr i madh emrash. Portrete t\u00eb njohur, t\u00eb tjer\u00eb t\u00eb panjohur. Emra t\u00eb shquar, t\u00eb tjer\u00eb jo edhe aq.<\/p>\n\n\n\n<p>Ishte edhe prof. dr. filani, edhe disa pedagog\u00eb pash\u00eb. Sa e sa mjek\u00eb t\u00eb njohur, p\u00ebr t\u00eb cil\u00ebt, shum\u00eb koh\u00eb m\u00eb par\u00eb, mendoja se ata nuk vdesin kurr\u00eb\u2026<\/p>\n\n\n\n<p>Pastaj pash\u00eb edhe ca sportist\u00eb, disa komshi, edhe nj\u00eb roje t\u00eb veshur polic njoha, edhe nj\u00eb mik t\u00eb njohur, q\u00eb m\u00eb pat falur nj\u00eb pal\u00eb tesbih\u00eb t\u00eb shtrenjt\u00eb p\u00ebr simbolik\u00ebn e tyre, pash\u00eb\u2026<\/p>\n\n\n\n<p>Pastaj gjyshi me nan\u00ebn, edhe motra ime e vog\u00ebl, dy axhat e mi e ca njer\u00ebz t\u00eb familjes, q\u00eb kur i pash\u00eb varret e tyre se \u00e7&#8217;ndjeva, se \u00e7&#8217;p\u00ebrjetova, se \u00e7&#8217;m\u00eb erdhi nd\u00ebr mend, teksa ulur pran\u00eb tyre u lexoja nj\u00eb &#8220;Fatiha&#8221;, b\u00ebja nj\u00eb du\u00e1 e, si n\u00eb nj\u00eb shirit me xhiro t\u00eb shpejta, m\u00eb vinin lloj-lloj kujtimesh, nj\u00ebri m\u00eb i bukur se tjetri\u2026<\/p>\n\n\n\n<p>Pastaj gjeta edhe nj\u00eb myfti e nj\u00eb hafiz, nj\u00eb sheh e nj\u00eb dervish, nj\u00eb muezin e nj\u00eb plak t\u00eb urt\u00eb, q\u00eb e mbaj mend sa hije\u00ebmb\u00ebl q\u00eb ishte, teksa vinte n\u00eb xhami, n\u00eb heshtjen e mosh\u00ebs s\u00eb tij plot paqe e drit\u00eb\u2026<\/p>\n\n\n\n<p>Musliman\u00eb, t\u00eb krishter\u00eb, ateist\u00eb e p\u00ebrtej tyre. Subhanallah, varrezat jan\u00eb mbushur me emra e portrete, q\u00eb patjet\u00ebr q\u00eb do t\u00eb vinte nj\u00eb dit\u00eb dhe do pushonin n\u00eb k\u00ebt\u00eb prag\u2026<\/p>\n\n\n\n<p>Edhe mua do m\u00eb vij\u00eb dita. Kur do m\u00eb vij\u00eb dita ime? Ku do m\u00eb vij\u00eb dita ime? A thua do m\u00eb plot\u00ebsohet lutja..?<\/p>\n\n\n\n<p>Ne vijm\u00eb pa u pyetur dhe largohemi pa u pyetur. Ne vijm\u00eb q\u00eb t\u00eb nd\u00ebrtojm\u00eb, por shpesh b\u00ebjm\u00eb t\u00eb kund\u00ebrt\u00ebn! Ne vijm\u00eb q\u00eb t\u00eb mbjellim at\u00eb q\u00eb do t\u00eb korrim pas pragut t\u00eb varrit..!<\/p>\n\n\n\n<p>Ne vijm\u00eb.., ne edhe shkojm\u00eb..! (Subhanallah.., edhe shkojm\u00eb\u2026 Sa pak mendojm\u00eb..!)<\/p>\n\n\n\n<p class=\"has-text-align-right\"><strong>Imam Muhamed B. Sytari<\/strong><br><em>Shkod\u00ebr, 22 qershor 2020<\/em><\/p>\n","protected":false},"excerpt":{"rendered":"<div class=\"mh-excerpt\"><p>Sot, shkova n\u00eb varrezat e qytetit. Nj\u00eb pafund\u00ebsi profilesh t\u00eb njohura e t\u00eb panjohura njer\u00ebzish, disa prej t\u00eb cil\u00ebve di\u00e7 m\u00eb kujtojn\u00eb e, disa, jo..! Nj\u00eb num\u00ebr i madh emrash. Portrete t\u00eb njohur, t\u00eb tjer\u00eb <a class=\"mh-excerpt-more\" href=\"http:\/\/muhamedsytari.net\/?p=2609\" title=\"Ne vijm\u00eb.., ne edhe shkojm\u00eb..!\">[&#8230;]<\/a><\/p>\n<\/div>","protected":false},"author":1,"featured_media":2603,"comment_status":"closed","ping_status":"closed","sticky":false,"template":"","format":"standard","meta":{"footnotes":""},"categories":[2],"tags":[],"class_list":["post-2609","post","type-post","status-publish","format-standard","has-post-thumbnail","hentry","category-editorial"],"_links":{"self":[{"href":"http:\/\/muhamedsytari.net\/index.php?rest_route=\/wp\/v2\/posts\/2609","targetHints":{"allow":["GET"]}}],"collection":[{"href":"http:\/\/muhamedsytari.net\/index.php?rest_route=\/wp\/v2\/posts"}],"about":[{"href":"http:\/\/muhamedsytari.net\/index.php?rest_route=\/wp\/v2\/types\/post"}],"author":[{"embeddable":true,"href":"http:\/\/muhamedsytari.net\/index.php?rest_route=\/wp\/v2\/users\/1"}],"replies":[{"embeddable":true,"href":"http:\/\/muhamedsytari.net\/index.php?rest_route=%2Fwp%2Fv2%2Fcomments&post=2609"}],"version-history":[{"count":1,"href":"http:\/\/muhamedsytari.net\/index.php?rest_route=\/wp\/v2\/posts\/2609\/revisions"}],"predecessor-version":[{"id":2610,"href":"http:\/\/muhamedsytari.net\/index.php?rest_route=\/wp\/v2\/posts\/2609\/revisions\/2610"}],"wp:featuredmedia":[{"embeddable":true,"href":"http:\/\/muhamedsytari.net\/index.php?rest_route=\/wp\/v2\/media\/2603"}],"wp:attachment":[{"href":"http:\/\/muhamedsytari.net\/index.php?rest_route=%2Fwp%2Fv2%2Fmedia&parent=2609"}],"wp:term":[{"taxonomy":"category","embeddable":true,"href":"http:\/\/muhamedsytari.net\/index.php?rest_route=%2Fwp%2Fv2%2Fcategories&post=2609"},{"taxonomy":"post_tag","embeddable":true,"href":"http:\/\/muhamedsytari.net\/index.php?rest_route=%2Fwp%2Fv2%2Ftags&post=2609"}],"curies":[{"name":"wp","href":"https:\/\/api.w.org\/{rel}","templated":true}]}}