{"id":2763,"date":"2020-12-25T08:25:01","date_gmt":"2020-12-25T08:25:01","guid":{"rendered":"http:\/\/muhamedsytari.net\/?p=2763"},"modified":"2020-12-25T08:25:01","modified_gmt":"2020-12-25T08:25:01","slug":"25-dhjetori-i-cdo-viti","status":"publish","type":"post","link":"http:\/\/muhamedsytari.net\/?p=2763","title":{"rendered":"25 dhjetori i \u00e7do viti&#8230;"},"content":{"rendered":"<p style=\"text-align: justify;\">25 dhjetori i \u00e7do viti \u00ebsht\u00eb nj\u00eb dat\u00eb e sh\u00ebnuar p\u00ebr bot\u00ebn e krishter\u00eb. Gjithandej, p\u00ebrgatitjet p\u00ebr mb\u00ebrritjen e k\u00ebsaj dite, ndezin sheshe e rrug\u00eb me zbukurime e shenja, q\u00eb lidhen me atmosfer\u00ebn e k\u00ebsaj dite.<\/p>\n<p style=\"text-align: justify;\">Para ca dit\u00ebsh po ndiqja nj\u00eb dokumentar mbi Sirin\u00eb dhe civilizimin, nd\u00ebrthurjen e kulturave dhe bashk\u00ebjetes\u00ebn e t\u00eb ndryshmeve n\u00eb diversitetin e larmish\u00ebm mbi at\u00eb tok\u00eb t\u00eb bekuar.<\/p>\n<p style=\"text-align: justify;\">M\u00eb erdh\u00ebn nd\u00ebr mend dit\u00ebt e para t\u00eb viteve t\u00eb studimit n\u00eb Damask, kur n\u00eb xhami d\u00ebgjoje edhe ligj\u00ebrime, ku fjalia: &#8220;V\u00ebllez\u00ebrit tan\u00eb nasara kan\u00eb fest\u00eb!&#8221;, ishte normale dhe logjike. Sepse, ne jemi t\u00eb ftuar t\u00eb nd\u00ebrtojm\u00eb ura, duke ruajtur ekuilibra, duke respektuar kufij e duke hapur zemr\u00ebn n\u00eb drejtim t\u00eb njeriut, cilitdo njeri; t\u00eb respektojm\u00eb e t\u00eb respektohemi, duke rrug\u00ebtuar s\u00eb bashku n\u00eb nd\u00ebrtimin e tok\u00ebs e atdheut, njeriut dhe vlerave!<\/p>\n<p style=\"text-align: justify;\">Kujtoj zbukurimet e lagjes s\u00eb vjet\u00ebr Bab Tuma, ku t\u00eb krishter\u00ebt damasken\u00eb t\u00eb jepnin selam e t\u00eb thonin: &#8220;Allahu t\u00eb ruajt\u00eb!&#8221;, duke t\u00eb buz\u00ebqeshur, n\u00eb rutin\u00ebn e nj\u00eb komunikimi normal, n\u00eb nj\u00eb shoq\u00ebri t\u00eb qytet\u00ebruar e mbi t\u00eb gjitha besimtare. Ishin zbukurime me shije e t\u00eb pangarkuara, t\u00eb ndjera e n\u00eb kufijt\u00eb e logjik\u00ebs s\u00eb nj\u00eb festimi krejt\u00ebsisht legjitim n\u00eb realitetet e nj\u00eb bashk\u00ebjetese racionale, n\u00eb nj\u00eb shoq\u00ebri, ku toleranca e shpirtit e forca e nd\u00ebrgjegj\u00ebsimit t\u00eb kulturuar fetar nd\u00ebrton njer\u00ebz e shoq\u00ebri me ekuilib\u00ebr, jo fanatik\u00eb t\u00eb verb\u00ebr e tinzar\u00eb t\u00eb pagdhendur, q\u00eb duan t\u00eb t\u00eb imponohen dhunsh\u00ebm, n\u00eb shfaqjet e pamaskueshme dot t\u00eb komplekseve t\u00eb panevojshme, si\u00e7 natyrsh\u00ebm d\u00ebshmojm\u00eb p\u00ebrgjat\u00eb historis\u00eb e deri n\u00eb dit\u00ebt e sotme me shoq\u00ebri e grupime, q\u00eb shpesh, n\u00eb em\u00ebr t\u00eb fes\u00eb kan\u00eb b\u00ebr\u00eb treg\u00ebti t\u00eb pandershme me ndjenjat e besimin e shtresave t\u00eb paformuara e t\u00eb paarsimuara n\u00eb shoq\u00ebrit\u00eb njer\u00ebzore.<\/p>\n<p style=\"text-align: justify;\">Kujtoj shum\u00eb mir\u00eb pjes\u00ebmarrjen n\u00eb dark\u00ebn e kortezis\u00eb s\u00eb shtruar nga Patriarkana Orthodhokse e Lindjes, me rastin e vizit\u00ebs s\u00eb kryepeshkopit t\u00eb Etiopis\u00eb n\u00eb Siri. Ishte n\u00ebntori i vitit 2008, e mbaj mend mir\u00eb. N\u00eb at\u00eb atmosfer\u00eb po takoja p\u00ebr her\u00eb t\u00eb par\u00eb edhe dy personazhe t\u00eb shquar t\u00eb frym\u00ebs s\u00eb dialogut e harmonis\u00eb nd\u00ebrfetare n\u00eb Siri, kryepeshkopin orthodhoks t\u00eb Lindjes dhe t\u00eb mbar\u00eb bot\u00ebs, Agnatios IV Hezim, si dhe kryepeshkopin e orthodhoks\u00ebve sirian\u00eb Zeka Ivas, t\u00eb cil\u00ebt i kisha par\u00eb shum\u00eb her\u00eb n\u00eb xhamin\u00eb e shkoll\u00ebs sime, kur vinin p\u00ebr t\u00eb uruar Kryemyftiun e Siris\u00eb, Shejkh Ahmed Keftaro, n\u00eb pritjet tradicionale me rastin e bajrameve, aktiviteteve nd\u00ebrfetare, a tribunave t\u00eb shumta, ku hoxhallar\u00eb e prift\u00ebrinj i shihje bri nj\u00ebri-tjetrit, n\u00eb nj\u00eb korniz\u00eb t\u00eb pasforcuar e krejt\u00ebsisht natyrale&#8230;<\/p>\n<p style=\"text-align: justify;\">Sot, kur kthej kok\u00ebn pas, dashurohem pambarimisht dhe bindem edhe m\u00eb shum\u00eb n\u00eb madh\u00ebshtin\u00eb e shfaqjes s\u00eb Pejgamberit t\u00eb njer\u00ebzimit dhe vul\u00ebs s\u00eb m\u00eb t\u00eb dashurve t\u00eb Zotit, Hz. Muhammedit (a.s), me shfaqjen e t\u00eb cilit, njer\u00ebzimi m\u00ebsoi se tjetri respektohet, pritet e nderohet, komunikohet me t\u00eb dhe dialogohet, nd\u00ebrtohen ura e shtr\u00ebngohen duar, ndihmohet e tolerohet, mb\u00ebshtetet e p\u00ebrkrahet, duke d\u00ebshmuar shembujt m\u00eb t\u00eb mir\u00eb t\u00eb vlerave t\u00eb thirrjes hyjnore: &#8220;O ju Njer\u00ebz..!&#8221;, n\u00eb sip\u00ebrfaqen e Tok\u00ebs, prej balt\u00ebs s\u00eb t\u00eb cil\u00ebs jemi krijuar e n\u00eb dheun e saj do kthehen trupat tan\u00eb.<\/p>\n<p style=\"text-align: justify;\">25 dhjetori i \u00e7do viti&#8230; Sivjet, nj\u00ebjt\u00eb si Ramazani q\u00eb kaloi e Mevludi Sherif\u00eb, atmosfera e t\u00eb cilit vazhdon t\u00eb rrezatoj\u00eb drit\u00ebn e m\u00ebsimeve t\u00eb udh\u00ebzimeve t\u00eb shtrenjta drejt ruajtjes s\u00eb dinjitetit njer\u00ebzor, shpirtmadh\u00ebsis\u00eb, drejt\u00ebsis\u00eb, paqes, mbrojtjes s\u00eb t\u00eb drejtave t\u00eb dhimmit\u00ebve n\u00eb shoq\u00ebrit\u00eb tona, por jo vet\u00ebm; edhe t\u00eb krishter\u00ebt e vendit tim jan\u00eb t\u00eb detyruar t\u00eb p\u00ebrkufizohen me protokollet e k\u00ebtij realiteti t\u00eb imponuar dhunsh\u00ebm e k\u00ebsaj propagande sfilit\u00ebse p\u00ebr njer\u00ebzimin, me lutjet e secilit q\u00eb Zoti ta ruaj\u00eb njer\u00ebzimin nga \u00e7do e keqe e njeriut pa besim e f\u00e9, q\u00eb prodhon t\u00eb keqen, q\u00eb gjeneron komplote kund\u00ebr rac\u00ebs s\u00eb tij e, q\u00eb mendon e beson se Zoti nuk sheh e nuk mund ta shuaj\u00eb zjarrin e t\u00eb keqes kund\u00ebr jet\u00ebs dhe ekuilibrave t\u00eb saj mbi tok\u00eb!<\/p>\n<p style=\"text-align: justify;\">Jan\u00eb dit\u00eb t\u00eb ngarkuara me stres e lodhje, me lajm\u00ebrime vdekjesh e ndarje nga t\u00eb dashurit, me padrejt\u00ebsi e dhun\u00eb, me humbje ekuilibrash mendor\u00eb e shfaqje injorance t\u00eb tejskajshme, edhe nga ata, prej t\u00eb cil\u00ebve pritet sh\u00ebrbimi ndaj njer\u00ebzve e shoq\u00ebris\u00eb, jo arroganca e pakuptimt\u00eb, q\u00eb natyrsh\u00ebm nuk do vazhdoj\u00eb p\u00ebrgjithmon\u00eb&#8230;<\/p>\n<p style=\"text-align: justify;\">Jan\u00eb dit\u00eb, kur njer\u00ebzit kan\u00eb t\u00eb drejt\u00eb t\u00eb marrin pak pushim nga krejt kjo zamallahi e r\u00ebndes\u00eb e sprovave t\u00eb k\u00ebtij viti, q\u00eb mbi t\u00eb gjitha na ftojn\u00eb p\u00ebr t\u00eb reflektuar e besuar, p\u00ebr t&#8217;u kthyer tek origjina e p\u00ebr t\u00eb d\u00ebbuar me krejt forcat t\u00eb keqen dhe shthurjen nd\u00ebr ne, p\u00ebr t\u00eb formatuar krejt sistemin e t\u00eb arsyetuarit e t\u00eb udh\u00ebzuarit drejt Zotit dhe Thirrjes s\u00eb Tij&#8230; \u00cbsht\u00eb koha p\u00ebr t\u00eb &#8220;ba tobe&#8221;, si\u00e7 na m\u00ebsonin gjysh\u00ebrit me tespih\u00eb n\u00eb dor\u00eb..!<\/p>\n<p style=\"text-align: justify;\">E, si\u00e7 d\u00ebgjonim n\u00eb xhamit\u00eb e Shamit Sherif\u00eb, n\u00eb \u00e7do fundvit: &#8220;V\u00ebllez\u00ebrit tan\u00eb nasara kan\u00eb fest\u00eb!&#8221;, fest\u00eb e g\u00ebzime past\u00eb p\u00ebrher\u00eb n\u00eb jet\u00ebn e njeriut, q\u00eb k\u00ebrkon n\u00ebp\u00ebrmjet besimit, lart\u00ebsimin p\u00ebr t\u00eb jetuar me dinjitet e p\u00ebr t\u00eb dhuruar dashuri, p\u00ebr t\u00eb nd\u00ebrtuar me aft\u00ebsi e p\u00ebr t\u00eb mos devijuar p\u00ebr asgj\u00eb e p\u00ebr asnjeri, nga Drita e Zotit, nga Udh\u00ebzimi i Tij, nga rruga q\u00eb shpie drejt trup\u00ebzimit me vullnet e krenari t\u00eb thirrjes s\u00eb shenjt\u00eb: &#8220;O ju njer\u00ebz, adhurojeni Zotin tuaj q\u00eb ju krijoi&#8230;&#8221;.<\/p>\n<p style=\"text-align: justify;\">25 dhjetori i \u00e7do viti&#8230;<\/p>\n<p style=\"text-align: right;\"><strong>Imam Muhamed B. Sytari<br \/>\n<\/strong><em>Myfti i Zon\u00ebs Shkod\u00ebr<\/em><\/p>\n<p style=\"text-align: right;\"><em>Shkod\u00ebr, 25 dhjetor 2020<\/em><\/p>\n","protected":false},"excerpt":{"rendered":"<div class=\"mh-excerpt\"><p>25 dhjetori i \u00e7do viti \u00ebsht\u00eb nj\u00eb dat\u00eb e sh\u00ebnuar p\u00ebr bot\u00ebn e krishter\u00eb. Gjithandej, p\u00ebrgatitjet p\u00ebr mb\u00ebrritjen e k\u00ebsaj dite, ndezin sheshe e rrug\u00eb me zbukurime e shenja, q\u00eb lidhen me atmosfer\u00ebn e k\u00ebsaj <a class=\"mh-excerpt-more\" href=\"http:\/\/muhamedsytari.net\/?p=2763\" title=\"25 dhjetori i \u00e7do viti&#8230;\">[&#8230;]<\/a><\/p>\n<\/div>","protected":false},"author":1,"featured_media":2764,"comment_status":"closed","ping_status":"closed","sticky":false,"template":"","format":"standard","meta":{"footnotes":""},"categories":[2],"tags":[],"class_list":["post-2763","post","type-post","status-publish","format-standard","has-post-thumbnail","hentry","category-editorial"],"_links":{"self":[{"href":"http:\/\/muhamedsytari.net\/index.php?rest_route=\/wp\/v2\/posts\/2763","targetHints":{"allow":["GET"]}}],"collection":[{"href":"http:\/\/muhamedsytari.net\/index.php?rest_route=\/wp\/v2\/posts"}],"about":[{"href":"http:\/\/muhamedsytari.net\/index.php?rest_route=\/wp\/v2\/types\/post"}],"author":[{"embeddable":true,"href":"http:\/\/muhamedsytari.net\/index.php?rest_route=\/wp\/v2\/users\/1"}],"replies":[{"embeddable":true,"href":"http:\/\/muhamedsytari.net\/index.php?rest_route=%2Fwp%2Fv2%2Fcomments&post=2763"}],"version-history":[{"count":1,"href":"http:\/\/muhamedsytari.net\/index.php?rest_route=\/wp\/v2\/posts\/2763\/revisions"}],"predecessor-version":[{"id":2765,"href":"http:\/\/muhamedsytari.net\/index.php?rest_route=\/wp\/v2\/posts\/2763\/revisions\/2765"}],"wp:featuredmedia":[{"embeddable":true,"href":"http:\/\/muhamedsytari.net\/index.php?rest_route=\/wp\/v2\/media\/2764"}],"wp:attachment":[{"href":"http:\/\/muhamedsytari.net\/index.php?rest_route=%2Fwp%2Fv2%2Fmedia&parent=2763"}],"wp:term":[{"taxonomy":"category","embeddable":true,"href":"http:\/\/muhamedsytari.net\/index.php?rest_route=%2Fwp%2Fv2%2Fcategories&post=2763"},{"taxonomy":"post_tag","embeddable":true,"href":"http:\/\/muhamedsytari.net\/index.php?rest_route=%2Fwp%2Fv2%2Ftags&post=2763"}],"curies":[{"name":"wp","href":"https:\/\/api.w.org\/{rel}","templated":true}]}}