{"id":2846,"date":"2021-03-12T19:34:52","date_gmt":"2021-03-12T19:34:52","guid":{"rendered":"http:\/\/muhamedsytari.net\/?p=2846"},"modified":"2021-03-13T19:42:13","modified_gmt":"2021-03-13T19:42:13","slug":"kujtimet-e-haxhit-drite-malli-qe-zemres-i-jep-jete","status":"publish","type":"post","link":"http:\/\/muhamedsytari.net\/?p=2846","title":{"rendered":"Kujtimet e Haxhit, drit\u00eb malli, q\u00eb zemr\u00ebs i jep jet\u00eb!"},"content":{"rendered":"<div class=\"kvgmc6g5 cxmmr5t8 oygrvhab hcukyx3x c1et5uql ii04i59q\">\n<p dir=\"auto\" style=\"text-align: justify;\"><span class=\"pq6dq46d tbxw36s4 knj5qynh kvgmc6g5 ditlmg2l oygrvhab nvdbi5me sf5mxxl7 gl3lb2sf hhz5lgdu\"><img loading=\"lazy\" decoding=\"async\" src=\"https:\/\/www.facebook.com\/images\/emoji.php\/v9\/t1f\/1\/16\/1f4d7.png\" alt=\"&#x1f4d7;\" width=\"16\" height=\"16\" \/><\/span> Libri &#8220;Kujtime nga Haxhi &#8211; (rrug\u00ebtimi i vitit 2018)&#8221;, i t\u00eb nderuarit Haxhi Qemal Rushiti, \u00ebsht\u00eb pa dyshim nj\u00eb kontribut i vyer n\u00eb d\u00ebshmimin e emocioneve t\u00eb nj\u00eb udh\u00ebtimi t\u00eb pap\u00ebrshkruesh\u00ebm, kujtimeve t\u00eb s\u00eb cilit, sa her\u00eb i qasemi na mbushin me drit\u00eb malli dhe mir\u00ebsi bekimesh t\u00eb pashembullta!<\/p>\n<p dir=\"auto\" style=\"text-align: justify;\"><span class=\"pq6dq46d tbxw36s4 knj5qynh kvgmc6g5 ditlmg2l oygrvhab nvdbi5me sf5mxxl7 gl3lb2sf hhz5lgdu\"><img loading=\"lazy\" decoding=\"async\" src=\"https:\/\/www.facebook.com\/images\/emoji.php\/v9\/t1e\/1\/16\/1f33f.png\" alt=\"&#x1f33f;\" width=\"16\" height=\"16\" \/><\/span> Duhet fal\u00ebnderuar autori p\u00ebr k\u00ebt\u00eb kontribut t\u00eb vyer, q\u00eb z\u00eb nj\u00eb vend t\u00eb ve\u00e7ant\u00eb n\u00eb literatur\u00ebn islame n\u00eb gjuh\u00ebn shqipe, p\u00ebr shkak t\u00eb gjurm\u00ebve q\u00eb l\u00eb n\u00eb memorien njer\u00ebzore udh\u00ebtimi i mrekulluesh\u00ebm i Haxhit!<\/p>\n<p dir=\"auto\" style=\"text-align: justify;\"><span class=\"pq6dq46d tbxw36s4 knj5qynh kvgmc6g5 ditlmg2l oygrvhab nvdbi5me sf5mxxl7 gl3lb2sf hhz5lgdu\"><img loading=\"lazy\" decoding=\"async\" src=\"https:\/\/www.facebook.com\/images\/emoji.php\/v9\/tb7\/1\/16\/1f58b.png\" alt=\"&#x1f58b;\" width=\"16\" height=\"16\" \/><\/span> Autori ka p\u00ebrzgjedhur nj\u00eb stil t\u00eb ve\u00e7ant\u00eb n\u00eb regjistrimin e kujtimeve t\u00eb tij, duke nd\u00ebrthurrur sh\u00ebnimet personale me fotografit\u00eb e shoq\u00ebruara me di\u00e7iturat e natyrshme dhe t\u00eb ndjera&#8230;<\/p>\n<p dir=\"auto\" style=\"text-align: justify;\"><span class=\"pq6dq46d tbxw36s4 knj5qynh kvgmc6g5 ditlmg2l oygrvhab nvdbi5me sf5mxxl7 gl3lb2sf hhz5lgdu\"><img loading=\"lazy\" decoding=\"async\" src=\"https:\/\/www.facebook.com\/images\/emoji.php\/v9\/t9c\/1\/16\/1f4d4.png\" alt=\"&#x1f4d4;\" width=\"16\" height=\"16\" \/><\/span> Libri \u00ebsht\u00eb i mbushur me stacione kujtimesh, emra t\u00eb shumt\u00eb peraonazhesh t\u00eb nderuar, q\u00eb e zbukurojn\u00eb at\u00eb me pranin\u00eb e tyre t\u00eb natyrshme, si dhe fotografit\u00eb e bukura e krejt spontane, q\u00eb ve\u00e7 se e pasurojn\u00eb k\u00ebt\u00eb shprehje t\u00eb mrekullueshme t\u00eb ndjesive t\u00eb Haxhit dhe vizit\u00ebs s\u00eb Pejgamberit (a.s).<\/p>\n<p dir=\"auto\" style=\"text-align: justify;\"><span class=\"pq6dq46d tbxw36s4 knj5qynh kvgmc6g5 ditlmg2l oygrvhab nvdbi5me sf5mxxl7 gl3lb2sf hhz5lgdu\"><img loading=\"lazy\" decoding=\"async\" src=\"https:\/\/www.facebook.com\/images\/emoji.php\/v9\/te\/1\/16\/2733.png\" alt=\"&#x2733;\" width=\"16\" height=\"16\" \/><\/span> Jan\u00eb stacione malli e besimi, q\u00eb jemi t\u00eb ftuar t&#8217;i lexojm\u00eb, p\u00ebr t\u00eb ndjer\u00eb sinqeritetin e autorit, q\u00eb i thot\u00eb gj\u00ebrat ashtu si\u00e7 i ndjen, ashtu si\u00e7 i d\u00ebshmon, ashtu si\u00e7 i prek, n\u00eb nj\u00eb \u00e7aat mrekullie n\u00eb jet\u00ebn e tij!<\/p>\n<p dir=\"auto\" style=\"text-align: left;\"><span class=\"pq6dq46d tbxw36s4 knj5qynh kvgmc6g5 ditlmg2l oygrvhab nvdbi5me sf5mxxl7 gl3lb2sf hhz5lgdu\"><img loading=\"lazy\" decoding=\"async\" src=\"https:\/\/www.facebook.com\/images\/emoji.php\/v9\/tfd\/1\/16\/1f4c4.png\" alt=\"&#x1f4c4;\" width=\"16\" height=\"16\" \/><\/span> <strong>Imam Muhamed Bardhyl Sytari<br \/>\n<\/strong><span style=\"text-align: justify;\">(<\/span><em style=\"text-align: justify;\">Nga fjala e mbajtur n\u00eb promovimin e librit: &#8220;Kujtime nga Haxhi &#8211; (rrug\u00ebtimi i vitit 2018)&#8221;, i t\u00eb nderuarit Haxhi Qemal Rushiti, dit\u00ebn e xhuma, m\u00eb 12 mars 2021, n\u00eb xhamin\u00eb e Orash\u00ebs, Maqedonia e Veriut)<\/em><\/p>\n<div id='gallery-1' class='gallery galleryid-2846 gallery-columns-3 gallery-size-thumbnail'><figure class='gallery-item'>\n\t\t\t<div class='gallery-icon landscape'>\n\t\t\t\t<a href='http:\/\/muhamedsytari.net\/?attachment_id=2856'><img loading=\"lazy\" decoding=\"async\" width=\"150\" height=\"150\" src=\"http:\/\/muhamedsytari.net\/wp-content\/uploads\/2021\/03\/kujtime_Haxhi_Orashe-1-150x150.jpg\" class=\"attachment-thumbnail size-thumbnail\" alt=\"\" \/><\/a>\n\t\t\t<\/div><\/figure><figure class='gallery-item'>\n\t\t\t<div class='gallery-icon portrait'>\n\t\t\t\t<a href='http:\/\/muhamedsytari.net\/?attachment_id=2855'><img loading=\"lazy\" decoding=\"async\" width=\"150\" height=\"150\" src=\"http:\/\/muhamedsytari.net\/wp-content\/uploads\/2021\/03\/kujtime_Haxhi_Orashe-9-150x150.jpg\" class=\"attachment-thumbnail size-thumbnail\" alt=\"\" \/><\/a>\n\t\t\t<\/div><\/figure><figure class='gallery-item'>\n\t\t\t<div class='gallery-icon landscape'>\n\t\t\t\t<a href='http:\/\/muhamedsytari.net\/?attachment_id=2854'><img loading=\"lazy\" decoding=\"async\" width=\"150\" height=\"150\" src=\"http:\/\/muhamedsytari.net\/wp-content\/uploads\/2021\/03\/kujtime_Haxhi_Orashe-8-150x150.jpg\" class=\"attachment-thumbnail size-thumbnail\" alt=\"\" \/><\/a>\n\t\t\t<\/div><\/figure><figure class='gallery-item'>\n\t\t\t<div class='gallery-icon portrait'>\n\t\t\t\t<a href='http:\/\/muhamedsytari.net\/?attachment_id=2853'><img loading=\"lazy\" decoding=\"async\" width=\"150\" height=\"150\" src=\"http:\/\/muhamedsytari.net\/wp-content\/uploads\/2021\/03\/kujtime_Haxhi_Orashe-7-150x150.jpg\" class=\"attachment-thumbnail size-thumbnail\" alt=\"\" \/><\/a>\n\t\t\t<\/div><\/figure><figure class='gallery-item'>\n\t\t\t<div class='gallery-icon landscape'>\n\t\t\t\t<a href='http:\/\/muhamedsytari.net\/?attachment_id=2852'><img loading=\"lazy\" decoding=\"async\" width=\"150\" height=\"150\" src=\"http:\/\/muhamedsytari.net\/wp-content\/uploads\/2021\/03\/kujtime_Haxhi_Orashe-6-150x150.jpg\" class=\"attachment-thumbnail size-thumbnail\" alt=\"\" \/><\/a>\n\t\t\t<\/div><\/figure><figure class='gallery-item'>\n\t\t\t<div class='gallery-icon landscape'>\n\t\t\t\t<a href='http:\/\/muhamedsytari.net\/?attachment_id=2851'><img loading=\"lazy\" decoding=\"async\" width=\"150\" height=\"150\" src=\"http:\/\/muhamedsytari.net\/wp-content\/uploads\/2021\/03\/kujtime_Haxhi_Orashe-5-150x150.jpg\" class=\"attachment-thumbnail size-thumbnail\" alt=\"\" \/><\/a>\n\t\t\t<\/div><\/figure><figure class='gallery-item'>\n\t\t\t<div class='gallery-icon landscape'>\n\t\t\t\t<a href='http:\/\/muhamedsytari.net\/?attachment_id=2850'><img loading=\"lazy\" decoding=\"async\" width=\"150\" height=\"150\" src=\"http:\/\/muhamedsytari.net\/wp-content\/uploads\/2021\/03\/kujtime_Haxhi_Orashe-4-150x150.jpg\" class=\"attachment-thumbnail size-thumbnail\" alt=\"\" \/><\/a>\n\t\t\t<\/div><\/figure><figure class='gallery-item'>\n\t\t\t<div class='gallery-icon portrait'>\n\t\t\t\t<a href='http:\/\/muhamedsytari.net\/?attachment_id=2849'><img loading=\"lazy\" decoding=\"async\" width=\"150\" height=\"150\" src=\"http:\/\/muhamedsytari.net\/wp-content\/uploads\/2021\/03\/kujtime_Haxhi_Orashe-3-150x150.jpg\" class=\"attachment-thumbnail size-thumbnail\" alt=\"\" \/><\/a>\n\t\t\t<\/div><\/figure><figure class='gallery-item'>\n\t\t\t<div class='gallery-icon landscape'>\n\t\t\t\t<a href='http:\/\/muhamedsytari.net\/?attachment_id=2848'><img loading=\"lazy\" decoding=\"async\" width=\"150\" height=\"150\" src=\"http:\/\/muhamedsytari.net\/wp-content\/uploads\/2021\/03\/kujtime_Haxhi_Orashe-2-1-150x150.jpg\" class=\"attachment-thumbnail size-thumbnail\" alt=\"\" \/><\/a>\n\t\t\t<\/div><\/figure>\n\t\t<\/div>\n\n<\/div>\n","protected":false},"excerpt":{"rendered":"<div class=\"mh-excerpt\"><p>Libri &#8220;Kujtime nga Haxhi &#8211; (rrug\u00ebtimi i vitit 2018)&#8221;, i t\u00eb nderuarit Haxhi Qemal Rushiti, \u00ebsht\u00eb pa dyshim nj\u00eb kontribut i vyer n\u00eb d\u00ebshmimin e emocioneve t\u00eb nj\u00eb udh\u00ebtimi t\u00eb pap\u00ebrshkruesh\u00ebm, kujtimeve t\u00eb s\u00eb cilit, <a class=\"mh-excerpt-more\" href=\"http:\/\/muhamedsytari.net\/?p=2846\" title=\"Kujtimet e Haxhit, drit\u00eb malli, q\u00eb zemr\u00ebs i jep jet\u00eb!\">[&#8230;]<\/a><\/p>\n<\/div>","protected":false},"author":1,"featured_media":2856,"comment_status":"closed","ping_status":"closed","sticky":false,"template":"","format":"standard","meta":{"footnotes":""},"categories":[5],"tags":[],"class_list":["post-2846","post","type-post","status-publish","format-standard","has-post-thumbnail","hentry","category-libra"],"_links":{"self":[{"href":"http:\/\/muhamedsytari.net\/index.php?rest_route=\/wp\/v2\/posts\/2846","targetHints":{"allow":["GET"]}}],"collection":[{"href":"http:\/\/muhamedsytari.net\/index.php?rest_route=\/wp\/v2\/posts"}],"about":[{"href":"http:\/\/muhamedsytari.net\/index.php?rest_route=\/wp\/v2\/types\/post"}],"author":[{"embeddable":true,"href":"http:\/\/muhamedsytari.net\/index.php?rest_route=\/wp\/v2\/users\/1"}],"replies":[{"embeddable":true,"href":"http:\/\/muhamedsytari.net\/index.php?rest_route=%2Fwp%2Fv2%2Fcomments&post=2846"}],"version-history":[{"count":1,"href":"http:\/\/muhamedsytari.net\/index.php?rest_route=\/wp\/v2\/posts\/2846\/revisions"}],"predecessor-version":[{"id":2857,"href":"http:\/\/muhamedsytari.net\/index.php?rest_route=\/wp\/v2\/posts\/2846\/revisions\/2857"}],"wp:featuredmedia":[{"embeddable":true,"href":"http:\/\/muhamedsytari.net\/index.php?rest_route=\/wp\/v2\/media\/2856"}],"wp:attachment":[{"href":"http:\/\/muhamedsytari.net\/index.php?rest_route=%2Fwp%2Fv2%2Fmedia&parent=2846"}],"wp:term":[{"taxonomy":"category","embeddable":true,"href":"http:\/\/muhamedsytari.net\/index.php?rest_route=%2Fwp%2Fv2%2Fcategories&post=2846"},{"taxonomy":"post_tag","embeddable":true,"href":"http:\/\/muhamedsytari.net\/index.php?rest_route=%2Fwp%2Fv2%2Ftags&post=2846"}],"curies":[{"name":"wp","href":"https:\/\/api.w.org\/{rel}","templated":true}]}}