{"id":3081,"date":"2021-07-02T10:19:15","date_gmt":"2021-07-02T10:19:15","guid":{"rendered":"http:\/\/muhamedsytari.net\/?p=3081"},"modified":"2021-07-02T10:19:39","modified_gmt":"2021-07-02T10:19:39","slug":"meditime-32","status":"publish","type":"post","link":"http:\/\/muhamedsytari.net\/?p=3081","title":{"rendered":"Meditime (32)"},"content":{"rendered":"<p class=\"kvgmc6g5 cxmmr5t8 oygrvhab hcukyx3x c1et5uql ii04i59q\" style=\"text-align: justify;\"><strong>&#8220;Melek\u00ebt&#8221; mbi Qabe&#8230;<\/strong><\/p>\n<p dir=\"auto\" style=\"text-align: justify;\">N\u00eb korrikun e vitit 2017 pata shkruar mbi disa pyetje t\u00eb p\u00ebrs\u00ebritura rreth disa &#8220;fenomeneve&#8221; q\u00eb mbushin her\u00eb pas here faqet e rrjeteve sociale, por jo vet\u00ebm, si: &#8220;melek\u00ebt&#8221; e &#8220;shfaqur&#8221; mbi Qaben e Madhnueshme, mbi emrin e Allahut (xh.sh) n\u00eb ca l\u00ebvozhga pem\u00ebsh e barqe peshqish, &#8220;fijet e flok\u00ebve e mjekrave&#8221; t\u00eb sa e sa pejgamber\u00ebve e sahab\u00ebve e gj\u00ebra t\u00eb ngjashme, q\u00eb i gjen krejt kollaj aty-k\u00ebtu n\u00eb postime t\u00eb mahniturish e predikime q\u00eb kan\u00eb p\u00ebr q\u00ebllim t\u00eb mpijn\u00eb mendjen e ta mbajn\u00eb peng n\u00eb kanalizime q\u00eb shpien n\u00eb bot\u00ebkuptimet e ngarkoz\u00ebs intelektuale e shpirt\u00ebrore!<\/p>\n<p dir=\"auto\" style=\"text-align: justify;\">Ju them p\u00ebrher\u00eb, mos lejoni t\u00eb tallen me intelektin dhe besimin tuaj, me primitivizma t\u00eb tilla, q\u00eb ju mbajn\u00eb peng mendjen dhe ju rob\u00ebrojn\u00eb zemr\u00ebn, por jo vet\u00ebm!<\/p>\n<p dir=\"auto\" style=\"text-align: justify;\">Jo thjesht\u00eb sip\u00ebrfaqja e Qabes, por sht\u00ebpia ku ti banon dhe fal namaz e lexon Kuran, puna ku ti fiton hallallin, vendi ku je tubuar me shoq\u00ebrin\u00eb t\u00ebnde besimtare, me t\u00eb cil\u00ebt ulesh dhe ngrihesh si musliman, hapat q\u00eb hedh kudo q\u00eb shkel, teksa gjuha jote madh\u00ebron M\u00ebshir\u00ebb\u00ebr\u00ebsin, v\u00ebshtrimet plot bekim ndaj familjes t\u00ebnde, p\u00ebrul\u00ebsia dhe p\u00ebrkujdesja maksimale e plot m\u00ebshir\u00eb ndaj prind\u00ebve, m\u00ebshira ndaj jetimit, loja me f\u00ebmij\u00ebt e tu, p\u00ebrkushtimi ndaj pun\u00ebs q\u00eb ke amanet, sakrifica e madhe p\u00ebr t\u00eb k\u00ebrkuar dijen; duke vrapuar pas mexhliseve t\u00eb dijes, duke shpenzuar p\u00ebr nj\u00eb lib\u00ebr plot dobi, duke u konsultuar rreth nj\u00eb ajeti a nj\u00eb meseleje shkencore n\u00eb dobi t\u00eb njer\u00ebzimit, shpenzimi p\u00ebr pasurimin e librotek\u00ebs personale e t\u00eb ngjashme, krejt k\u00ebto veprime jan\u00eb t\u00eb rrethuara nga m\u00ebshira dhe bekimet e Allahut n\u00eb jet\u00ebn t\u00ebnde! P\u00ebr pasoj\u00eb, krejt jeta jote \u00ebsht\u00eb e rrethuar me melek\u00eb!<\/p>\n<p dir=\"auto\" style=\"text-align: justify;\">Prandaj, mos t\u00eb b\u00ebhemi folklorist\u00eb e sip\u00ebrfaq\u00ebsor\u00eb n\u00eb marr\u00ebdh\u00ebniet tona me besimin dhe bukurit\u00eb e tij!<\/p>\n<p dir=\"auto\" style=\"text-align: justify;\">Ne nuk kemi nevoj\u00eb t\u00eb na shfaqen &#8220;melek\u00eb&#8221; mbi Qabe, p\u00ebr ta kuptuar e vler\u00ebsuar madh\u00ebshtin\u00eb e nj\u00eb kibleje, q\u00eb bashkon krejt musliman\u00ebt e bot\u00ebs p\u00ebr t\u00eb d\u00ebshmuar bashkarisht se musliman\u00ebt jan\u00eb forc\u00eb nd\u00ebrtuese n\u00eb k\u00ebt\u00eb bot\u00eb; forc\u00eb, pa t\u00eb cil\u00ebn kjo bot\u00eb shkon dita-dit\u00ebs drejt greminave t\u00eb ateizmit dhe mjerimit q\u00eb i ka sjell\u00eb dhe vazhdon t&#8217;i sjell\u00eb ai bot\u00ebs, ekstremizmit fetar, abuzimit me logjik\u00ebn dhe mendjen e njeriut n\u00eb em\u00ebr t\u00eb &#8220;fes\u00eb&#8221; s\u00eb abuzuar mjerisht, shthurrjes n\u00eb em\u00ebr t\u00eb lirive personale, prishjes s\u00eb familjes dhe degjenerimit n\u00eb em\u00ebr t\u00eb barazis\u00eb gjinore etj.<\/p>\n<p dir=\"auto\" style=\"text-align: justify;\">Forc\u00eb, e cila ka ardhur koha t\u00eb riaktivizohet, pas nj\u00eb shekulli hutim dhe devijimi nga udha e s\u00eb v\u00ebrtet\u00ebs, me t\u00eb cil\u00ebn u d\u00ebrgua Hz. Muhamedi (a.s)!<\/p>\n<p dir=\"auto\" style=\"text-align: justify;\">Forc\u00eb bekuese, p\u00ebr t\u00eb d\u00ebshmuar toka sh\u00ebrimin e njeriut dhe kthimin e tij n\u00eb origjin\u00ebn e t\u00eb mir\u00ebs, pa t\u00eb cil\u00ebn kjo tok\u00eb po thahet, si lulja pa uj\u00eb!<\/p>\n<p dir=\"auto\" style=\"text-align: justify;\">Ne nuk kemi nevoj\u00eb p\u00ebr peshq me emrin e Madh\u00ebruar mbi kurriz, as p\u00ebr fruta me forma harfesh, a re l\u00ebviz\u00ebse me detaje mistike, p\u00ebr t\u00eb par\u00eb n\u00eb pasqyr\u00eb besimin ton\u00eb!<\/p>\n<p dir=\"auto\" style=\"text-align: justify;\">Besimi dhe bindja n\u00eb Allah, tejkalon k\u00ebto detaje, para t\u00eb cilave, t\u00eb shumt\u00eb jan\u00eb q\u00eb kan\u00eb r\u00ebn\u00eb n\u00eb grack\u00ebn e &#8220;idhujtaris\u00eb materiale&#8221;, n\u00eb em\u00ebr t\u00eb Besimit!<\/p>\n<p dir=\"auto\" style=\"text-align: justify;\">M\u00eb kujtohet nj\u00eb i moshuar, frekuentues i nj\u00eb prej xhamive t\u00eb shumta, q\u00eb kam vizituar gjat\u00eb viteve t\u00eb sh\u00ebrbimit, i cili m\u00eb tregoi nj\u00eb dit\u00eb nj\u00eb gur me ca plasaritje pa asnj\u00eb kuptim. M\u00eb tha: &#8220;E sheh emri i kujt \u00ebsht\u00eb shkruar mbi t\u00eb?&#8221; I habitur, ia ktheva: Jo, nuk e shoh dhe nuk e kuptoj gjuh\u00ebn, me t\u00eb cil\u00ebn \u00ebsht\u00eb shkruar!<\/p>\n<p dir=\"auto\" style=\"text-align: justify;\">Zgjohuni dhe ejani n\u00eb vete, o njer\u00ebz!<\/p>\n<p class=\"o9v6fnle cxmmr5t8 oygrvhab hcukyx3x c1et5uql ii04i59q\" style=\"text-align: justify;\"><strong>Imam Muhamed <a class=\"oajrlxb2 g5ia77u1 qu0x051f esr5mh6w e9989ue4 r7d6kgcz rq0escxv nhd2j8a9 nc684nl6 p7hjln8o kvgmc6g5 cxmmr5t8 oygrvhab hcukyx3x jb3vyjys rz4wbd8a qt6c0cv9 a8nywdso i1ao9s8h esuyzwwr f1sip0of lzcic4wl q66pz984 gpro0wi8 b1v8xokw\" tabindex=\"0\" role=\"link\" href=\"https:\/\/www.facebook.com\/b.h.sytari?__cft__[0]=AZWbczVPnUh49VIBZNjYxxsaxSfe-wWdvGmcPWmZEaiGWrhmmv0z6b77jS82t06uvRweouDvFN4yfxP42v80xq-uQu-w5kCpXNkQSO_7w8IzW3Eg5rK2I9udpEtimX9_zKk&amp;__tn__=-]K-R\"><span class=\"nc684nl6\">Bardhyl Sytari<\/span><\/a><\/strong><br \/>\n<em>Shkod\u00ebr, m\u00eb 2 korrik 2021<\/em><\/p>\n","protected":false},"excerpt":{"rendered":"<div class=\"mh-excerpt\"><p>&#8220;Melek\u00ebt&#8221; mbi Qabe&#8230; N\u00eb korrikun e vitit 2017 pata shkruar mbi disa pyetje t\u00eb p\u00ebrs\u00ebritura rreth disa &#8220;fenomeneve&#8221; q\u00eb mbushin her\u00eb pas here faqet e rrjeteve sociale, por jo vet\u00ebm, si: &#8220;melek\u00ebt&#8221; e &#8220;shfaqur&#8221; mbi <a class=\"mh-excerpt-more\" href=\"http:\/\/muhamedsytari.net\/?p=3081\" title=\"Meditime (32)\">[&#8230;]<\/a><\/p>\n<\/div>","protected":false},"author":1,"featured_media":3082,"comment_status":"closed","ping_status":"closed","sticky":false,"template":"","format":"standard","meta":{"footnotes":""},"categories":[11],"tags":[],"class_list":["post-3081","post","type-post","status-publish","format-standard","has-post-thumbnail","hentry","category-meditime"],"_links":{"self":[{"href":"http:\/\/muhamedsytari.net\/index.php?rest_route=\/wp\/v2\/posts\/3081","targetHints":{"allow":["GET"]}}],"collection":[{"href":"http:\/\/muhamedsytari.net\/index.php?rest_route=\/wp\/v2\/posts"}],"about":[{"href":"http:\/\/muhamedsytari.net\/index.php?rest_route=\/wp\/v2\/types\/post"}],"author":[{"embeddable":true,"href":"http:\/\/muhamedsytari.net\/index.php?rest_route=\/wp\/v2\/users\/1"}],"replies":[{"embeddable":true,"href":"http:\/\/muhamedsytari.net\/index.php?rest_route=%2Fwp%2Fv2%2Fcomments&post=3081"}],"version-history":[{"count":2,"href":"http:\/\/muhamedsytari.net\/index.php?rest_route=\/wp\/v2\/posts\/3081\/revisions"}],"predecessor-version":[{"id":3084,"href":"http:\/\/muhamedsytari.net\/index.php?rest_route=\/wp\/v2\/posts\/3081\/revisions\/3084"}],"wp:featuredmedia":[{"embeddable":true,"href":"http:\/\/muhamedsytari.net\/index.php?rest_route=\/wp\/v2\/media\/3082"}],"wp:attachment":[{"href":"http:\/\/muhamedsytari.net\/index.php?rest_route=%2Fwp%2Fv2%2Fmedia&parent=3081"}],"wp:term":[{"taxonomy":"category","embeddable":true,"href":"http:\/\/muhamedsytari.net\/index.php?rest_route=%2Fwp%2Fv2%2Fcategories&post=3081"},{"taxonomy":"post_tag","embeddable":true,"href":"http:\/\/muhamedsytari.net\/index.php?rest_route=%2Fwp%2Fv2%2Ftags&post=3081"}],"curies":[{"name":"wp","href":"https:\/\/api.w.org\/{rel}","templated":true}]}}