{"id":3118,"date":"2021-07-24T08:20:28","date_gmt":"2021-07-24T08:20:28","guid":{"rendered":"http:\/\/muhamedsytari.net\/?p=3118"},"modified":"2021-07-24T08:20:58","modified_gmt":"2021-07-24T08:20:58","slug":"meditime-39","status":"publish","type":"post","link":"http:\/\/muhamedsytari.net\/?p=3118","title":{"rendered":"Meditime (39)"},"content":{"rendered":"<p class=\"kvgmc6g5 cxmmr5t8 oygrvhab hcukyx3x c1et5uql ii04i59q\" style=\"text-align: justify;\"><strong>Islami folklorik, nuk \u00ebsht\u00eb feja ime!<\/strong><\/p>\n<p dir=\"auto\" style=\"text-align: justify;\">Koh\u00eb m\u00eb par\u00eb lexoja p\u00ebr nj\u00eb biznesmen kinez, q\u00eb tregonte se disa tregtar\u00eb musliman\u00eb i kishin k\u00ebrkuar t\u00eb vendoste emrat e firmave t\u00eb njohura nd\u00ebrkomb\u00ebtare, si etiket\u00eb mbi mallrat q\u00eb blenin prej tij. T\u00eb nj\u00ebjt\u00ebt, refuzonin ushqimin q\u00eb u vendoste p\u00ebrpara, sepse nuk ishte hallall!<\/p>\n<p dir=\"auto\" style=\"text-align: justify;\">Sh\u00ebnimet e biznesmenit aziatik, m\u00eb kujtojn\u00eb at\u00eb q\u00eb m\u00eb pat treguar nj\u00eb miku im, rreth nj\u00eb ndodhie, diku n\u00eb vendin ton\u00eb.<\/p>\n<p dir=\"auto\" style=\"text-align: justify;\">Nj\u00eb i njohur i tij kishte shkuar mik tek ca t\u00eb af\u00ebrm. Krejt musliman\u00eb, p\u00ebr nga emrat dhe identiteti fetar shekullor. Bota, Ramazan. Zot\u00ebria, agj\u00ebruesh\u00ebm. T\u00eb af\u00ebrmit e tij&#8230; T\u00eb zot\u00ebt e sht\u00ebpis\u00eb e kishin pyetur p\u00ebr t\u00eb ngr\u00ebn\u00eb. U kishte th\u00ebn\u00eb se ishte agj\u00ebruesh\u00ebm. Ia kishin kthyer: T\u00eb pakt\u00ebn pije nj\u00eb got\u00eb..!?<\/p>\n<p dir=\"auto\" style=\"text-align: justify;\">Ngjan me nj\u00eb nj\u00eb batut\u00eb province, edhe pse, n\u00eb fakt \u00ebsht\u00eb realiteti i shum\u00eb rretheve shoq\u00ebrore, ku Islami ka ngelur thjesht\u00eb etiket\u00eb folklorike a trash\u00ebgimi emocionale, jo v\u00ebrtet\u00ebsi praktike, moral e bosht identitar!<\/p>\n<p dir=\"auto\" style=\"text-align: justify;\">Dhe, p\u00ebr k\u00ebt\u00eb lloj &#8220;Islami&#8221;, t\u00eb shumt\u00eb jan\u00eb q\u00eb shpenzojn\u00eb, q\u00eb t\u00eb ruhet si relikte e shenjt\u00eb, si gjurm\u00eb identitare, si monument kulture e &#8220;frym\u00eb e shenjt\u00eb&#8221; e &#8220;Islamit tradicional&#8221;..!?<\/p>\n<p dir=\"auto\" style=\"text-align: justify;\">P\u00ebr k\u00ebt\u00eb, duhet t\u00eb b\u00ebjm\u00eb dallim n\u00eb mesin e musliman\u00ebve praktikant\u00eb dhe musliman\u00ebve folklorik\u00eb. T\u00eb par\u00ebt, p\u00ebrpiqen, sakrifikojn\u00eb e mundohen n\u00eb rrug\u00ebn e tyre, n\u00eb fen\u00eb e tyre, n\u00eb rehatin\u00eb e shpirtit dhe vullnetin e mir\u00eb p\u00ebr t\u00eb nd\u00ebrtuar n\u00eb jet\u00eb me past\u00ebrtin\u00eb e natyrshme t\u00eb zemr\u00ebs e nijetit.<\/p>\n<p dir=\"auto\" style=\"text-align: justify;\">T\u00eb par\u00ebt jetojn\u00eb me Allah e p\u00ebr Allah! T\u00eb par\u00ebt, kur gabojn\u00eb, vrapojn\u00eb t\u00eb k\u00ebrkojn\u00eb falje, kur prishin pa vullnet, vrapojn\u00eb t\u00eb ndreqin, kur harrojn\u00eb, vrapojn\u00eb t\u00eb korrigjojn\u00eb!<\/p>\n<p dir=\"auto\" style=\"text-align: justify;\">Ata e dijn\u00eb se nuk jan\u00eb t\u00eb p\u00ebrkryer, nuk jan\u00eb t\u00eb p\u00ebrsosur, por p\u00ebrher\u00eb shpresojn\u00eb n\u00eb m\u00ebshir\u00ebn e Zotit p\u00ebr ta dhe t\u00eb dashurit e tyre, n\u00eb k\u00ebt\u00eb bot\u00eb dhe n\u00eb t\u00eb p\u00ebrtejmen!<\/p>\n<p dir=\"auto\" style=\"text-align: justify;\">Ata jan\u00eb garanci n\u00eb shoq\u00ebri, falin siguri dhe bes\u00eb, tolerojn\u00eb dhe shohin larg, mbrojn\u00eb t\u00eb af\u00ebrmin dhe nuk tolerojn\u00eb prekjen e caqeve t\u00eb fes\u00eb, jet\u00ebs, mendjes, pasuris\u00eb e nderit, sikurse nderojn\u00eb t\u00eb huajin dhe dijn\u00eb t\u00eb ruajn\u00eb kufijt\u00eb e paqes sociale, p\u00ebr t\u00eb cil\u00ebn investohen me shpirt e mund!<\/p>\n<p dir=\"auto\" style=\"text-align: justify;\">T\u00eb dyt\u00ebt, jan\u00eb pragmatist\u00eb t\u00eb hutuar, larg boshtit t\u00eb fes\u00eb e larg kultur\u00ebs mbi fen\u00eb n\u00eb vetvete. Ajo q\u00eb dijn\u00eb prej saj, (n\u00ebse v\u00ebrtet\u00eb dijn\u00eb di\u00e7ka), \u00ebsht\u00eb: &#8220;K\u00ebshtu i gjet\u00ebm baballar\u00ebt tan\u00eb t\u00eb shkuar&#8221;, por jo vet\u00ebm&#8230;<\/p>\n<p dir=\"auto\" style=\"text-align: justify;\">T\u00eb dyt\u00ebt, fen\u00eb e kan\u00eb element dyt\u00ebsor n\u00eb jet\u00ebn e tyre, a shpesh s&#8217;e kan\u00eb fare pik\u00eb referimi n\u00eb jet\u00eb. P\u00ebr ta, r\u00ebnd\u00ebsi ka mir\u00ebqenia personale, qoft\u00eb edhe n\u00eb kurriz t\u00eb harameve e zullumeve ndaj tjetrit! Po gabuan, s&#8217;pendohen, po devijuan, s&#8217;u b\u00ebhet von\u00eb, po shkel\u00ebn n\u00eb harame, e kan\u00eb p\u00ebrher\u00eb nj\u00eb justifikim! Mbi t\u00eb gjitha, mjafton &#8220;zemra e mir\u00eb&#8221;..!?<\/p>\n<p dir=\"auto\" style=\"text-align: justify;\">K\u00ebta, Allahu i udh\u00ebzoft\u00eb dhe ia ndri\u00e7oft\u00eb jet\u00ebn me Drit\u00ebn e besimit!<\/p>\n<p dir=\"auto\" style=\"text-align: justify;\">Islami folklorik \u00ebsht\u00eb thjesht\u00eb nj\u00eb shfaqje pa shpirt, pa ngjyr\u00eb e q\u00eb nuk prodhon asgj\u00eb; as l\u00ebvizje, as frym\u00eb, as rizgjim, as rim\u00ebk\u00ebmbje, as elita shoq\u00ebrore!<\/p>\n<p dir=\"auto\" style=\"text-align: justify;\">Islami folklorik \u00ebsht\u00eb asgj\u00eb, nj\u00eb model i fjetur, nj\u00eb pasues i dor\u00ebzuar, nj\u00eb targ\u00eb e vjet\u00ebruar, q\u00eb s&#8217;hyn as tek trash\u00ebgimia e respektuar, sepse \u00e7far\u00eb nuk zgjon zemr\u00ebn e nuk ngacmon mendjen p\u00ebr t\u00eb jetuar me dinjitet e krenari, nuk meriton t\u00eb vihet n\u00eb peshore!<\/p>\n<p dir=\"auto\" style=\"text-align: justify;\">Islami folklorik, nuk \u00ebsht\u00eb feja ime!<\/p>\n<p dir=\"auto\" style=\"text-align: justify;\">(N\u00eb fakt, ka koh\u00eb q\u00eb qarqe t\u00eb ndryshme bot\u00ebrore, punojn\u00eb dit\u00eb-nat\u00eb, q\u00eb Islami yn\u00eb t\u00eb kthehet n\u00eb folklor)&#8230;<\/p>\n<p class=\"o9v6fnle cxmmr5t8 oygrvhab hcukyx3x c1et5uql ii04i59q\" style=\"text-align: justify;\"><strong>Imam Muhamed B. Sytari<\/strong><br \/>\n<em>Shkod\u00ebr, 24 korrik 2021<\/em><\/p>\n","protected":false},"excerpt":{"rendered":"<div class=\"mh-excerpt\"><p>Islami folklorik, nuk \u00ebsht\u00eb feja ime! Koh\u00eb m\u00eb par\u00eb lexoja p\u00ebr nj\u00eb biznesmen kinez, q\u00eb tregonte se disa tregtar\u00eb musliman\u00eb i kishin k\u00ebrkuar t\u00eb vendoste emrat e firmave t\u00eb njohura nd\u00ebrkomb\u00ebtare, si etiket\u00eb mbi mallrat <a class=\"mh-excerpt-more\" href=\"http:\/\/muhamedsytari.net\/?p=3118\" title=\"Meditime (39)\">[&#8230;]<\/a><\/p>\n<\/div>","protected":false},"author":1,"featured_media":3119,"comment_status":"closed","ping_status":"closed","sticky":false,"template":"","format":"standard","meta":{"footnotes":""},"categories":[11],"tags":[],"class_list":["post-3118","post","type-post","status-publish","format-standard","has-post-thumbnail","hentry","category-meditime"],"_links":{"self":[{"href":"http:\/\/muhamedsytari.net\/index.php?rest_route=\/wp\/v2\/posts\/3118","targetHints":{"allow":["GET"]}}],"collection":[{"href":"http:\/\/muhamedsytari.net\/index.php?rest_route=\/wp\/v2\/posts"}],"about":[{"href":"http:\/\/muhamedsytari.net\/index.php?rest_route=\/wp\/v2\/types\/post"}],"author":[{"embeddable":true,"href":"http:\/\/muhamedsytari.net\/index.php?rest_route=\/wp\/v2\/users\/1"}],"replies":[{"embeddable":true,"href":"http:\/\/muhamedsytari.net\/index.php?rest_route=%2Fwp%2Fv2%2Fcomments&post=3118"}],"version-history":[{"count":1,"href":"http:\/\/muhamedsytari.net\/index.php?rest_route=\/wp\/v2\/posts\/3118\/revisions"}],"predecessor-version":[{"id":3120,"href":"http:\/\/muhamedsytari.net\/index.php?rest_route=\/wp\/v2\/posts\/3118\/revisions\/3120"}],"wp:featuredmedia":[{"embeddable":true,"href":"http:\/\/muhamedsytari.net\/index.php?rest_route=\/wp\/v2\/media\/3119"}],"wp:attachment":[{"href":"http:\/\/muhamedsytari.net\/index.php?rest_route=%2Fwp%2Fv2%2Fmedia&parent=3118"}],"wp:term":[{"taxonomy":"category","embeddable":true,"href":"http:\/\/muhamedsytari.net\/index.php?rest_route=%2Fwp%2Fv2%2Fcategories&post=3118"},{"taxonomy":"post_tag","embeddable":true,"href":"http:\/\/muhamedsytari.net\/index.php?rest_route=%2Fwp%2Fv2%2Ftags&post=3118"}],"curies":[{"name":"wp","href":"https:\/\/api.w.org\/{rel}","templated":true}]}}