{"id":656,"date":"2016-09-02T12:31:28","date_gmt":"2016-09-02T12:31:28","guid":{"rendered":"http:\/\/muhamedsytari.net\/?p=656"},"modified":"2016-09-07T20:11:28","modified_gmt":"2016-09-07T20:11:28","slug":"lebbejke-qe-lidh-shkodren-me-qaben-e-madhnueshme","status":"publish","type":"post","link":"http:\/\/muhamedsytari.net\/?p=656","title":{"rendered":"\u201cLebbejke\u2026\u201d, q\u00eb lidh Shkodr\u00ebn me Qaben e Madhnueshme\u2026"},"content":{"rendered":"<p style=\"text-align: justify;\">Dita e sotme, e xhumaja e par\u00eb e shtatorit 2016, nisi me emocionet e p\u00ebrcjelljes s\u00eb haxhiler\u00ebve t\u00eb k\u00ebtij viti. Sivjet, rreth 40 besimtar\u00eb, djem t\u00eb rinj, burra e gra, iu p\u00ebrgjigj\u00ebn thirrjes s\u00eb telbijes, me zem\u00ebr than\u00eb: \u201cLebbejkall-llahumme lebbejke\u201d e, drejt Mek\u00ebs e Qabes s\u00eb Madhnueshme, u nis\u00ebn me zem\u00ebr, para se t\u00eb shkelnin tok\u00ebn e bekuar\u2026<\/p>\n<p style=\"text-align: justify;\">As<span class=\"text_exposed_show\">ht i pap\u00ebrshkruesh\u00ebm emocioni q\u00eb t\u00eb rrethon n\u00eb k\u00ebsi lloj takimesh. Asht emocioni i udh\u00ebtimit m\u00eb t\u00eb \u00ebnd\u00ebrruar e m\u00eb t\u00eb dashur p\u00ebr \u00e7do musliman, n\u00eb \u00e7do cep t\u00eb bot\u00ebs\u2026 P\u00ebr k\u00ebt\u00eb, \u00ebsht\u00eb krejt e kuptueshme se pse njer\u00ebzit emocionohen, p\u00ebrloten, mall\u00ebngjehen e, dashje pa dashje, n\u00eb nj\u00eb m\u00ebnyr\u00eb a nj\u00eb tjet\u00ebr, n\u00ebp\u00ebrmjet mirazheve p\u00ebrfytyruese, e shohin veten n\u00eb Mek\u00eb, para Qabes s\u00eb Madhnueshme, n\u00eb Medinen e Ndri\u00e7uar, por jo vet\u00ebm\u2026<\/span><\/p>\n<p style=\"text-align: justify;\">E xhumaja e par\u00eb e k\u00ebtij shtatori erdhi me prekjet e telbijes, t\u00eb cilat, teksa p\u00ebrhapeshin nga minaret e xhamis\u00eb s\u00eb Parruc\u00ebs, e rrethonin Shkodr\u00ebn me nj\u00eb shtres\u00eb begatuese, n\u00eb hap\u00ebsirat e s\u00eb cil\u00ebs, kushdo e gjith\u00e7ka d\u00ebshmonte thirrjen e p\u00ebruljes e at\u00eb t\u00eb Dashnis\u00eb sublime, para duarve t\u00eb Krijuesit M\u00ebshir\u00ebplot\u00eb: \u201cLebbejke\u2026\u201d \u2013 \u201cT\u00eb p\u00ebrgjigjem o Zoti im, t\u00eb p\u00ebrgjigjem!\u201d\u2026<\/p>\n<p style=\"text-align: justify;\">\u00cbsht\u00eb thirrja m\u00eb e shtrenjt\u00eb, q\u00eb ruan ekuilibrat e jet\u00ebs, ato t\u00eb Paqes, Harmonis\u00eb e Vlerave m\u00eb t\u00eb plota humane, p\u00ebrzier me bekimet e t\u00eb Plotfuqishmit!<\/p>\n<p style=\"text-align: justify;\">\u00cbsht\u00eb thirrja e optimizmit, q\u00eb mund pesimizmin, mjegullnajat e realiteteve imponuese, \u00e7do t\u00eb keqe n\u00eb jet\u00eb, sado q\u00eb njeriu beson se, kjo bot\u00eb e ky univers e kan\u00eb Nj\u00eb Zot, q\u00eb sheh e d\u00ebgjon, q\u00eb shp\u00ebrblen e nd\u00ebshkon, q\u00eb jep e merr, q\u00eb bekon me mir\u00ebsit\u00eb e Tij rrug\u00ebtuesit n\u00eb drejtim t\u00eb paqes e paqtimit.., besimtar\u00ebt e v\u00ebrtet\u00eb n\u00eb \u201cLebbejke\u2026\u201d!<\/p>\n<p style=\"text-align: justify;\">Sot, m\u00eb 2 shtator 2016, me telbije n\u00eb goj\u00eb, me lutjet e prind\u00ebve t\u00eb shtrenjt\u00eb, besimtar\u00ebve t\u00eb dashur, familjar\u00ebve, miqve e qytetar\u00ebve t\u00eb Shkodr\u00ebs besimtare, tham\u00eb me zem\u00ebr: \u201cBismil-lah!\u201d e, bashkarisht, u nis\u00ebm drejt ma t\u00eb mirit e ma t\u00eb bekuarit vend t\u00eb bot\u00ebs ton\u00eb, p\u00ebr kryerjen e haxhit t\u00eb sivjetsh\u00ebm..!<\/p>\n<p style=\"text-align: justify;\">Lebbejkall-llahumme lebbejke\u2026<\/p>\n<p style=\"text-align: justify;\">(Rrug\u00eb t\u00eb mbar\u00eb, Haxhiler\u00eb t\u00eb Shkod\u00ebrloces, Shqip\u00ebris\u00eb e mbar\u00eb ymmetit ton\u00eb islam!)<\/p>\n<p style=\"text-align: right;\"><span class=\"text_exposed_show\"><strong>Imam Muhamed B. Sytari<\/strong><br \/>\n<em>Shkod\u00ebr-Mek\u00eb, 2-3 shtator 2016<\/em><\/span><\/p>\n","protected":false},"excerpt":{"rendered":"<div class=\"mh-excerpt\"><p>Dita e sotme, e xhumaja e par\u00eb e shtatorit 2016, nisi me emocionet e p\u00ebrcjelljes s\u00eb haxhiler\u00ebve t\u00eb k\u00ebtij viti. Sivjet, rreth 40 besimtar\u00eb, djem t\u00eb rinj, burra e gra, iu p\u00ebrgjigj\u00ebn thirrjes s\u00eb telbijes, <a class=\"mh-excerpt-more\" href=\"http:\/\/muhamedsytari.net\/?p=656\" title=\"\u201cLebbejke\u2026\u201d, q\u00eb lidh Shkodr\u00ebn me Qaben e Madhnueshme\u2026\">[&#8230;]<\/a><\/p>\n<\/div>","protected":false},"author":1,"featured_media":657,"comment_status":"closed","ping_status":"closed","sticky":false,"template":"","format":"standard","meta":{"footnotes":""},"categories":[2],"tags":[],"class_list":["post-656","post","type-post","status-publish","format-standard","has-post-thumbnail","hentry","category-editorial"],"_links":{"self":[{"href":"http:\/\/muhamedsytari.net\/index.php?rest_route=\/wp\/v2\/posts\/656","targetHints":{"allow":["GET"]}}],"collection":[{"href":"http:\/\/muhamedsytari.net\/index.php?rest_route=\/wp\/v2\/posts"}],"about":[{"href":"http:\/\/muhamedsytari.net\/index.php?rest_route=\/wp\/v2\/types\/post"}],"author":[{"embeddable":true,"href":"http:\/\/muhamedsytari.net\/index.php?rest_route=\/wp\/v2\/users\/1"}],"replies":[{"embeddable":true,"href":"http:\/\/muhamedsytari.net\/index.php?rest_route=%2Fwp%2Fv2%2Fcomments&post=656"}],"version-history":[{"count":2,"href":"http:\/\/muhamedsytari.net\/index.php?rest_route=\/wp\/v2\/posts\/656\/revisions"}],"predecessor-version":[{"id":659,"href":"http:\/\/muhamedsytari.net\/index.php?rest_route=\/wp\/v2\/posts\/656\/revisions\/659"}],"wp:featuredmedia":[{"embeddable":true,"href":"http:\/\/muhamedsytari.net\/index.php?rest_route=\/wp\/v2\/media\/657"}],"wp:attachment":[{"href":"http:\/\/muhamedsytari.net\/index.php?rest_route=%2Fwp%2Fv2%2Fmedia&parent=656"}],"wp:term":[{"taxonomy":"category","embeddable":true,"href":"http:\/\/muhamedsytari.net\/index.php?rest_route=%2Fwp%2Fv2%2Fcategories&post=656"},{"taxonomy":"post_tag","embeddable":true,"href":"http:\/\/muhamedsytari.net\/index.php?rest_route=%2Fwp%2Fv2%2Ftags&post=656"}],"curies":[{"name":"wp","href":"https:\/\/api.w.org\/{rel}","templated":true}]}}