{"id":674,"date":"2016-09-07T18:19:16","date_gmt":"2016-09-07T18:19:16","guid":{"rendered":"http:\/\/muhamedsytari.net\/?p=674"},"modified":"2016-09-08T18:20:14","modified_gmt":"2016-09-08T18:20:14","slug":"mu-kujtua-se-edhe-salahudin-ejjubi-nuk-ishte-arab","status":"publish","type":"post","link":"http:\/\/muhamedsytari.net\/?p=674","title":{"rendered":"M\u2019u kujtua se, edhe Salahudin Ejjubi nuk ishte arab\u2026"},"content":{"rendered":"<p style=\"text-align: justify;\">Sonte, n\u00eb tavafet e k\u00ebsaj nate t\u00eb d\u00ebshmuar, m\u00eb t\u00ebrhoqi v\u00ebmendjen prania e disa grupeve nga vende t\u00eb ndryshme afrikane, si: \u00c7adi, Mali, Nigeria, Bregu i Fildisht\u00eb etj. N\u00eb mesin e asaj pranie t\u00eb st\u00ebrmadhe njer\u00ebzish nga \u00e7do kultur\u00eb e sistem, natyrsh\u00ebm, grupet afrikane nuk p\u00ebrb\u00ebjn\u00eb nj\u00eb mum\u00ebr t\u00eb madh. Por, ajo q\u00eb m\u00eb t\u00ebrhoqi t\u00eb shkruaj k\u00ebto rreshta \u00ebsht\u00eb nj\u00eb detaj jo pak i r\u00ebnd\u00ebsish\u00ebm nga jeta e tyre, ndoshta m\u00eb i r\u00ebnd\u00ebsishmi!?<\/p>\n<p style=\"text-align: justify;\">N<span class=\"text_exposed_show\">ga pamja e par\u00eb e tyre, e kupton fare leht\u00eb se ata jan\u00eb njer\u00ebz t\u00eb shtypur, t\u00eb skllav\u00ebruar, t\u00eb grabitur, t\u00eb vjedhur, t\u00eb rreckosur e t\u00eb dhunuar n\u00eb lirit\u00eb e tyre dhe pasurit\u00eb natyrore q\u00eb Zoti i gjith\u00ebsis\u00eb u ka dh\u00ebn\u00eb vendeve t\u00eb tyre. K\u00ebto pasuri grabiten sistematikisht nga ligj\u00ebruesit e demokracis\u00eb, lirive dhe ruajtjes s\u00eb paqes n\u00eb bot\u00eb!? Pasurit\u00eb e tyre shkojn\u00eb larg, teksa ata ngelen t\u00eb skllav\u00ebruar, t\u00eb varf\u00ebruar, nevojtar\u00eb t\u00eb kafshat\u00ebs, teksa punojn\u00eb p\u00ebr t\u00eb mxjerr\u00eb pasurit\u00eb e tyre legjitime p\u00ebr \u201cmbrojt\u00ebsit e demokracis\u00eb dhe lirive n\u00eb bot\u00eb\u201d!..<\/span><\/p>\n<div class=\"text_exposed_show\">\n<p style=\"text-align: justify;\">Dhe, teksa p\u00ebrp\u00eblitesha n\u00eb k\u00ebto mendime, nj\u00eb mesoburr\u00eb, diku af\u00ebr meje n\u00eb tavaf, lutej me z\u00eb t\u00eb lart\u00eb: \u201cO Zot \u00e7liroje Palestin\u00ebn\u2026\u201d, teksa nj\u00eb z\u00eb f\u00ebminor th\u00ebrriste: \u201cAmin!\u201d\u2026 Ai z\u00eb t\u00ebrhoqi v\u00ebmendjen e shum\u00ebkujt n\u00eb at\u00eb rreth, aq sa t\u00eb gjith\u00eb nis\u00ebm t\u00eb p\u00ebrs\u00ebrisnim me t\u00eb: \u201cAmin!\u201d\u2026<\/p>\n<p style=\"text-align: justify;\">Ata nuk ishin arab\u00eb, (a k\u00ebshtu m\u2019u b\u00eb)\u2026 M\u2019u kujtua se, edhe Salahudin Ejjubi nuk ishte arab dhe, shpresova q\u00eb ai djal\u00eb t\u00eb jet\u00eb Salahudini i koh\u00ebs s\u00eb tij&#8230;<\/p>\n<p style=\"text-align: justify;\">Pastaj, q\u00eblloi t\u00eb takohem rast\u00ebsisht me nj\u00eb t\u00eb ri nga Halebi i Siris\u00eb\u2026 Dukej se kishte kaluar brenga e halle n\u00eb t\u00eb shkuar\u00ebn e tij t\u00eb af\u00ebrt\u2026 \u201cNa e kan\u00eb shkat\u00ebrruar sht\u00ebpin\u00eb, pasurit\u00eb krejt..!\u201d-, tha me gjys\u00ebm z\u00ebri\u2026 S\u00ebrish m\u2019u kujtuan \u201cmbrojt\u00ebsit e demokracive dhe lirive\u201d n\u00eb bot\u00eb\u2026 Dhe, vet\u00ebtimthi m\u00eb erdhi nd\u00ebr mend ajeti kur\u2019anor: \u201cMos mendo se, All-llahu \u00ebsht\u00eb i hutuar ndaj asaj q\u00eb b\u00ebjn\u00eb zullumqar\u00ebt\u2026\u201d<\/p>\n<p style=\"text-align: justify;\">Ky ajet m\u00eb shfaqej parasysh, saher\u00eb kaloja pran\u00eb njer\u00ebzve t\u00eb mir\u00eb, thatim\u00ebt afrikan\u00eb, pamja e t\u00eb cil\u00ebve d\u00ebshmon dhimbje e vuajtje, fytyrat e tyre paqe e dlir\u00ebsi shpirti\u2026<\/p>\n<p style=\"text-align: right;\"><strong>Imam Muhamed B. Sytari<\/strong><br \/>\n<em>Mek\u00eb, m\u00eb 7 shtator 2016<\/em><\/p>\n<\/div>\n","protected":false},"excerpt":{"rendered":"<div class=\"mh-excerpt\"><p>Sonte, n\u00eb tavafet e k\u00ebsaj nate t\u00eb d\u00ebshmuar, m\u00eb t\u00ebrhoqi v\u00ebmendjen prania e disa grupeve nga vende t\u00eb ndryshme afrikane, si: \u00c7adi, Mali, Nigeria, Bregu i Fildisht\u00eb etj. N\u00eb mesin e asaj pranie t\u00eb st\u00ebrmadhe <a class=\"mh-excerpt-more\" href=\"http:\/\/muhamedsytari.net\/?p=674\" title=\"M\u2019u kujtua se, edhe Salahudin Ejjubi nuk ishte arab\u2026\">[&#8230;]<\/a><\/p>\n<\/div>","protected":false},"author":1,"featured_media":675,"comment_status":"closed","ping_status":"closed","sticky":false,"template":"","format":"standard","meta":{"footnotes":""},"categories":[2],"tags":[],"class_list":["post-674","post","type-post","status-publish","format-standard","has-post-thumbnail","hentry","category-editorial"],"_links":{"self":[{"href":"http:\/\/muhamedsytari.net\/index.php?rest_route=\/wp\/v2\/posts\/674","targetHints":{"allow":["GET"]}}],"collection":[{"href":"http:\/\/muhamedsytari.net\/index.php?rest_route=\/wp\/v2\/posts"}],"about":[{"href":"http:\/\/muhamedsytari.net\/index.php?rest_route=\/wp\/v2\/types\/post"}],"author":[{"embeddable":true,"href":"http:\/\/muhamedsytari.net\/index.php?rest_route=\/wp\/v2\/users\/1"}],"replies":[{"embeddable":true,"href":"http:\/\/muhamedsytari.net\/index.php?rest_route=%2Fwp%2Fv2%2Fcomments&post=674"}],"version-history":[{"count":1,"href":"http:\/\/muhamedsytari.net\/index.php?rest_route=\/wp\/v2\/posts\/674\/revisions"}],"predecessor-version":[{"id":676,"href":"http:\/\/muhamedsytari.net\/index.php?rest_route=\/wp\/v2\/posts\/674\/revisions\/676"}],"wp:featuredmedia":[{"embeddable":true,"href":"http:\/\/muhamedsytari.net\/index.php?rest_route=\/wp\/v2\/media\/675"}],"wp:attachment":[{"href":"http:\/\/muhamedsytari.net\/index.php?rest_route=%2Fwp%2Fv2%2Fmedia&parent=674"}],"wp:term":[{"taxonomy":"category","embeddable":true,"href":"http:\/\/muhamedsytari.net\/index.php?rest_route=%2Fwp%2Fv2%2Fcategories&post=674"},{"taxonomy":"post_tag","embeddable":true,"href":"http:\/\/muhamedsytari.net\/index.php?rest_route=%2Fwp%2Fv2%2Ftags&post=674"}],"curies":[{"name":"wp","href":"https:\/\/api.w.org\/{rel}","templated":true}]}}