{"id":683,"date":"2016-09-10T20:05:58","date_gmt":"2016-09-10T20:05:58","guid":{"rendered":"http:\/\/muhamedsytari.net\/?p=683"},"modified":"2016-09-11T20:08:40","modified_gmt":"2016-09-11T20:08:40","slug":"ky-eshte-qyteti-i-bardhe-ky-eshte-njeriu-me-te-bardha","status":"publish","type":"post","link":"http:\/\/muhamedsytari.net\/?p=683","title":{"rendered":"Ky \u00ebsht\u00eb Qyteti i Bardh\u00eb, ky \u00ebsht\u00eb Njeriu me t\u00eb bardha\u2026"},"content":{"rendered":"<p style=\"text-align: justify;\">Kudo n\u00eb Mina, mbizot\u00ebron e bardha. Nj\u00eb pafund\u00ebsi \u00e7adrash t\u00eb banueshme, q\u00eb formojn\u00eb nj\u00eb panoram\u00eb magjeps\u00ebse vizatuar me t\u00eb bardh\u00eb. Vet\u00ebm e bardha spikat. Burrat veshur me ihram, (dy peshqir\u00eb t\u00eb m\u00ebdhenj t\u00eb bardh\u00eb, me t\u00eb cil\u00ebt mbulohet gjysma e poshtme e trupit, si dhe krah\u00ebt dhe gjoksi, n\u00eb nj\u00eb veshje tipike p\u00ebr ritualet e Haxhit, ku bart\u00ebsit e tij zhvishen nga \u00e7do rrob\u00eb tjet\u00ebr e jet\u00ebs s\u00eb p\u00ebrditshme), p\u00ebrhapen n\u00eb \u00e7do horizo<span class=\"text_exposed_show\">nt t\u00eb pamjes, duke formuar nj\u00eb hap\u00ebsir\u00eb aq t\u00eb madhe, sa krejt natyrsh\u00ebm mund ta quash: Qyteti i Bardh\u00eb, ose Vendi i t\u00eb Bardh\u00ebve!<\/span><\/p>\n<div class=\"text_exposed_show\">\n<p style=\"text-align: justify;\">Minaja \u00ebsht\u00eb nj\u00eb zon\u00eb e mbushur me episode nga Haxhi i vet\u00ebm i Resulull-llahut (a.s), n\u00eb t\u00eb cilin pat th\u00ebn\u00eb: \u201cMerrni prej meje ritualet tuaja (t\u00eb Haxhit)\u201d. Dhe, q\u00eb nga ai vit dhe ai Haxh, Minaja \u00ebsht\u00eb stacioni i par\u00eb i ritualeve t\u00eb Haxhit, n\u00eb prag t\u00eb shteg\u00ebtimit drejt Arefatit, Muzdelifes\u00eb e deri n\u00eb plot\u00ebsimin e krejt sharteve t\u00eb adhurimit me t\u00eb bardha\u2026<\/p>\n<p style=\"text-align: justify;\">N\u00eb Mina, (si kudo n\u00eb Mek\u00eb e Medine), ka siguri, aq sa edhe po t\u00eb mundohem ta p\u00ebrshkruaj s\u2019do ia arrija dhe s\u2019do perceptohej, pa u prekur e jetuar, shijuar e ndjer\u00eb!<\/p>\n<p style=\"text-align: justify;\">Tema e siguris\u00eb s\u00eb \u201cQytetit t\u00eb Bardh\u00eb\u201d, lidhet me Islamin, me Dashnin\u00eb e Zotit dhe mrekullin\u00eb e besimit. Ky detaj kredo i k\u00ebtij vendi, m\u00eb kujtoi nj\u00eb nga derset e dijetarit t\u00eb shquar t\u00eb shekullit, Shejkh Ahmed Keftaro, vite t\u00eb larg\u00ebta n\u00eb Damask. Thoshte: \u201cN\u00eb Islam nuk ka nevoj\u00eb p\u00ebr polici, as p\u00ebr burgje, sepse vet\u00eb individi musliman karakterizohet nga nj\u00eb sistem vet\u00ebkontrolli, q\u00eb e b\u00ebn t\u00eb frenoj\u00eb ku duhet, por edhe ta pranoj\u00eb vet\u00eb t\u00eb keqen q\u00eb ka b\u00ebr\u00eb\u2026\u201d<\/p>\n<p style=\"text-align: justify;\">Fillimisht, kur i kam d\u00ebgjuar k\u00ebto fjal\u00eb, kam qen\u00eb n\u00eb dilem\u00eb, n\u00ebse do e shihja n\u00eb realitet k\u00ebt\u00eb pohim t\u00eb Hoxh\u00ebs, a jo. Dhe, e v\u00ebrteta \u00ebsht\u00eb se, pik\u00ebrisht n\u00eb Mina d\u00ebshmohet kjo p\u00ebrkryerje e moralit dhe nd\u00ebrgjegjes islame n\u00eb sjelljen dhe komunikimin e njer\u00ebzve me rroba t\u00eb bardha!<\/p>\n<p style=\"text-align: justify;\">Mendo, jan\u00eb miliona njer\u00ebz nga mbar\u00eb bota, nga krejt racat, nga \u00e7do kultur\u00eb e tradit\u00eb, gjuh\u00eb e zakon, por q\u00eb komunikojn\u00eb paq\u00ebsisht n\u00eb mes vete, pa pasur nevoj\u00eb p\u00ebr forca rendi, pa pasur frik\u00eb nga nj\u00ebri-tjetri, pa paragjykuar njeri dhe, me nj\u00eb ndjenj\u00eb t\u00eb jasht\u00ebzakonshme bamir\u00ebsie ndaj tjetrit!<\/p>\n<p style=\"text-align: justify;\">Ky \u00ebsht\u00eb Qyteti i Bardh\u00eb, ky \u00ebsht\u00eb Njeriu me t\u00eb bardha, (q\u00eb do ta kishte nder e vler\u00eb \u00e7do vend, t\u2019i kishte qytetar\u00ebt e tij t\u00eb till\u00eb), kjo \u00ebsht\u00eb Minaja e ritualeve t\u00eb Haxhit t\u00eb Hz. Muhammedit (a.s)\u2026<\/p>\n<p style=\"text-align: right;\"><strong>Imam Muhamed B. Sytari<\/strong><br \/>\n<em>Mina (Mek\u00eb), m\u00eb 10 shtator 2016<\/em><\/p>\n<\/div>\n","protected":false},"excerpt":{"rendered":"<div class=\"mh-excerpt\"><p>Kudo n\u00eb Mina, mbizot\u00ebron e bardha. Nj\u00eb pafund\u00ebsi \u00e7adrash t\u00eb banueshme, q\u00eb formojn\u00eb nj\u00eb panoram\u00eb magjeps\u00ebse vizatuar me t\u00eb bardh\u00eb. Vet\u00ebm e bardha spikat. Burrat veshur me ihram, (dy peshqir\u00eb t\u00eb m\u00ebdhenj t\u00eb bardh\u00eb, me <a class=\"mh-excerpt-more\" href=\"http:\/\/muhamedsytari.net\/?p=683\" title=\"Ky \u00ebsht\u00eb Qyteti i Bardh\u00eb, ky \u00ebsht\u00eb Njeriu me t\u00eb bardha\u2026\">[&#8230;]<\/a><\/p>\n<\/div>","protected":false},"author":1,"featured_media":684,"comment_status":"closed","ping_status":"closed","sticky":false,"template":"","format":"standard","meta":{"footnotes":""},"categories":[2],"tags":[],"class_list":["post-683","post","type-post","status-publish","format-standard","has-post-thumbnail","hentry","category-editorial"],"_links":{"self":[{"href":"http:\/\/muhamedsytari.net\/index.php?rest_route=\/wp\/v2\/posts\/683","targetHints":{"allow":["GET"]}}],"collection":[{"href":"http:\/\/muhamedsytari.net\/index.php?rest_route=\/wp\/v2\/posts"}],"about":[{"href":"http:\/\/muhamedsytari.net\/index.php?rest_route=\/wp\/v2\/types\/post"}],"author":[{"embeddable":true,"href":"http:\/\/muhamedsytari.net\/index.php?rest_route=\/wp\/v2\/users\/1"}],"replies":[{"embeddable":true,"href":"http:\/\/muhamedsytari.net\/index.php?rest_route=%2Fwp%2Fv2%2Fcomments&post=683"}],"version-history":[{"count":1,"href":"http:\/\/muhamedsytari.net\/index.php?rest_route=\/wp\/v2\/posts\/683\/revisions"}],"predecessor-version":[{"id":685,"href":"http:\/\/muhamedsytari.net\/index.php?rest_route=\/wp\/v2\/posts\/683\/revisions\/685"}],"wp:featuredmedia":[{"embeddable":true,"href":"http:\/\/muhamedsytari.net\/index.php?rest_route=\/wp\/v2\/media\/684"}],"wp:attachment":[{"href":"http:\/\/muhamedsytari.net\/index.php?rest_route=%2Fwp%2Fv2%2Fmedia&parent=683"}],"wp:term":[{"taxonomy":"category","embeddable":true,"href":"http:\/\/muhamedsytari.net\/index.php?rest_route=%2Fwp%2Fv2%2Fcategories&post=683"},{"taxonomy":"post_tag","embeddable":true,"href":"http:\/\/muhamedsytari.net\/index.php?rest_route=%2Fwp%2Fv2%2Ftags&post=683"}],"curies":[{"name":"wp","href":"https:\/\/api.w.org\/{rel}","templated":true}]}}