{"id":1002,"date":"2016-11-29T07:43:51","date_gmt":"2016-11-29T07:43:51","guid":{"rendered":"http:\/\/muhamedsytari.net\/?p=1002"},"modified":"2016-11-30T07:46:13","modified_gmt":"2016-11-30T07:46:13","slug":"e-me-ardh-ke-ti-o-shkodre-te-shof-drinin-e-bujanen","status":"publish","type":"post","link":"https:\/\/muhamedsytari.net\/?p=1002","title":{"rendered":"&#8220;E me ardh ke ti, o Shkodr\u00eb, t\u00eb shof Drinin e Bujan\u00ebn!&#8221;&#8230;"},"content":{"rendered":"<p style=\"text-align: justify;\">N\u00eb vazhd\u00ebn e ekspozimit t\u00eb disa teksteve me vler\u00eb mbi tem\u00ebn e pavar\u00ebsis\u00eb dhe ndjenj\u00ebs komb\u00ebtare tek hoxhallar\u00ebt dhe intelektual\u00ebt e shkuar musliman\u00eb t\u00eb vendit ton\u00eb, n\u00eb mbyllje t\u00eb k\u00ebtij cikli me tri hallka, (natyrsh\u00ebm, duke theksuar se kjo pun\u00eb imja modeste ka p\u00ebr q\u00ebllim vet\u00ebm nj\u00eb pasqyrim sip\u00ebrfaq\u00ebsor, jo m\u00eb tep\u00ebr), dua t\u00eb sjell n\u00eb v\u00ebmendjen tuaj edhe disa gjurm\u00eb t\u00eb mrekullueshme, t\u00eb regjistruara nga botimet e asaj kohe.<\/p>\n<p style=\"text-align: justify;\">Vijon nga revista &#8220;KULTURA ISLAME&#8221;&#8230;<\/p>\n<p style=\"text-align: justify;\">* Gjuha amtare<\/p>\n<p style=\"text-align: justify;\">N\u00ebn rubrik\u00ebn &#8220;HIMNI I JET\u00cbS&#8221;, botohet edhe kjo poezi e bukur me nj\u00ebzet strofa, me titullin e lartcituar: &#8220;Gjuha amtare&#8221;. Po sjell nj\u00eb pjes\u00eb prej saj:<\/p>\n<p style=\"text-align: justify;\">&#8220;Edhe yjt\u00eb edhe Djelli&#8230;<br \/>\nKurr, dhe H\u00ebna s&#8217;na ndri\u00e7on\u00eb;<br \/>\nAs kometat q\u00eb nga Qjelli&#8230;<br \/>\nZemr\u00ebn kush s&#8217;na e p\u00ebrg\u00ebzon\u00eb!<\/p>\n<p style=\"text-align: justify;\">Gjuh&#8217; amtare, plot kujtime<br \/>\nSe, n\u00eb Ty lind, me Ty vdes\u00eb!<br \/>\nP\u00ebr hir t&#8217;\u00ebnd na b\u00ebjn\u00eb nderime&#8230;<br \/>\nDhe s&#8217;na l\u00ebn\u00eb n\u00eb harres\u00eb!<br \/>\n&#8230;<br \/>\nGjuh&#8217; e shijshme, Gjuh&#8217; Shqiptare;<br \/>\nGjuh&#8217; antike, e kulluar.<br \/>\nGjuh&#8217; e hijshme, Gjuh&#8217; krenare,<br \/>\nGjuh&#8217; e \u00ebmb\u00ebl, e nderuar!<br \/>\n&#8230;<br \/>\nRreth Ty, t\u00ebr\u00eb do q\u00ebndrojm\u00eb<br \/>\nSimbol jete pse t\u00eb kemi;<br \/>\nDhe, me gjak do t\u00eb k\u00ebndojm\u00eb<br \/>\nDjem e vasha, gjith sa jemi!<br \/>\n&#8230;<br \/>\nRrofsh! O Gjuha Komb\u00ebtare<br \/>\nShpres&#8217; e Jet\u00ebs dhe mburoj\u00eb<br \/>\nRroft Rinija Shqip\u00ebtare<br \/>\nMe vepra t\u00eb t&#8217;lul\u00ebzoj\u00eb!&#8221; &#8211; (M. L., viti i VI, Prill, 1945, nr. 3-4 (63), f. 72)<\/p>\n<p style=\"text-align: justify;\">&#8220;NJERIU&#8221;<\/p>\n<p style=\"text-align: justify;\">(Revist\u00eb e p\u00ebrmuejshme shpirtnore kulturore<br \/>\nKorrik 1942 &#8211; Shtator 1944)<\/p>\n<p style=\"text-align: justify;\">Sh\u00ebnimet e k\u00ebtij cikli do t&#8217;i mbyll me revist\u00ebn &#8220;Njeriu&#8221;. Jan\u00eb shkrime, studime, mesazhe, kujtime, himne e p\u00ebrkushtime pa fund, q\u00eb i kushtohen dashnis\u00eb s\u00eb Atdheut, flamurit, harmonis\u00eb e v\u00ebllaz\u00ebris\u00eb komb\u00ebtare, etj., q\u00eb mbushin faqet e numrave t\u00eb ndrysh\u00ebm t\u00eb saj.<\/p>\n<p style=\"text-align: justify;\">(Besoj se, studiuesit dhe t\u00eb interesuarit p\u00ebr t&#8217;u thelluar akoma m\u00eb tej, kan\u00eb shum\u00eb p\u00ebr t\u00eb nxjerr\u00eb nga kjo gurr\u00eb e vlefshme e ndjenj\u00ebs komb\u00ebtare).<\/p>\n<p style=\"text-align: justify;\">* NAIMI, poeti i flakt\u00eb i liris\u00eb dhe i bashkimit komb\u00ebtar<\/p>\n<p style=\"text-align: justify;\">&#8220;Gjith\u00eb \u00e7&#8217;jemi Shqip\u00ebtar\u00eb,<br \/>\nJemi nj\u00eb fis e nj\u00eb far\u00eb,<br \/>\nKemi t\u00ebr\u00eb nj\u00eb shpres\u00eb,<br \/>\nNj\u00eb gjak, nj\u00eb gjuh\u00eb, nj\u00eb bes\u00eb,<br \/>\nBes\u00eb kemi Per\u00ebndin\u00eb,<br \/>\nDhe ligj\u00eb v\u00ebllaz\u00ebrin\u00eb&#8230;&#8221; &#8211; (viti i II-t\u00eb, Tetor 1943, nr. 4 (16), f. 1)<\/p>\n<p style=\"text-align: justify;\">* Urt\u00ebsi o shqiptar\u00eb!<\/p>\n<p style=\"text-align: justify;\">Autori, Vasil Xha\u00e7ka, teksa shkruan mbi kthimin e eshtrave t\u00eb Naim Frash\u00ebrit n\u00eb atdhe, si &#8220;nj\u00eb d\u00ebshir\u00eb e Shqiptarismit&#8221;, i referohet Poetit ton\u00eb t\u00eb madh komb\u00ebtar, q\u00eb shkruante:<\/p>\n<p style=\"text-align: justify;\">&#8220;T\u00eb munjam t\u00eb fluturonja e t\u00eb kisham krah\u00eb si ti!<br \/>\nMe gaz t\u00eb math do t&#8217;i vinjam Shqip\u00ebris\u00eb brenda n\u00eb gji!<br \/>\nP\u00ebr me marr\u00eb drejt Shkumbin\u00eb edh&#8217; Elbasan e Tiran\u00ebn,<br \/>\nE me ardh ke ti, o Shkodr\u00eb, t\u00eb shof Drinin e Bujan\u00ebn!&#8221; &#8211; (po aty, f. 9)<\/p>\n<p style=\"text-align: justify;\">* Babaj&#8217; i Kombit<\/p>\n<p style=\"text-align: justify;\">N\u00eb k\u00ebt\u00eb shkrim, autori, Shero Imami thekson se: &#8220;Naim Frash\u00ebri k\u00ebndoj bukurit dhe madh\u00ebshtin e m\u00ebm\u00ebdheut t\u00eb dashur&#8230;<\/p>\n<p style=\"text-align: justify;\">Aty u lind, rojti, shkrojti, dhe vdiq po p\u00ebr Shqipnin e bukur&#8230;<br \/>\n&#8230;<br \/>\nNaimi nuk shkroj poezi, q\u00eb t\u00eb dukesh nes\u00ebr si poet, por ay desh q\u00eb t&#8217;i sh\u00ebrbente vendit n\u00eb \u00e7do m\u00ebnyr\u00eb, shkroj historin t&#8217;on\u00eb t\u00eb shk\u00eblqyer tri mij vje\u00e7are, epopet epike, e veprat e njer\u00ebsve, q\u00eb ka nxjerr\u00eb gjiri i yn\u00eb&#8230;<br \/>\n&#8230;<br \/>\nPrandaj Naimi q\u00ebndron i pari n\u00eb mes t\u00eb njer\u00ebsve e fytyrave t\u00eb k\u00ebtij kombi&#8230;&#8221; &#8211; (po aty, f. 12)<\/p>\n<p style=\"text-align: justify;\">* Hymn&#8217; i ri i Flamurit<\/p>\n<p style=\"text-align: justify;\">Himni n\u00eb fjal\u00eb \u00ebsht\u00eb nxjerr\u00eb nga libri: &#8220;Konkursi p\u00ebr Hymnin e Flamurit&#8221;. Osja i Ri, \u00ebsht\u00eb emri i autorit t\u00eb Himnit, prej t\u00eb cilit po citoj:<\/p>\n<p style=\"text-align: justify;\">&#8220;O Flamur, yll i Liris\u00eb,<br \/>\nVal\u00ebvit me plot shk\u00eblqim,<br \/>\nE prej qiellit t&#8217;Shqip\u00ebris\u00eb<br \/>\nT\u00eb d\u00ebgjohet n\u00eb amshim<br \/>\nRrahja e lum&#8217; e pal\u00ebs s&#8217;ate,<br \/>\nKuq si gjaku trim\u00ebror<br \/>\nI krenarve bij q\u00eb pate<br \/>\nDhe p\u00ebr nder t&#8217;u b\u00ebn\u00eb theror! &#8230;&#8221; &#8211; (viti i II-t\u00eb, Nanduer, 1943, nr. 5 (17), f. 1)<\/p>\n<p style=\"text-align: justify;\">* Pas tridhjet e nj\u00eb vjet!<\/p>\n<p style=\"text-align: justify;\">&#8220;Si shkuan tridhjet e nj\u00eb vjet?<br \/>\n&#8230;<br \/>\nKaluan tridhjet\u00eb e nji vjet, si tridhjet\u00eb e nji dit\u00eb!.. Shumica e atyre duarve t\u00eb bekuara q\u00eb ngrit\u00ebn Flamurin Komb\u00ebtar n\u00eb Vlor\u00eb, m\u00eb 28 N\u00ebntor 1912, dyke pasur n\u00eb krye Plakun e Shenjt, Ismail Qemalin, kan\u00eb per\u00ebnduar\u00eb!..<br \/>\n&#8230;<br \/>\nHistoria na tregon se nj\u00eb komb, nj\u00eb popull ose nj\u00eb shoq\u00ebri njer\u00ebzore, q\u00eb nuk mban t\u00eb lidhura ngusht\u00ebsisht marr\u00ebdh\u00ebnjet shpirtnore me kujtimet e shenjta t\u00eb brezave t\u00eb kaluara, nj\u00eb vend q\u00eb mohon shtratin themelonj\u00ebs s\u00eb rezistenc\u00ebs gjakut e rac\u00ebs me t\u00eb cil\u00ebt \u00ebsht\u00eb gatuar gjat\u00eb udh\u00ebtimit t\u00eb shekujve, si p\u00ebrfundim tragjik i humbet tiparet e v\u00ebrtet\u00ebsia ethnike, dhe i bjer\u00eb cilsit\u00eb e shquara t\u00eb ndjesive bujare e fisnike.<br \/>\n&#8230;<br \/>\nNuk kam p\u00ebr t\u00eb harruar kurr\u00eb, deri sa t\u00eb vdes, pamjen mall\u00ebngjimtare t\u00eb 28 N\u00ebntorit 1940-t\u00ebs, kur k\u00ebrkohesh kremtimi i k\u00ebsaj dite t\u00eb shenjt, n\u00ebn hijen e zez\u00eb t&#8217;atij flamuri t\u00eb bastardhuar me k\u00ebthetrat dredhanike fashiste&#8230;&#8221; &#8211; (Gjimimi i Tomorrit, po aty, f. 5-7)<\/p>\n<p style=\"text-align: justify;\">P\u00ebr mbyllje,<\/p>\n<p style=\"text-align: justify;\">Jan\u00eb t\u00eb panum\u00ebrta gjurm\u00ebt e shkruara e t\u00eb arkivuara t\u00eb ruajtjes s\u00eb vet\u00ebdijes komb\u00ebtare, nderimit t\u00eb flamurit komb\u00ebtar e nxitjes s\u00eb atdhedashuris\u00eb, (por, jo vet\u00ebm), n\u00eb jet\u00ebn dhe gjurm\u00ebt e hoxhallar\u00ebve tan\u00eb, intelektual\u00ebve t\u00eb shquar musliman\u00eb, medresist\u00ebve, imam\u00ebve e besimtar\u00ebve t\u00eb edukuar e m\u00ebkuar me k\u00ebt\u00eb frym\u00eb p\u00ebr gjat\u00eb shekujve, dekadave e viteve.<\/p>\n<p style=\"text-align: justify;\">Prandaj, sot m\u00eb shum\u00eb se kurr\u00eb, duhet t\u00eb kthejm\u00eb mbrapsht dhe t\u00eb distancohemi nga krejt propagandat ogurzeza t\u00eb disa modeleve pa identitet, q\u00eb shiten e reklamohen si atdhetar\u00eb t\u00eb flak\u00ebt, teksa p\u00ebrhapin gjithandej urrejtje, t\u00eb andrallosur n\u00eb bot\u00ebn e tyre antagoniste e plot mllefe kund\u00ebr musliman\u00ebve, hoxhallar\u00ebve dhe imam\u00ebve t\u00eb kombit!<\/p>\n<p style=\"text-align: justify;\">Ne si musliman\u00eb, Islamin ton\u00eb e kemi t\u00eb shenjt\u00eb! Nj\u00ebkoh\u00ebsisht, nuk fyejm\u00eb fen\u00eb e askujt dhe p\u00ebrpiqemi maksimalisht t\u00eb nd\u00ebrtojm\u00eb ura komunikimi, duke d\u00ebshmuar vullnetin e madh t\u00eb ruajtjes dhe mbrojtjes s\u00eb harmonis\u00eb komb\u00ebtare dhe asaj humane me k\u00ebdo q\u00eb d\u00ebshmon pjekuri, vlera dhe dinjitet!<\/p>\n<p style=\"text-align: justify;\">Pa udh\u00ebzimet e Islamit ton\u00eb, ne nuk do ishim k\u00ebta shqiptar\u00eb q\u00eb jemi, as do lexonim me krenari e p\u00ebrulje shembullin dhe gjurm\u00ebn e gjysh\u00ebrve dhe baballar\u00ebve tan\u00eb musliman\u00eb, q\u00eb i sh\u00ebrbyen kombit dhe atdheut me k\u00ebt\u00eb shpirt, aq sa Vet\u00ebm Nj\u00eb Zot e di!<\/p>\n<p style=\"text-align: justify;\">All-llahu i begatoft\u00eb shqiptar\u00ebt e urt\u00eb e t\u00eb ndersh\u00ebm, na udh\u00ebzoft\u00eb t\u00eb gjith\u00ebve drejt m\u00eb t\u00eb mir\u00ebs, na b\u00ebft\u00eb t\u00eb dobish\u00ebm p\u00ebr vete, krenar\u00eb e plot dinjitet, respektues t\u00eb nj\u00ebri-tjetrit, mbrojt\u00ebs t\u00eb kufijve t\u00eb toleranc\u00ebs, ushqyes me vepra konkrete t\u00eb harmonis\u00eb e v\u00ebllaz\u00ebris\u00eb komb\u00ebtare, shembull p\u00ebr t\u00eb sotmen dhe t\u00eb ardhmen!<\/p>\n<p style=\"text-align: right;\"><strong>Imam Muhamed B. Sytari<\/strong><br \/>\n<em>Myfti i Zon\u00ebs Shkod\u00ebr<\/em><\/p>\n<p style=\"text-align: right;\"><em>Shkod\u00ebr, m\u00eb 29 n\u00ebntor 2016<\/em><\/p>\n","protected":false},"excerpt":{"rendered":"<div class=\"mh-excerpt\"><p>N\u00eb vazhd\u00ebn e ekspozimit t\u00eb disa teksteve me vler\u00eb mbi tem\u00ebn e pavar\u00ebsis\u00eb dhe ndjenj\u00ebs komb\u00ebtare tek hoxhallar\u00ebt dhe intelektual\u00ebt e shkuar musliman\u00eb t\u00eb vendit ton\u00eb, n\u00eb mbyllje t\u00eb k\u00ebtij cikli me tri hallka, (natyrsh\u00ebm, <a class=\"mh-excerpt-more\" href=\"https:\/\/muhamedsytari.net\/?p=1002\" title=\"&#8220;E me ardh ke ti, o Shkodr\u00eb, t\u00eb shof Drinin e Bujan\u00ebn!&#8221;&#8230;\">[&#8230;]<\/a><\/p>\n<\/div>","protected":false},"author":1,"featured_media":1003,"comment_status":"closed","ping_status":"closed","sticky":false,"template":"","format":"standard","meta":{"footnotes":""},"categories":[2],"tags":[],"class_list":["post-1002","post","type-post","status-publish","format-standard","has-post-thumbnail","hentry","category-editorial"],"_links":{"self":[{"href":"https:\/\/muhamedsytari.net\/index.php?rest_route=\/wp\/v2\/posts\/1002","targetHints":{"allow":["GET"]}}],"collection":[{"href":"https:\/\/muhamedsytari.net\/index.php?rest_route=\/wp\/v2\/posts"}],"about":[{"href":"https:\/\/muhamedsytari.net\/index.php?rest_route=\/wp\/v2\/types\/post"}],"author":[{"embeddable":true,"href":"https:\/\/muhamedsytari.net\/index.php?rest_route=\/wp\/v2\/users\/1"}],"replies":[{"embeddable":true,"href":"https:\/\/muhamedsytari.net\/index.php?rest_route=%2Fwp%2Fv2%2Fcomments&post=1002"}],"version-history":[{"count":1,"href":"https:\/\/muhamedsytari.net\/index.php?rest_route=\/wp\/v2\/posts\/1002\/revisions"}],"predecessor-version":[{"id":1004,"href":"https:\/\/muhamedsytari.net\/index.php?rest_route=\/wp\/v2\/posts\/1002\/revisions\/1004"}],"wp:featuredmedia":[{"embeddable":true,"href":"https:\/\/muhamedsytari.net\/index.php?rest_route=\/wp\/v2\/media\/1003"}],"wp:attachment":[{"href":"https:\/\/muhamedsytari.net\/index.php?rest_route=%2Fwp%2Fv2%2Fmedia&parent=1002"}],"wp:term":[{"taxonomy":"category","embeddable":true,"href":"https:\/\/muhamedsytari.net\/index.php?rest_route=%2Fwp%2Fv2%2Fcategories&post=1002"},{"taxonomy":"post_tag","embeddable":true,"href":"https:\/\/muhamedsytari.net\/index.php?rest_route=%2Fwp%2Fv2%2Ftags&post=1002"}],"curies":[{"name":"wp","href":"https:\/\/api.w.org\/{rel}","templated":true}]}}