{"id":104,"date":"2016-05-12T06:39:34","date_gmt":"2016-05-12T06:39:34","guid":{"rendered":"http:\/\/muhamedsytari.net\/?p=104"},"modified":"2016-05-13T06:42:39","modified_gmt":"2016-05-13T06:42:39","slug":"regjistrimet-ne-medrese-dhe-urtia-e-h-ali-korces","status":"publish","type":"post","link":"https:\/\/muhamedsytari.net\/?p=104","title":{"rendered":"Regjistrimet n\u00eb Medrese dhe urtia e H. Ali Kor\u00e7\u00ebs&#8230;"},"content":{"rendered":"<p style=\"text-align: justify;\">N\u00eb shkurt t\u00eb vitit 1924, n\u00eb numrin 5 t\u00eb revist\u00ebs &#8220;Zani i Nalt\u00eb&#8221;, q\u00eb ende s&#8217;e kishte mbushur vitin e par\u00eb t\u00eb shfaqjes s\u00eb saj, i nderuari Hafiz Ali Kor\u00e7a botoi nj\u00eb shkrim me titull: &#8220;Si ishim e si jemi?&#8221;<\/p>\n<p style=\"text-align: justify;\">Ja se si nis ky artikull i mbushur me vlera intelektuale dhe vizione (p\u00ebrtej koh\u00ebs s\u00eb tij), teksa autori b\u00ebn thirrje p\u00ebr gjall\u00ebrimin e medeses\u00eb shqiptare, rritjen e nivelit t\u00eb saj dhe fton musliman\u00ebt t\u00eb edukojn\u00eb f\u00ebmij\u00ebt e tyre n\u00eb to.<\/p>\n<p style=\"text-align: justify;\">&#8220;Nd\u00eb nj\u00eb v\u00ebnt q\u00eb mentimi logjikor ndalohet edhe z\u00eb zgjyr\u00eb, atje as nj\u00eb soj p\u00ebrparim as nj\u00eb far\u00eb ringjallim nuk \u00e7faqet.<\/p>\n<p style=\"text-align: justify;\">Disa vjet m\u00ea par\u00eb medeset\u00eb e mysliman\u00ebve l\u00ebshonin ato rrezet m\u00ea t\u00eb shk\u00eblqyshme t\u00eb diturive e t\u00eb gjith\u00eb mjesht\u00ebrive.<\/p>\n<p style=\"text-align: justify;\">Medreset\u00eb asi kohe ndah\u00ebshin m\u00eb disa deg\u00eb edhe secili specialist (mutehassis) i \u00e7&#8217;do far\u00ebsh diturije e mjesht\u00ebrije vet\u00ebm prej medreseve delnin. Si na kall\u00ebzojn\u00eb historit\u00eb myslimane ashtu edhe fr\u00ebngjishtet, shtetet per\u00ebndimore, diturit\u00eb m\u00ea t\u00eb nevoj\u00e7me e m\u00ea t\u00eb mbroth\u00e7me i muar\u00ebn vet\u00ebm prej medreseve, p.sh.: i treti Greguar Papa i Rom\u00ebs a nuk mbaroj medresen\u00eb e Kurtubas\u00eb?<\/p>\n<p style=\"text-align: justify;\">Z. Gustav Lyboni thot\u00eb: &#8220;N\u00eb saj\u00e9t t\u00eb mysliman\u00ebve trash\u00ebguam qytet\u00ebrimin e Romak\u00ebve dhe t\u00eb Grek\u00ebve t\u00eb vjet\u00ebr, shum\u00eb libra t\u00eb vjetra latinishte e g\u00ebrqishte nuk gjinden fare, por p\u00ebrkthimet e tyre edhe sot jan\u00eb, arabishte&#8221;.<\/p>\n<p style=\"text-align: justify;\">Ulemat e atyre medreseve&#8230; \u00e7pik\u00ebn busull\u00ebn dhe me an\u00ebn e saj i vinin qark bot\u00ebs&#8230; Ulemat e asaj kohe p\u00ebrpiqeshin me nate me dit\u00eb p\u00ebr t\u00eb zbuluar v\u00ebrtet\u00ebsit\u00eb e sendeve t\u00eb pshehta, p.sh.: Betaniu, n\u00eb Bagdad dyzet vjet rresht u mbyll n\u00eb nd\u00ebrtes\u00ebn yll-v\u00ebrejtje (rasad-hane) dhe e \u00e7kriu jet\u00ebn e tij n\u00eb zbulimin e bot\u00ebs qiellore. Sefte ky e gjeti motin djellor q&#8217;\u00ebsht\u00eb 365 dit\u00eb e 5 or\u00eb e disa minuta e disa t\u00eb dyta&#8230;<\/p>\n<p style=\"text-align: justify;\">Nuk duhet t\u00eb \u00e7uditemi tek ta shohim n\u00eb historit\u00eb se edhe Kristofi i fam\u00e7im po n\u00eb medreset e Kordov\u00ebs pat vazhduar.<\/p>\n<p style=\"text-align: justify;\">Nga Halifet Abbasi, Harun Rashidi, bashk\u00ebshekullarit dhe mikut t\u00eb tij Sharlemanit, kur i d\u00ebrgoi disa peshqeshe, midis tyre ndodhej edhe nj\u00eb saat tring\u00ebllim-dh\u00ebn\u00ebs, i cili ishte punuar me nj\u00eb mjeshtri fort t\u00eb nalt\u00eb.<\/p>\n<p style=\"text-align: justify;\">Mbreti k\u00ebt\u00eb saat e qiti p\u00ebrpara k\u00ebshill\u00ebs ministrore. Kur e pan\u00eb q\u00eb qyqeja e saatit kur k\u00ebndonte e tregonte sasin\u00eb e or\u00ebs, aq\u00eb gur\u00eb mirte me qipin e saj dhe i l\u00ebshonte nd\u00eb nji brim\u00eb etj, e pyet\u00ebn Sharlemanin: O naltmadh\u00ebs\u00ed, arab\u00ebt jan\u00eb mendje holl\u00eb dhe magjistar\u00eb, kemi frik\u00eb mos na kan\u00eb futur dreqin br\u00ebnda, po t&#8217;urdh\u00ebronit ta hapnim e ta shihnim se \u00e7&#8217;ka&#8230;<br \/>\n&#8230;<br \/>\nMe milion volyme libra t&#8217;Andaluzit t\u00eb mos ishin djegur prej spanjoll\u00ebve dhe t\u00eb Bagdadit t\u00eb mos ishin djegur nga an e Helagjus\u00eb, p\u00ebrparimin q\u00eb po shohim sot n\u00eb bot\u00eb do ta kishim par\u00eb dy tre shekuj m\u00ea par\u00eb, sot kush e di se \u00e7&#8217;shkall\u00eb do t\u00eb kishim arrir\u00eb!<\/p>\n<p style=\"text-align: justify;\">Ahere, bota muslimane k\u00ebshtu ishte, e po sot? Sot si m\u00ea keq!<br \/>\n&#8230;<br \/>\nSot nuk mundim t\u00eb thomi se n\u00eb bot\u00ebt myslimane t\u00eb ndodhet nj\u00eb medrese si e Kordov\u00ebs e si e Bagdadit. Al-Azhari afron pak.<br \/>\n&#8230;<br \/>\nSa p\u00ebr ne q\u00eb ndodhemi n\u00eb Shqip\u00ebri po s&#8217;i dham\u00eb r\u00ebnd\u00ebsi medreses si duhet, n\u00eb pak koh\u00eb kam frik\u00eb do t\u00eb per\u00ebndojm\u00eb!<\/p>\n<p style=\"text-align: justify;\">Dihet mir\u00eb se feja t&#8217;on\u00eb nga p\u00ebrparimi kurr\u00eb s&#8217;na ndalon. Kurdoher\u00eb na shtyn t\u00eb punojm\u00eb, t\u00eb p\u00ebrkrahim nj\u00ebri tjetrin, t\u00eb formojm\u00eb shoq\u00ebri treg\u00ebtije e gjith\u00eb far\u00ebsh shoq\u00ebri mir\u00ebsije.<\/p>\n<p style=\"text-align: justify;\">N\u00eb f\u00ea t&#8217;on\u00eb fanatizma \u00ebsht e mallkume, dor\u00ebheqja krejt nga kjo bot\u00eb \u00ebsht\u00eb rept\u00ebsisht e ndalueme&#8230;<br \/>\n&#8230;<br \/>\nP\u00ebr ndri\u00e7imin e k\u00ebtij atdheu e ka farz \u00e7do mysliman t\u00eb paguaj\u00eb dhe bijt\u00eb e vet\u00eb t&#8217;i \u00e7oj\u00eb n\u00eb k\u00ebt\u00eb medese! &#8230;&#8221;<\/p>\n<p style=\"text-align: justify;\">Shkrimi vazhdon me k\u00ebt\u00eb shpirt p\u00ebrparimtar, duke ftuar musliman\u00ebt t\u00eb edukojn\u00eb f\u00ebmij\u00ebt e tyre n\u00eb medrese&#8230;<\/p>\n<p style=\"text-align: justify;\">Sot, kur fal\u00eb Zotit n\u00eb Shqip\u00ebri ka m\u00eb shum\u00eb se nj\u00eb Medrese, \u00ebsht\u00eb e domosdoshme q\u00eb t\u00eb shihen me p\u00ebrpar\u00ebsi strategjike programet dhe l\u00ebnda baz\u00eb e edukimit t\u00eb f\u00ebmij\u00ebve me besimin n\u00eb Nj\u00eb Zot, me ndjenj\u00ebn e past\u00ebr e t\u00eb thell\u00eb islame, me krenarin\u00eb legjitime t\u00eb p\u00ebrkat\u00ebsis\u00eb muslimane, me vler\u00ebsimin e koh\u00ebs dhe shfyt\u00ebzimin e saj, si dhe nxitja e p\u00ebrhershme drejt elitarizmit n\u00eb komunikim e marr\u00ebdh\u00ebnie me dijen, shkoll\u00ebn dhe tjetrin!<\/p>\n<p style=\"text-align: justify;\">Natyrsh\u00ebm, p\u00ebrgjegj\u00ebsa kryesore e k\u00ebtij misioni t\u00eb shenjt\u00eb bie fillimisht mbi t\u00eb p\u00ebrzgjedhurit p\u00ebr t\u00eb qen\u00eb drejtuesit e medreseve tona, stafet pedagogjike, q\u00eb duhen p\u00ebrzgjedhur n\u00eb detaje, si dhe mbi menaxher\u00ebt e vakfeve, q\u00eb detyrimisht duhet t\u00eb financojn\u00eb dhe t\u00eb mb\u00ebshtesin medreset\u00eb e vendit ton\u00eb, si pasuri dhe vler\u00eb shekullore komb\u00ebtare!<\/p>\n<p style=\"text-align: justify;\">Pata d\u00ebshir\u00eb t&#8217;i shkruaj k\u00ebto rreshta dhe t\u00eb ndaj me ju nga bota diturore dhe urtia e Hafiz Ali Kor\u00e7\u00ebs, tashm\u00eb q\u00eb gjithandej \u00ebsht\u00eb hapur lajmi i fillimit t\u00eb regjistrimit p\u00ebr vitin e ri shkollor 2016-2017, n\u00eb Medresen\u00eb e Shkodr\u00ebs.<\/p>\n<p style=\"text-align: justify;\">Medreseja e jon\u00eb \u00ebsht\u00eb lavdia e jon\u00eb, \u00ebsht\u00eb tabani, \u00ebsht\u00eb trash\u00ebgimia e brezave, \u00ebsht\u00eb bazament identiteti, djepi i edukimit t\u00eb f\u00ebmij\u00ebve tan\u00eb!<\/p>\n<p style=\"text-align: justify;\">Musliman\u00eb t\u00eb dashur, f\u00ebmij\u00ebt tan\u00eb duhet t\u00eb edukohen n\u00eb Medresen\u00eb ton\u00eb, n\u00eb medreset\u00eb tona! Zoti na e ka krijuar mund\u00ebsin\u00eb, ne mos ta neglizhojm\u00eb e mos t\u00eb shkojm\u00eb pas thirrjeve t\u00eb dreq\u00ebnve t\u00eb koh\u00ebs..!<\/p>\n<p style=\"text-align: right;\"><strong>Imam Muhamed B. Sytari<\/strong><br \/>\n<em>Shkod\u00ebr, m\u00eb 12 maj 2016<\/em><\/p>\n","protected":false},"excerpt":{"rendered":"<div class=\"mh-excerpt\"><p>N\u00eb shkurt t\u00eb vitit 1924, n\u00eb numrin 5 t\u00eb revist\u00ebs &#8220;Zani i Nalt\u00eb&#8221;, q\u00eb ende s&#8217;e kishte mbushur vitin e par\u00eb t\u00eb shfaqjes s\u00eb saj, i nderuari Hafiz Ali Kor\u00e7a botoi nj\u00eb shkrim me titull: <a class=\"mh-excerpt-more\" href=\"https:\/\/muhamedsytari.net\/?p=104\" title=\"Regjistrimet n\u00eb Medrese dhe urtia e H. Ali Kor\u00e7\u00ebs&#8230;\">[&#8230;]<\/a><\/p>\n<\/div>","protected":false},"author":1,"featured_media":105,"comment_status":"closed","ping_status":"closed","sticky":false,"template":"","format":"standard","meta":{"footnotes":""},"categories":[2],"tags":[],"class_list":["post-104","post","type-post","status-publish","format-standard","has-post-thumbnail","hentry","category-editorial"],"_links":{"self":[{"href":"https:\/\/muhamedsytari.net\/index.php?rest_route=\/wp\/v2\/posts\/104","targetHints":{"allow":["GET"]}}],"collection":[{"href":"https:\/\/muhamedsytari.net\/index.php?rest_route=\/wp\/v2\/posts"}],"about":[{"href":"https:\/\/muhamedsytari.net\/index.php?rest_route=\/wp\/v2\/types\/post"}],"author":[{"embeddable":true,"href":"https:\/\/muhamedsytari.net\/index.php?rest_route=\/wp\/v2\/users\/1"}],"replies":[{"embeddable":true,"href":"https:\/\/muhamedsytari.net\/index.php?rest_route=%2Fwp%2Fv2%2Fcomments&post=104"}],"version-history":[{"count":1,"href":"https:\/\/muhamedsytari.net\/index.php?rest_route=\/wp\/v2\/posts\/104\/revisions"}],"predecessor-version":[{"id":106,"href":"https:\/\/muhamedsytari.net\/index.php?rest_route=\/wp\/v2\/posts\/104\/revisions\/106"}],"wp:featuredmedia":[{"embeddable":true,"href":"https:\/\/muhamedsytari.net\/index.php?rest_route=\/wp\/v2\/media\/105"}],"wp:attachment":[{"href":"https:\/\/muhamedsytari.net\/index.php?rest_route=%2Fwp%2Fv2%2Fmedia&parent=104"}],"wp:term":[{"taxonomy":"category","embeddable":true,"href":"https:\/\/muhamedsytari.net\/index.php?rest_route=%2Fwp%2Fv2%2Fcategories&post=104"},{"taxonomy":"post_tag","embeddable":true,"href":"https:\/\/muhamedsytari.net\/index.php?rest_route=%2Fwp%2Fv2%2Ftags&post=104"}],"curies":[{"name":"wp","href":"https:\/\/api.w.org\/{rel}","templated":true}]}}