{"id":1053,"date":"2016-12-13T18:39:54","date_gmt":"2016-12-13T18:39:54","guid":{"rendered":"http:\/\/muhamedsytari.net\/?p=1053"},"modified":"2016-12-13T18:39:54","modified_gmt":"2016-12-13T18:39:54","slug":"sot-edhe-vete-paqja-ka-ulur-koken-perdhe","status":"publish","type":"post","link":"https:\/\/muhamedsytari.net\/?p=1053","title":{"rendered":"Sot, edhe vet\u00eb PAQJA, ka ulur kok\u00ebn p\u00ebrdh\u00e9&#8230;"},"content":{"rendered":"<p style=\"text-align: justify;\">Kush e mendonte se n\u00eb fund t\u00eb vitit 2016, brezi im dhe f\u00ebmij\u00ebt tan\u00eb do t\u00eb shihnin sesi krimi dhe barbaria e t\u00eb pafeve, sistemet njer\u00ebzore hipokrite, urrejtja ndaj musliman\u00ebve dhe arroganca perverse e perandorive t\u00eb s\u00eb keqes, do t\u00eb shkat\u00ebrronin nj\u00eb djep qytet\u00ebrimi paqeje, diturie, historie, dinjiteti human, kulture, civilizimi e past\u00ebrtie, n\u00eb nj\u00eb koh\u00eb p\u00ebrgjumjeje t\u00eb thell\u00eb t\u00eb ymetit t\u00eb afro 2 miliard\u00ebve?!..<\/p>\n<p style=\"text-align: justify;\">B\u00ebrtisni me t\u00eb madhe, o hipokrit\u00eb t\u00eb bot\u00ebs s\u00eb &#8220;qytet\u00ebruar&#8221;, b\u00ebrtisni e derdhni lot\u00eb krokodili p\u00ebr macet e ngordhura e kalinat e pakrehura&#8230;<\/p>\n<p style=\"text-align: justify;\">B\u00ebrtisni dhe nxirreni mllefin tuaj mesjetar kund\u00ebr NESH, musliman\u00ebve! B\u00ebjeni, se k\u00ebt\u00eb dini t\u00eb b\u00ebni m\u00eb mir\u00eb! Dhe, mos harroni t\u00eb organizoni konferenca t\u00eb skaduara e leksione p\u00ebr humanizmin, barazin\u00eb gjinore, toleranc\u00ebn e paqen!?<\/p>\n<p style=\"text-align: justify;\">Sot, edhe vet\u00eb PAQJA, ka ulur kok\u00ebn p\u00ebrdh\u00e9, nga turpi dhe marrja&#8230;<\/p>\n<p style=\"text-align: justify;\">Lutje p\u00ebr rizgjim t\u00eb YMETIT ISLAM!<\/p>\n<p style=\"text-align: right;\"><strong>Imam Muhamed B. Sytari<\/strong><br \/>\n<em>Myfti i Zon\u00ebs Shkod\u00ebr<\/em><\/p>\n<p style=\"text-align: right;\"><em>Shkod\u00ebr, m\u00eb 13 dhjetor 2016<\/em><\/p>\n","protected":false},"excerpt":{"rendered":"<div class=\"mh-excerpt\"><p>Kush e mendonte se n\u00eb fund t\u00eb vitit 2016, brezi im dhe f\u00ebmij\u00ebt tan\u00eb do t\u00eb shihnin sesi krimi dhe barbaria e t\u00eb pafeve, sistemet njer\u00ebzore hipokrite, urrejtja ndaj musliman\u00ebve dhe arroganca perverse e perandorive <a class=\"mh-excerpt-more\" href=\"https:\/\/muhamedsytari.net\/?p=1053\" title=\"Sot, edhe vet\u00eb PAQJA, ka ulur kok\u00ebn p\u00ebrdh\u00e9&#8230;\">[&#8230;]<\/a><\/p>\n<\/div>","protected":false},"author":1,"featured_media":1054,"comment_status":"closed","ping_status":"closed","sticky":false,"template":"","format":"standard","meta":{"footnotes":""},"categories":[2],"tags":[],"class_list":["post-1053","post","type-post","status-publish","format-standard","has-post-thumbnail","hentry","category-editorial"],"_links":{"self":[{"href":"https:\/\/muhamedsytari.net\/index.php?rest_route=\/wp\/v2\/posts\/1053","targetHints":{"allow":["GET"]}}],"collection":[{"href":"https:\/\/muhamedsytari.net\/index.php?rest_route=\/wp\/v2\/posts"}],"about":[{"href":"https:\/\/muhamedsytari.net\/index.php?rest_route=\/wp\/v2\/types\/post"}],"author":[{"embeddable":true,"href":"https:\/\/muhamedsytari.net\/index.php?rest_route=\/wp\/v2\/users\/1"}],"replies":[{"embeddable":true,"href":"https:\/\/muhamedsytari.net\/index.php?rest_route=%2Fwp%2Fv2%2Fcomments&post=1053"}],"version-history":[{"count":1,"href":"https:\/\/muhamedsytari.net\/index.php?rest_route=\/wp\/v2\/posts\/1053\/revisions"}],"predecessor-version":[{"id":1055,"href":"https:\/\/muhamedsytari.net\/index.php?rest_route=\/wp\/v2\/posts\/1053\/revisions\/1055"}],"wp:featuredmedia":[{"embeddable":true,"href":"https:\/\/muhamedsytari.net\/index.php?rest_route=\/wp\/v2\/media\/1054"}],"wp:attachment":[{"href":"https:\/\/muhamedsytari.net\/index.php?rest_route=%2Fwp%2Fv2%2Fmedia&parent=1053"}],"wp:term":[{"taxonomy":"category","embeddable":true,"href":"https:\/\/muhamedsytari.net\/index.php?rest_route=%2Fwp%2Fv2%2Fcategories&post=1053"},{"taxonomy":"post_tag","embeddable":true,"href":"https:\/\/muhamedsytari.net\/index.php?rest_route=%2Fwp%2Fv2%2Ftags&post=1053"}],"curies":[{"name":"wp","href":"https:\/\/api.w.org\/{rel}","templated":true}]}}