{"id":1105,"date":"2016-12-24T22:39:06","date_gmt":"2016-12-24T22:39:06","guid":{"rendered":"http:\/\/muhamedsytari.net\/?p=1105"},"modified":"2016-12-25T12:57:37","modified_gmt":"2016-12-25T12:57:37","slug":"minber-testament","status":"publish","type":"post","link":"https:\/\/muhamedsytari.net\/?p=1105","title":{"rendered":"&#8220;Minber&#8230;&#8221; &#8211; testament&#8230;"},"content":{"rendered":"<p style=\"text-align: justify;\">Paradit\u00ebn e sotme, isha rrethuar nga miq t\u00eb mir\u00eb, t\u00eb cil\u00ebt m\u00eb nderuan me pranin\u00eb e tyre n\u00eb ceremonin\u00eb e promovimit t\u00eb librit t\u00eb ri me titull: &#8220;Minber&#8230;&#8221; &#8211; (50 hytbe xhumaje), Tiran\u00eb, 2016, botimet KMSh.<\/p>\n<p style=\"text-align: justify;\">Libri n\u00eb fjal\u00eb \u00ebsht\u00eb p\u00ebrmbledhje e p\u00ebrzgjedhur e 50 hytbeve t\u00eb mbajtur gjat\u00eb vitit q\u00eb shkoi, n\u00eb xhami t\u00eb ndryshme t\u00eb Shkodr\u00ebs. P\u00ebr mua, ky lib\u00ebr ka form\u00ebn e testamentit, ku \u00ebsht\u00eb shkruar besimi, identiteti, kultura, shpirti, zemra, thirrja, p\u00ebrshpirtja, z\u00ebri i brendsh\u00ebm i nd\u00ebrgjegjes, rruga e drita, malli e dashnia, pendimi e shpresa, l\u00ebngata dhe balsami, teuhidi dhe bindja, por edhe p\u00ebrtej&#8230;<\/p>\n<p style=\"text-align: justify;\">&#8220;Minber&#8230;&#8221;, si objekti, mbi t\u00eb cilin, jav\u00eb pas jave, t\u00eb xhuma pas t\u00eb xhumaje, hatib\u00ebt e mbar\u00eb globit marrin shkall\u00ebt e tij p\u00ebr t\u00eb komunikuar me masat e pranishme, mbi nj\u00eb pozit\u00eb, ndryshe nga \u00e7do pozit\u00eb fol\u00ebsi. Nga nj\u00eb foltore, ndryshe nga \u00e7do foltore. Nj\u00eb tribun\u00eb, prej ku shtrohen ura nd\u00ebrlidh\u00ebse n\u00eb marr\u00ebdh\u00ebniet solide t\u00eb njeriut me veten, Zotin dhe tjetrin, prej ku hapen shtigje diturie dhe p\u00ebrparimi, prej ku mbillet fara e s\u00eb mir\u00ebs n\u00eb jet\u00eb, drit\u00ebsohen rrug\u00ebtimet e harmonis\u00eb komb\u00ebtare, rrezaton paqja dhe vullnetet e forta p\u00ebr t\u00eb dashur p\u00ebr tjetrin at\u00eb q\u00eb duhet p\u00ebr vete etj.<\/p>\n<p style=\"text-align: justify;\">Fjala \u00ebsht\u00eb amanet. Hytbeja \u00ebsht\u00eb amanet. Minberi \u00ebsht\u00eb amanet. Amaneti i Thirrjes s\u00eb Bekuar Islame \u00ebsht\u00eb vet\u00eb amanet. K\u00ebsisoj, hatib\u00ebt kan\u00eb mbi supe nj\u00eb p\u00ebrgjegj\u00ebsi t\u00eb jasht\u00ebzakonshme, q\u00eb v\u00ebshtir\u00eb se krahasohet me p\u00ebrgjegj\u00ebsi tjet\u00ebr. Sidomos n\u00eb koh\u00ebra tranzicioni, si ky q\u00eb kalon sot Ymmeti Islam, bota islame, gjithandej mbi faqen e dheut..!<\/p>\n<p style=\"text-align: justify;\">Lexova nj\u00eb fragment nga libri i madh i dijetarit t\u00eb shquar indian, Ebul-Hasen En-Nedevi, me titull: &#8220;\u00c7far\u00eb humbi bota nga dekadenca e musliman\u00ebve&#8221;, ku nd\u00ebr t\u00eb tjera ai ngre shqet\u00ebsimin e dob\u00ebsimit t\u00eb vet\u00ebdijes n\u00eb bot\u00ebn islame dhe at\u00eb arabe n\u00eb ve\u00e7anti. Madje, ai shpreh frik\u00ebn e tij, se kjo vet\u00ebdije ka vdekur, duke mos pasur mund\u00ebsi t\u00eb dallohet armiku nga miku e, duke u pickuar nga e nj\u00ebjta vrim\u00eb, mbi nj\u00ebmij\u00eb her\u00eb..?! Vet\u00ebdije e dob\u00ebsuar fetare, kulturore, akoma m\u00eb shum\u00eb, politike..!<\/p>\n<p style=\"text-align: justify;\">Pastaj, m&#8217;u kujtua nj\u00eb bashk\u00ebbisedim i dijetarit t\u00eb shquar t\u00eb koh\u00ebs son\u00eb, Shejkh Jusuf El-Karadavi, n\u00eb kanalin Al-Jazeera, n\u00eb koh\u00ebn kur n\u00eb Franc\u00ebn e presidentit Shirak, diskutohej ndalimi i hixhabit. Thoshte se, t\u00eb xhuman\u00eb e asaj jave. n\u00eb xhamin\u00eb kryesore t\u00eb Parisit, hatibi kishte folur p\u00ebr d\u00ebmet e komunizmit. Dmth, bota n\u00eb nj\u00eb lugin\u00eb, hatibi n\u00eb nj\u00eb tjet\u00ebr!?<\/p>\n<p style=\"text-align: justify;\">Ky \u00ebsht\u00eb problem i madh, me t\u00eb cilin ndeshemi shpeshher\u00eb n\u00eb realitetet provinciale t\u00eb minbereve, q\u00eb nuk lart\u00ebsohen dot n\u00eb nivelin e p\u00ebrballjes sistematike me sfidat, s\u00ebmundjet, pengesat e suksesit, si dhe, kur k\u00ebto minbere nuk prodhojn\u00eb dot alternativa optimizmi, shprese, sh\u00ebrimi, ecjeje p\u00ebrpara n\u00eb jet\u00eb, t\u00eb argumentuara bukur e me urti!<\/p>\n<p style=\"text-align: justify;\">\u00cbsht\u00eb e gjat\u00eb dhe e thell\u00eb tematika e Minberit, si simbolik\u00eb, e Hatibit, si institucion dhe, e vet\u00eb xhumas\u00eb si stacion i p\u00ebrjavsh\u00ebm tubimi nd\u00ebrtues n\u00eb jet\u00ebn e shoq\u00ebrive islame&#8230;<\/p>\n<p style=\"text-align: justify;\">Fal\u00ebnderova me zem\u00ebr miqt\u00eb e mi t\u00eb pranish\u00ebm n\u00eb sall\u00eb, redaktorin e librit, shkrimtarin Xhahid Bushati, artistin e shquar t\u00eb kaligrafis\u00eb arabe nga Tunizia, Sami Gharbi, bashk\u00ebpun\u00ebtor\u00ebt e mi t\u00eb af\u00ebrt, imam\u00ebt dhe stafin e Myftinis\u00eb, p\u00ebr mb\u00ebshtetjen, ndihmes\u00ebn, kontributin dhe mendimet pozitive n\u00eb dobi t\u00eb k\u00ebtij botimi dhe p\u00ebrtej tij, si dhe n\u00eb ve\u00e7anti, Komunitetin Mysliman t\u00eb Shqip\u00ebris\u00eb, p\u00ebr botimin e k\u00ebtij libri.<\/p>\n<p style=\"text-align: justify;\">T\u00eb vetmit q\u00eb m\u00eb munguan sot, realisht, ishin Baba dhe Nana. Ky ishte promovimi i par\u00eb i nj\u00ebrit prej librave t\u00eb mi, pa pranin\u00eb fizike t\u00eb Prind\u00ebve t\u00eb mi t\u00eb shtrenjt\u00eb, q\u00eb sot ndodhen n\u00eb Medinen e Resulull-llahut (a.s), n\u00eb udh\u00ebtimin e tyre t\u00eb mrekulluesh\u00ebm t\u00eb Umres.<\/p>\n<p style=\"text-align: justify;\">Me zem\u00ebr, ndjeva pranin\u00eb e tyre, teksa luteshin edhe p\u00ebr mua, nga Xhamia e Ma t\u00eb Mirit e Ma t\u00eb Shtrenjtit (a.s), diku aty, af\u00ebr Minberit&#8230;<\/p>\n<p style=\"text-align: right;\"><strong>Imam Muhamed B. Sytari<\/strong><br \/>\n<em>Shkod\u00ebr, m\u00eb 24 dhjetor 2016<\/em><\/p>\n","protected":false},"excerpt":{"rendered":"<div class=\"mh-excerpt\"><p>Paradit\u00ebn e sotme, isha rrethuar nga miq t\u00eb mir\u00eb, t\u00eb cil\u00ebt m\u00eb nderuan me pranin\u00eb e tyre n\u00eb ceremonin\u00eb e promovimit t\u00eb librit t\u00eb ri me titull: &#8220;Minber&#8230;&#8221; &#8211; (50 hytbe xhumaje), Tiran\u00eb, 2016, botimet <a class=\"mh-excerpt-more\" href=\"https:\/\/muhamedsytari.net\/?p=1105\" title=\"&#8220;Minber&#8230;&#8221; &#8211; testament&#8230;\">[&#8230;]<\/a><\/p>\n<\/div>","protected":false},"author":1,"featured_media":1107,"comment_status":"closed","ping_status":"closed","sticky":false,"template":"","format":"standard","meta":{"footnotes":""},"categories":[2],"tags":[],"class_list":["post-1105","post","type-post","status-publish","format-standard","has-post-thumbnail","hentry","category-editorial"],"_links":{"self":[{"href":"https:\/\/muhamedsytari.net\/index.php?rest_route=\/wp\/v2\/posts\/1105","targetHints":{"allow":["GET"]}}],"collection":[{"href":"https:\/\/muhamedsytari.net\/index.php?rest_route=\/wp\/v2\/posts"}],"about":[{"href":"https:\/\/muhamedsytari.net\/index.php?rest_route=\/wp\/v2\/types\/post"}],"author":[{"embeddable":true,"href":"https:\/\/muhamedsytari.net\/index.php?rest_route=\/wp\/v2\/users\/1"}],"replies":[{"embeddable":true,"href":"https:\/\/muhamedsytari.net\/index.php?rest_route=%2Fwp%2Fv2%2Fcomments&post=1105"}],"version-history":[{"count":1,"href":"https:\/\/muhamedsytari.net\/index.php?rest_route=\/wp\/v2\/posts\/1105\/revisions"}],"predecessor-version":[{"id":1108,"href":"https:\/\/muhamedsytari.net\/index.php?rest_route=\/wp\/v2\/posts\/1105\/revisions\/1108"}],"wp:featuredmedia":[{"embeddable":true,"href":"https:\/\/muhamedsytari.net\/index.php?rest_route=\/wp\/v2\/media\/1107"}],"wp:attachment":[{"href":"https:\/\/muhamedsytari.net\/index.php?rest_route=%2Fwp%2Fv2%2Fmedia&parent=1105"}],"wp:term":[{"taxonomy":"category","embeddable":true,"href":"https:\/\/muhamedsytari.net\/index.php?rest_route=%2Fwp%2Fv2%2Fcategories&post=1105"},{"taxonomy":"post_tag","embeddable":true,"href":"https:\/\/muhamedsytari.net\/index.php?rest_route=%2Fwp%2Fv2%2Ftags&post=1105"}],"curies":[{"name":"wp","href":"https:\/\/api.w.org\/{rel}","templated":true}]}}