{"id":1115,"date":"2016-12-27T05:49:24","date_gmt":"2016-12-27T05:49:24","guid":{"rendered":"http:\/\/muhamedsytari.net\/?p=1115"},"modified":"2016-12-27T07:51:39","modified_gmt":"2016-12-27T07:51:39","slug":"nje-prijes-fetar-nuk-behet-argat-i-shejtanit","status":"publish","type":"post","link":"https:\/\/muhamedsytari.net\/?p=1115","title":{"rendered":"Nj\u00eb prij\u00ebs fetar nuk b\u00ebhet argat i shejtanit!.."},"content":{"rendered":"<p style=\"text-align: justify;\">Nj\u00eb prij\u00ebs fetar duhet t\u00eb njoh\u00eb kufijt\u00eb e tij dhe t\u00eb komunitetit q\u00eb p\u00ebrfaq\u00ebson, p\u00ebrpara se t\u00eb tejkaloj\u00eb kufijt\u00eb dhe t\u00eb marr\u00eb mbi supe at\u00eb q\u00eb s&#8217;i takon!?<\/p>\n<p style=\"text-align: justify;\">T\u00eb b\u00ebsh at\u00eb q\u00eb nuk je dhe t\u00eb flas\u00ebsh aty, ku nuk duhet dhe nuk t\u00eb vlen fjala asnj\u00eb grosh, (p\u00ebr shkak t\u00eb p\u00ebrk\u00ebdheljeve t\u00eb konjukturave banale t\u00eb politikave pa dinjitet komb\u00ebtar), do t\u00eb thot\u00eb t\u00eb jesh zhveshur nga misioni, q\u00eb pretendon! Ose, ose, t\u00eb jesh pik\u00ebrisht n\u00eb rrobat e atij tipi misionar\u00ebsh, q\u00eb fen\u00eb e kan\u00eb trampolin\u00eb, jo thelb thirrjeje t\u00eb brendshme, q\u00eb nd\u00ebrton ura, q\u00eb afron zemra dhe kontribuon p\u00ebr paqen sociale!<\/p>\n<p style=\"text-align: justify;\">Prij\u00ebsi fetar, duhet t\u00eb rrezatoj\u00eb shembull, model, t\u00eb jet\u00eb pik\u00eb referimi, sidomos p\u00ebr rinin\u00eb, brezin m\u00eb t\u00eb keqp\u00ebrdorur n\u00eb k\u00ebto dekada t\u00eb fundit tek ne!<\/p>\n<p style=\"text-align: justify;\">Pik\u00ebrisht kjo rini, ka nevoj\u00eb t\u00eb shoh\u00eb tek Prij\u00ebsi fetar, modelin e edukatorit t\u00eb urt\u00eb; heshtjes kur duhet, fjal\u00ebs kur vlen, reagimit kur toleranca konsiderohet dob\u00ebsi, veprimit n\u00eb legjitimitet me logjik\u00ebn e besimit dhe vlerat tradicionale komb\u00ebtare, at\u00ebher\u00eb kur veprimi vlen sa nj\u00eb mij\u00eb fjal\u00eb!<\/p>\n<p style=\"text-align: justify;\">Prij\u00ebsi fetar nuk \u00ebsht\u00eb hileqar! Prij\u00ebsi fetar nuk mund t\u00eb jet\u00eb hipokrit. Dmth, t\u00eb t\u00eb shtr\u00ebngoj\u00eb dor\u00ebn me buz\u00ebqeshje dhe, me t\u00eb nj\u00ebjt\u00ebn dor\u00eb t\u00eb ndez\u00eb fitilat e p\u00ebr\u00e7arjes, urrejtjes dhe minosjes s\u00eb urave t\u00eb nd\u00ebrtuara nd\u00ebr shekuj me mund\u00eb e sakrific\u00eb burrash t\u00eb sinqert\u00eb!<\/p>\n<p style=\"text-align: justify;\">Prij\u00ebsi fetar, fillimisht respekton veten, dhuron paqen e besimit q\u00eb p\u00ebrfaq\u00ebson, respekton kufijt\u00eb e p\u00ebrmasave t\u00eb tij, sakrifikon me p\u00ebrulje p\u00ebr mbjelljen e far\u00ebs s\u00eb mir\u00ebsis\u00eb dhe bekimeve hyjnore n\u00eb nj\u00eb tok\u00eb t\u00eb past\u00ebr e legjitime! Sepse, t\u00eb mbjell\u00ebsh paqe n\u00eb tok\u00eb t\u00eb huaj, do t\u00eb thot\u00eb t\u00eb b\u00ebsh pun\u00ebn e shejtanit dhe t\u00eb kthehesh n\u00eb argat t\u00eb tij.<\/p>\n<p style=\"text-align: justify;\">Prij\u00ebsi fetar mban mbi supe Amanete t\u00eb shenjta, q\u00eb duhet t\u00eb angazhohet fort p\u00ebr t\u00eb ruajtur ujin e fytyr\u00ebs n\u00eb rrug\u00ebtimet e sh\u00ebrbimit, p\u00ebr kryerjen me p\u00ebrkushtim t\u00eb Amaneteve!<\/p>\n<p style=\"text-align: justify;\">&#8216;Prij\u00ebs fetar&#8217;, \u00ebsht\u00eb togfjal\u00ebsh q\u00eb peshon sa malet! Mbi t\u00eb gjitha, prij\u00ebsi fetar duhet ta ket\u00eb frik\u00eb Zotin, fillimisht n\u00eb veten e tij, p\u00ebr masat, p\u00ebr kufijt\u00eb e diversitetit, p\u00ebr vlerat e tabanit komb\u00ebtar, p\u00ebr amanetin e nj\u00eb toke, q\u00eb \u00ebsht\u00eb krijuar p\u00ebr t\u00eb mbartur mbi vete m\u00ebk\u00ebmb\u00ebs t\u00eb Zotit, jo adhurues djajsh!?<\/p>\n<p style=\"text-align: justify;\">&#8220;E ai q\u00eb ka shok djallin, ai pra \u00ebsht\u00eb shok i sh\u00ebmtuar&#8221;, thuhet n\u00eb ajetin 38 t\u00eb sures &#8220;En-Nisa&#8221;&#8230;<\/p>\n<p style=\"text-align: right;\"><strong>Imam Muhamed B. Sytari<\/strong><br \/>\n<em>Myfti i Zon\u00ebs Shkod\u00ebr<\/em><\/p>\n<p style=\"text-align: right;\"><em>Shkod\u00ebr, m\u00eb 27 dhjetor 2016<\/em><\/p>\n","protected":false},"excerpt":{"rendered":"<div class=\"mh-excerpt\"><p>Nj\u00eb prij\u00ebs fetar duhet t\u00eb njoh\u00eb kufijt\u00eb e tij dhe t\u00eb komunitetit q\u00eb p\u00ebrfaq\u00ebson, p\u00ebrpara se t\u00eb tejkaloj\u00eb kufijt\u00eb dhe t\u00eb marr\u00eb mbi supe at\u00eb q\u00eb s&#8217;i takon!? T\u00eb b\u00ebsh at\u00eb q\u00eb nuk je dhe <a class=\"mh-excerpt-more\" href=\"https:\/\/muhamedsytari.net\/?p=1115\" title=\"Nj\u00eb prij\u00ebs fetar nuk b\u00ebhet argat i shejtanit!..\">[&#8230;]<\/a><\/p>\n<\/div>","protected":false},"author":1,"featured_media":1116,"comment_status":"closed","ping_status":"closed","sticky":false,"template":"","format":"standard","meta":{"footnotes":""},"categories":[2],"tags":[],"class_list":["post-1115","post","type-post","status-publish","format-standard","has-post-thumbnail","hentry","category-editorial"],"_links":{"self":[{"href":"https:\/\/muhamedsytari.net\/index.php?rest_route=\/wp\/v2\/posts\/1115","targetHints":{"allow":["GET"]}}],"collection":[{"href":"https:\/\/muhamedsytari.net\/index.php?rest_route=\/wp\/v2\/posts"}],"about":[{"href":"https:\/\/muhamedsytari.net\/index.php?rest_route=\/wp\/v2\/types\/post"}],"author":[{"embeddable":true,"href":"https:\/\/muhamedsytari.net\/index.php?rest_route=\/wp\/v2\/users\/1"}],"replies":[{"embeddable":true,"href":"https:\/\/muhamedsytari.net\/index.php?rest_route=%2Fwp%2Fv2%2Fcomments&post=1115"}],"version-history":[{"count":1,"href":"https:\/\/muhamedsytari.net\/index.php?rest_route=\/wp\/v2\/posts\/1115\/revisions"}],"predecessor-version":[{"id":1117,"href":"https:\/\/muhamedsytari.net\/index.php?rest_route=\/wp\/v2\/posts\/1115\/revisions\/1117"}],"wp:featuredmedia":[{"embeddable":true,"href":"https:\/\/muhamedsytari.net\/index.php?rest_route=\/wp\/v2\/media\/1116"}],"wp:attachment":[{"href":"https:\/\/muhamedsytari.net\/index.php?rest_route=%2Fwp%2Fv2%2Fmedia&parent=1115"}],"wp:term":[{"taxonomy":"category","embeddable":true,"href":"https:\/\/muhamedsytari.net\/index.php?rest_route=%2Fwp%2Fv2%2Fcategories&post=1115"},{"taxonomy":"post_tag","embeddable":true,"href":"https:\/\/muhamedsytari.net\/index.php?rest_route=%2Fwp%2Fv2%2Ftags&post=1115"}],"curies":[{"name":"wp","href":"https:\/\/api.w.org\/{rel}","templated":true}]}}