{"id":1121,"date":"2016-12-28T06:14:41","date_gmt":"2016-12-28T06:14:41","guid":{"rendered":"http:\/\/muhamedsytari.net\/?p=1121"},"modified":"2016-12-28T06:14:41","modified_gmt":"2016-12-28T06:14:41","slug":"pelerina-e-kesaj-nate-mbi-minaren-e-fatihut","status":"publish","type":"post","link":"https:\/\/muhamedsytari.net\/?p=1121","title":{"rendered":"Pelerina e k\u00ebsaj nate mbi minaren e Fatihut&#8230;"},"content":{"rendered":"<p style=\"text-align: justify;\">Pelerina e k\u00ebsaj nate ka mbuluar \u00e7do gj\u00eb t\u00eb th\u00ebn\u00eb e t\u00eb path\u00ebn\u00eb, sidomos n\u00eb realitete t\u00eb ngjashme me ato t\u00eb romaneve t\u00eb Balzakut, Hygos\u00eb, d\u00eb Mopasanit edhe Drajzerit e Hemingueit&#8230; Realitete q\u00eb i p\u00ebrshkruan mrekullisht edhe Sadik Er-Rafii, Mustafa Mahmudi, Gazaliu i ri, Akkadi, Ikbali i famsh\u00ebm, por jo vet\u00ebm&#8230;<\/p>\n<p style=\"text-align: justify;\">Pelerina e k\u00ebsaj nate ka mbuluar edhe kalan\u00eb e Shkod\u00ebrloces, edhe pjes\u00ebn e mbetur t\u00eb minares s\u00eb Teuhidit, n\u00eb zem\u00ebr t\u00eb sa<span class=\"text_exposed_show\">j. Madje, atje, pelerina i ngjan nj\u00eb reje t\u00eb zez\u00eb, prezenca e s\u00eb cil\u00ebs, gati-gati e fsheh minaren\u00eb, sikur e p\u00ebrpin n\u00eb tentativ\u00ebn e saj p\u00ebr ta veshur me mantelin e saj&#8230;<\/span><\/p>\n<div class=\"text_exposed_show\">\n<p style=\"text-align: justify;\">Pelerina e k\u00ebsaj nate lidh cepat e horizontit me yj\u00ebsin\u00eb e shekujve, ku historia mbetet shenj\u00eb udh\u00ebzimi, ku personazhet jan\u00eb aty; t\u00eb lavdishmit p\u00ebrhapin lavdi me p\u00ebrmendjen e tyre, e kund\u00ebrta me njer\u00ebzit e saj dhe p\u00ebrshkrimin e tyre&#8230;<\/p>\n<p style=\"text-align: justify;\">Pelerina e k\u00ebsaj nate mbi k\u00ebt\u00eb qytet mbulon shum\u00eb e shum\u00eb t\u00eb path\u00ebna, sidomos ato q\u00eb lidhen me nj\u00eb natyr\u00eb t\u00eb re q\u00eb dikush ka marr\u00eb p\u00ebr mision t&#8217;ia mvesh\u00eb k\u00ebtij qyteti dhe shpirtit t\u00eb tij&#8230; Ky qytet e ka pas\u00eb zakon, q\u00eb kur shtr\u00ebngohet dora, tjetra nuk t\u00eb godet pas shpine! Apo gabohem?! Mos vall\u00eb, &#8220;Rozafa&#8221; \u00ebsht\u00eb vet\u00eb simboli i pabesis\u00eb dhe goditjes pas shpine?! Apo..?!<\/p>\n<p style=\"text-align: justify;\">Megjithat\u00eb, besa e besimi, past\u00ebrtia e dinjiteti, nuk jan\u00eb l\u00ebkundur asnj\u00ebher\u00eb k\u00ebtu, p\u00ebrball\u00eb &#8220;v\u00ebllez\u00ebrve&#8221; q\u00eb presin n\u00eb bes\u00eb &#8220;v\u00ebllan\u00eb&#8221;, pavar\u00ebsisht genit t\u00eb mbrapsht\u00eb e t\u00eb pandreqsh\u00ebm t\u00eb dikujt a disave&#8230;<\/p>\n<p style=\"text-align: justify;\">Pelerina e k\u00ebsaj nate mbi k\u00ebt\u00eb qytet, fal\u00eb paqe e bekime q\u00eb p\u00ebrhapen nga minarja pa ezan e Xhamis\u00eb s\u00eb Sulltanit t\u00eb Bekuar, n\u00eb zemrat e krejt bijve t\u00eb ezanit; i fton t\u00eb mos e humbin bes\u00ebn, lart ta ngrejn\u00eb z\u00ebrin e Teuhidit mbi minare shekullore, q\u00eb asgj\u00eb s&#8217;ia shuan dot Drit\u00ebn e Bekimeve.., as forma e pelerin\u00ebs, kthyer n\u00eb re t\u00eb zez\u00eb nate dhjetori&#8230;<\/p>\n<p style=\"text-align: right;\"><strong>Imam Muhamed B. Sytari<\/strong><br \/>\n<em>Shkod\u00ebr, m\u00eb 28 dhjetor 2016<\/em><\/p>\n<\/div>\n","protected":false},"excerpt":{"rendered":"<div class=\"mh-excerpt\"><p>Pelerina e k\u00ebsaj nate ka mbuluar \u00e7do gj\u00eb t\u00eb th\u00ebn\u00eb e t\u00eb path\u00ebn\u00eb, sidomos n\u00eb realitete t\u00eb ngjashme me ato t\u00eb romaneve t\u00eb Balzakut, Hygos\u00eb, d\u00eb Mopasanit edhe Drajzerit e Hemingueit&#8230; Realitete q\u00eb i p\u00ebrshkruan <a class=\"mh-excerpt-more\" href=\"https:\/\/muhamedsytari.net\/?p=1121\" title=\"Pelerina e k\u00ebsaj nate mbi minaren e Fatihut&#8230;\">[&#8230;]<\/a><\/p>\n<\/div>","protected":false},"author":1,"featured_media":1122,"comment_status":"closed","ping_status":"closed","sticky":false,"template":"","format":"standard","meta":{"footnotes":""},"categories":[2],"tags":[],"class_list":["post-1121","post","type-post","status-publish","format-standard","has-post-thumbnail","hentry","category-editorial"],"_links":{"self":[{"href":"https:\/\/muhamedsytari.net\/index.php?rest_route=\/wp\/v2\/posts\/1121","targetHints":{"allow":["GET"]}}],"collection":[{"href":"https:\/\/muhamedsytari.net\/index.php?rest_route=\/wp\/v2\/posts"}],"about":[{"href":"https:\/\/muhamedsytari.net\/index.php?rest_route=\/wp\/v2\/types\/post"}],"author":[{"embeddable":true,"href":"https:\/\/muhamedsytari.net\/index.php?rest_route=\/wp\/v2\/users\/1"}],"replies":[{"embeddable":true,"href":"https:\/\/muhamedsytari.net\/index.php?rest_route=%2Fwp%2Fv2%2Fcomments&post=1121"}],"version-history":[{"count":1,"href":"https:\/\/muhamedsytari.net\/index.php?rest_route=\/wp\/v2\/posts\/1121\/revisions"}],"predecessor-version":[{"id":1123,"href":"https:\/\/muhamedsytari.net\/index.php?rest_route=\/wp\/v2\/posts\/1121\/revisions\/1123"}],"wp:featuredmedia":[{"embeddable":true,"href":"https:\/\/muhamedsytari.net\/index.php?rest_route=\/wp\/v2\/media\/1122"}],"wp:attachment":[{"href":"https:\/\/muhamedsytari.net\/index.php?rest_route=%2Fwp%2Fv2%2Fmedia&parent=1121"}],"wp:term":[{"taxonomy":"category","embeddable":true,"href":"https:\/\/muhamedsytari.net\/index.php?rest_route=%2Fwp%2Fv2%2Fcategories&post=1121"},{"taxonomy":"post_tag","embeddable":true,"href":"https:\/\/muhamedsytari.net\/index.php?rest_route=%2Fwp%2Fv2%2Ftags&post=1121"}],"curies":[{"name":"wp","href":"https:\/\/api.w.org\/{rel}","templated":true}]}}