{"id":1127,"date":"2016-12-29T21:59:28","date_gmt":"2016-12-29T21:59:28","guid":{"rendered":"http:\/\/muhamedsytari.net\/?p=1127"},"modified":"2016-12-30T10:01:55","modified_gmt":"2016-12-30T10:01:55","slug":"callma-ime-eshte-e-bardhe-dhe-ti-i-ke-vendosur-nje-njolle-te-zeze","status":"publish","type":"post","link":"https:\/\/muhamedsytari.net\/?p=1127","title":{"rendered":"&#8220;\u00c7allma ime \u00ebsht\u00eb e bardh\u00eb dhe ti i ke vendosur nj\u00eb njoll\u00eb t\u00eb zez\u00eb..!&#8221;"},"content":{"rendered":"<p style=\"text-align: justify;\">Dit\u00ebn e sotme, n\u00ebp\u00ebrmjet rrjeteve sociale, m\u00ebsova p\u00ebr botimin m\u00eb t\u00eb ri nga Drejtoria e Kultur\u00ebs n\u00eb Komunitetin Mysliman t\u00eb Shqip\u00ebris\u00eb, me titull: \u201cLigj\u00ebrata Islame\u201d, me autor dijetarin e shquar, Sheh Qazim Hoxha (1893-1959).<\/p>\n<p style=\"text-align: justify;\">Sipas sh\u00ebnimeve t\u00eb botuesit, libri i ri &#8220;vjen si p\u00ebrmbledhje e artikujve t\u00eb zgjedhur nga ligj\u00ebratat e nj\u00eb prej penave m\u00eb t\u00eb shquara t\u00eb dijetar\u00ebve mysliman\u00eb shqiptar\u00eb, botuar n\u00eb vitet \u201820-\u201830 t\u00eb shek. XX n\u00eb revist\u00ebn prestigjioze t\u00eb koh\u00ebs \u201cZani i Nalt\u00eb\u201d.&#8221;<\/p>\n<p style=\"text-align: justify;\">Faktikisht, kjo iniciativ\u00eb e re e Drejtoris\u00eb s\u00eb Kultur\u00ebs n\u00eb KMSh, p\u00ebr ribotimin a p\u00ebrmbledhjen e vepr\u00ebs s\u00eb hoxhallar\u00ebve t\u00eb shkuar t\u00eb vendit ton\u00eb n\u00eb formatin e botimeve bashk\u00ebkohore, vlen t\u00eb p\u00ebrsh\u00ebndetet. (Kujtoj k\u00ebtu, se fal\u00eb k\u00ebtij angazhimi t\u00eb lavd\u00ebruar, sot kemi t\u00eb ribotuar veprat e hoxhallar\u00ebve t\u00eb shquar t\u00eb koh\u00ebve t\u00eb shkuara, si: Hafiz Ali Kraja, Hafiz Ibrahim Dalliu, Hafiz Ismet Dibra, Haxhi Vehbi Dibra, Sheh Qazim Hoxha etj. Megjith\u00ebse ka edhe shum\u00eb p\u00ebr t\u00eb b\u00ebr\u00eb n\u00eb k\u00ebt\u00eb drejtim, p\u00ebr ribotimin dhe studimin e shum\u00eb e shum\u00eb gjurm\u00ebve t\u00eb tjera t\u00eb hoxhallar\u00ebve t\u00eb shkuar t\u00eb vendit ton\u00eb, kjo iniciativ\u00eb duhet p\u00ebrsh\u00ebndetur dhe mb\u00ebshtetur).<\/p>\n<p style=\"text-align: justify;\">Teksa po lexoja lajmin e lartp\u00ebrmendur, m\u00eb erdh\u00ebn nd\u00ebr mend takimet e shumta me t\u00eb birin, H. Faik Hoxha, me t\u00eb cilin pata zhvilluar disa intervista t\u00eb gjata n\u00eb periudh\u00ebn 17 qershor 2009 &#8211; 29 gusht 2009, n\u00eb funksion t\u00eb monografis\u00eb sime me titull: &#8220;Faik Hoxha para pasqyr\u00ebs s\u00eb nj\u00eb jete&#8230;&#8221;, botuar nga Shb &#8220;LOGOS-A&#8221;, Shkup, 2011.<\/p>\n<p style=\"text-align: justify;\">N\u00eb sh\u00ebrbim t\u00eb sh\u00ebnimeve t\u00eb dit\u00ebs s\u00eb sotme, kam d\u00ebshir\u00eb t\u00eb sjell n\u00eb kujtes\u00ebn tuaj, disa kujtime t\u00eb H. Faik Hoxh\u00ebs p\u00ebr bab\u00ebn e tij, Shehun e Madh t\u00eb tixhanive t\u00eb Shqip\u00ebris\u00eb&#8230;<\/p>\n<p style=\"text-align: justify;\">\u201cKam lindur n\u00eb Shkod\u00ebr, m\u00eb 14 prill 1930. Pas gjasht\u00eb jav\u00ebsh, kam shkuar n\u00eb Durr\u00ebs, ku babai sh\u00ebrbente si vaiz. Po at\u00eb vit, babai im me familje \u00ebsht\u00eb shp\u00ebrngulur n\u00eb Tiran\u00eb.<\/p>\n<p style=\"text-align: justify;\">Kujtoj se kur shkuam n\u00eb Tiran\u00eb, kishim nj\u00eb familje shkodrane komshi, z. Riza Kaduku, n\u00ebpun\u00ebs i vakfit n\u00eb Tiran\u00eb.<\/p>\n<p style=\"text-align: justify;\">N\u00eb periudh\u00ebn e f\u00ebmij\u00ebris\u00eb, m\u00eb af\u00ebr kam qen\u00eb me n\u00ebn\u00ebn time, pasi babai n\u00eb t\u00eb shumt\u00ebn e koh\u00ebs ishte i z\u00ebn\u00eb, si Sheh, si myderriz n\u00eb medresen\u00eb e Tiran\u00ebs etj.<\/p>\n<p style=\"text-align: justify;\">Kur kam hyr\u00eb ne medrese, kam patur nj\u00eb lidhje t\u00eb fort\u00eb me babain, saq\u00eb e kam dashur m\u00eb shum\u00eb se n\u00ebn\u00ebn. Kujtoj, se kur vinte sezoni i ver\u00ebs dhe familja ime shkonte n\u00eb Shkod\u00ebr, un\u00eb rrija vet\u00ebm me babain tim.<\/p>\n<p style=\"text-align: justify;\">E kam dashur si bab\u00eb, por edhe si m\u00ebsues, pasi prej tij kam m\u00ebsuar rregullat e para t\u00eb fes\u00eb. E kishte zakon t\u00eb m\u00eb m\u00ebsonte gjat\u00eb ver\u00ebs l\u00ebnd\u00ebt e vitit q\u00eb vinte. K\u00ebshtu, kur fillonte viti i ri shkollor, un\u00eb i dija m\u00ebsimet q\u00eb her\u00ebt. Kjo m\u00eb ka ndihmuar t\u00eb jem i pari i klas\u00ebs. Kujtoj se gjuh\u00ebn arabe e kemi m\u00ebsuar me metodat e vjetra, me \u201cBina\u201d, \u201cEmthile\u201d, \u201cMaksud\u201d, \u201cAvamil\u201d, \u201cIdhhar\u201d, \u201cKafi\u201d etj.<\/p>\n<p style=\"text-align: justify;\">Qenia e bab\u00ebs m\u00ebsues n\u00eb medresen\u00eb e Tiran\u00ebs, m\u00eb obligonte q\u00eb t\u00eb studioja m\u00eb tep\u00ebr. E kam patur q\u00ebllim t\u00eb jem p\u00ebrher\u00eb i pari i klas\u00ebs dhe notat i kam patur p\u00ebrher\u00eb t\u00eb mira, si n\u00eb fillore ashtu edhe n\u00eb medrese. N\u00eb medrese, ve\u00e7an\u00ebrisht n\u00eb l\u00ebnd\u00ebt fetare, kam qen\u00eb i padiskutuesh\u00ebm!<\/p>\n<p style=\"text-align: justify;\">&#8230;<br \/>\nBabai ka qen\u00eb besimtar i devotsh\u00ebm. Dmth, detyrimet e p\u00ebrditshme fetare i ka kryer me p\u00ebrpikm\u00ebri! \u00cbsht\u00eb marr\u00eb p\u00ebrher\u00eb me derse, duke m\u00ebsuar hoxhallar\u00eb t\u00eb tjer\u00eb a persona t\u00eb ndrysh\u00ebm civil\u00eb.<\/p>\n<p style=\"text-align: justify;\">Gjithmon\u00eb sht\u00ebpia jon\u00eb ka qen\u00eb si nj\u00eb klas\u00eb private, ku vinin njer\u00ebz t\u00eb shumt\u00eb p\u00ebr t\u00eb marr\u00eb m\u00ebsim prej tij.<\/p>\n<p style=\"text-align: justify;\">Kujtoj se gjat\u00eb asaj kohe, njer\u00ebzit q\u00eb kan\u00eb m\u00ebsuar m\u00eb shum\u00eb pran\u00eb babait, kan\u00eb qen\u00eb zot\u00ebrinjt\u00eb: Hasan Haveriku, Haki Sharofi dhe Mehmet Pilku.<\/p>\n<p style=\"text-align: justify;\">Baba, ka qen\u00eb shum\u00eb serioz. Edhe nga njer\u00ebzit e af\u00ebrt ka k\u00ebrkuar t\u00eb jen\u00eb t\u00eb rregullt. Kujtoj nj\u00eb her\u00eb nj\u00eb person q\u00eb erdhi n\u00eb hallk\u00ebn e tij, p\u00ebr t\u00eb cilin kishte marr\u00eb informacion se pinte. E pyeti: P\u00ebrse ke ardhur k\u00ebtu? \u00c7allma ime \u00ebsht\u00eb e bardh\u00eb dhe ti i ke vendosur nj\u00eb njoll\u00eb t\u00eb zez\u00eb..!<\/p>\n<p style=\"text-align: justify;\">Nga dervish\u00ebt e tij k\u00ebrkonte p\u00ebrher\u00eb rregull! Tarikati Tixhani, q\u00eb ai drejtonte kishte shum\u00eb pasues, t\u00eb cil\u00ebt e donin dhe e respektonin me t\u00eb madhe Shehun e tyre, babain tim. N\u00eb dit\u00ebt e dhikrit, t\u00eb dyja dhomat e caktuara p\u00ebr m\u00ebsim e dhik\u00ebr, mbusheshin plot me dervish\u00eb t\u00eb tij!\u201d<\/p>\n<p style=\"text-align: justify;\">Dhe, kujtimet e t\u00eb shkuarve p\u00ebr t\u00eb diturin Sheh Qazim Hoxha, q\u00ebndrojn\u00eb plot dinjitet n\u00eb sirtar\u00ebt e arkivave, q\u00eb presin t&#8217;u fshihet pluhuri, nj\u00ebsoj si gjurm\u00ebve t\u00eb l\u00ebna prej tij n\u00eb faqet e k\u00ebsaj p\u00ebrmbledhjeje me vler\u00eb&#8230;<\/p>\n<p style=\"text-align: justify;\">Dhe, p\u00ebr k\u00ebt\u00eb sh\u00ebrbim, jan\u00eb t\u00eb thirrur studiuesit profesionist\u00eb t\u00eb fushave t\u00eb teologjis\u00eb, prej t\u00eb cil\u00ebve pritet t\u00eb z\u00ebn\u00eb vendet e tyre t\u00eb merituara n\u00eb l\u00ebvrimin e Drit\u00ebs s\u00eb Traditave dhe Dituris\u00eb s\u00eb t\u00eb par\u00ebve tan\u00eb t\u00eb p\u00ebrkushtuar&#8230;<\/p>\n<p style=\"text-align: right;\"><strong>Imam Muhamed B. Sytari<\/strong><br \/>\n<em>Myfti i Zon\u00ebs Shkod\u00ebr<\/em><\/p>\n<p style=\"text-align: right;\"><em>Shkod\u00ebr, m\u00eb 29 dhjetor 2016<\/em><\/p>\n","protected":false},"excerpt":{"rendered":"<div class=\"mh-excerpt\"><p>Dit\u00ebn e sotme, n\u00ebp\u00ebrmjet rrjeteve sociale, m\u00ebsova p\u00ebr botimin m\u00eb t\u00eb ri nga Drejtoria e Kultur\u00ebs n\u00eb Komunitetin Mysliman t\u00eb Shqip\u00ebris\u00eb, me titull: \u201cLigj\u00ebrata Islame\u201d, me autor dijetarin e shquar, Sheh Qazim Hoxha (1893-1959). Sipas <a class=\"mh-excerpt-more\" href=\"https:\/\/muhamedsytari.net\/?p=1127\" title=\"&#8220;\u00c7allma ime \u00ebsht\u00eb e bardh\u00eb dhe ti i ke vendosur nj\u00eb njoll\u00eb t\u00eb zez\u00eb..!&#8221;\">[&#8230;]<\/a><\/p>\n<\/div>","protected":false},"author":1,"featured_media":1128,"comment_status":"closed","ping_status":"closed","sticky":false,"template":"","format":"standard","meta":{"footnotes":""},"categories":[2],"tags":[],"class_list":["post-1127","post","type-post","status-publish","format-standard","has-post-thumbnail","hentry","category-editorial"],"_links":{"self":[{"href":"https:\/\/muhamedsytari.net\/index.php?rest_route=\/wp\/v2\/posts\/1127","targetHints":{"allow":["GET"]}}],"collection":[{"href":"https:\/\/muhamedsytari.net\/index.php?rest_route=\/wp\/v2\/posts"}],"about":[{"href":"https:\/\/muhamedsytari.net\/index.php?rest_route=\/wp\/v2\/types\/post"}],"author":[{"embeddable":true,"href":"https:\/\/muhamedsytari.net\/index.php?rest_route=\/wp\/v2\/users\/1"}],"replies":[{"embeddable":true,"href":"https:\/\/muhamedsytari.net\/index.php?rest_route=%2Fwp%2Fv2%2Fcomments&post=1127"}],"version-history":[{"count":1,"href":"https:\/\/muhamedsytari.net\/index.php?rest_route=\/wp\/v2\/posts\/1127\/revisions"}],"predecessor-version":[{"id":1129,"href":"https:\/\/muhamedsytari.net\/index.php?rest_route=\/wp\/v2\/posts\/1127\/revisions\/1129"}],"wp:featuredmedia":[{"embeddable":true,"href":"https:\/\/muhamedsytari.net\/index.php?rest_route=\/wp\/v2\/media\/1128"}],"wp:attachment":[{"href":"https:\/\/muhamedsytari.net\/index.php?rest_route=%2Fwp%2Fv2%2Fmedia&parent=1127"}],"wp:term":[{"taxonomy":"category","embeddable":true,"href":"https:\/\/muhamedsytari.net\/index.php?rest_route=%2Fwp%2Fv2%2Fcategories&post=1127"},{"taxonomy":"post_tag","embeddable":true,"href":"https:\/\/muhamedsytari.net\/index.php?rest_route=%2Fwp%2Fv2%2Ftags&post=1127"}],"curies":[{"name":"wp","href":"https:\/\/api.w.org\/{rel}","templated":true}]}}