{"id":132,"date":"2016-05-19T02:57:55","date_gmt":"2016-05-19T02:57:55","guid":{"rendered":"http:\/\/muhamedsytari.net\/?p=132"},"modified":"2016-05-20T02:59:26","modified_gmt":"2016-05-20T02:59:26","slug":"madheshtia-e-nje-deshmie-profetike","status":"publish","type":"post","link":"https:\/\/muhamedsytari.net\/?p=132","title":{"rendered":"Madh\u00ebshtia e nj\u00eb d\u00ebshmie profetike&#8230;"},"content":{"rendered":"<p style=\"text-align: justify;\">Fjala q\u00eb sahabiu i nderuar, Temim Ed-Dari (r.a) ka d\u00ebgjuar nga Resulull-llahu (a.s), i cili thoshte: &#8220;Do t\u00eb mb\u00ebrrij\u00eb kjo f\u00e9, ku ka mb\u00ebrritur nata dhe dita&#8230;&#8221;, m\u00eb kumbon m\u00eb \u00ebmb\u00ebl se asnj\u00ebher\u00eb tjet\u00ebr, sa her\u00eb largohem prej Shqip\u00ebris\u00eb sime t\u00eb shtrenjt\u00eb, n\u00eb ndonj\u00eb nga udh\u00ebtimet e Thirrjes Islame, sidomos n\u00eb Amerik\u00eb a Evrop\u00eb&#8230;<\/p>\n<p style=\"text-align: justify;\">Pasdit\u00ebn e sotme, (teksa drekonim n\u00eb nj\u00eb restorant af\u00ebr K\u00eblnit), dy miqt\u00eb e mi, (n\u00eb shoq\u00ebrin\u00eb e t\u00eb cil\u00ebve po shijoja<span class=\"text_exposed_show\"> bashk\u00ebbisedimin, m\u00eb shum\u00eb se shijet e mrekullueshme t\u00eb kuzhin\u00ebs turke), po m\u00eb tregonin rreth p\u00ebrqafimit t\u00eb Islamit n\u00eb Gjermani e Belgjik\u00eb&#8230;<\/span><\/p>\n<div class=\"text_exposed_show\">\n<p style=\"text-align: justify;\">Jan\u00eb raste pa fund, nj\u00ebri m\u00eb emocionues se tjetri. T\u00eb gjith\u00eb kan\u00eb nj\u00eb em\u00ebrues t\u00eb p\u00ebrbashk\u00ebt, at\u00eb q\u00eb Kur&#8217;ani e thot\u00eb me t\u00eb madhe: &#8220;\u00cbsht\u00eb e v\u00ebrtet\u00eb se ti nuk mund ta udh\u00ebzosh at\u00eb q\u00eb do ti, por All-llahu udh\u00ebzon k\u00eb t\u00eb doj\u00eb dhe Ai \u00ebsht\u00eb q\u00eb di m\u00eb s\u00eb miri p\u00ebr t\u00eb udh\u00ebzuarit.&#8221; &#8211; (Kur&#8217;ani, El-Kasas: 56)&#8230;<\/p>\n<p style=\"text-align: justify;\">&#8211; Nj\u00eb emigrant kinez n\u00eb nj\u00eb qytet t\u00eb Gjermanis\u00eb ka pranuar Islamin, edhe pse familja e tij jan\u00eb n\u00eb nj\u00eb f\u00e9 tjet\u00ebr. Ai edhe sot e k\u00ebsaj dite, vjen e falet n\u00eb lokalin e nj\u00eb shqiptari musliman, t\u00eb cilit ia p\u00ebrs\u00ebrit shpesh k\u00ebto fjal\u00eb: &#8220;Sa her\u00eb vij k\u00ebtu, gjej prehje dhe falem lirsh\u00ebm, sepse n\u00eb sht\u00ebpi nuk ma pranojn\u00eb Islamin!&#8221;&#8230;<\/p>\n<p style=\"text-align: justify;\">&#8211; Nj\u00eb zot\u00ebri belg autokton nga qyteti Gent, ishte b\u00ebr\u00eb musliman duke v\u00ebzhguar komshit\u00eb e tij musliman\u00eb, turq\u00eb. \u00c7do dit\u00eb gruaja turke dilte ta p\u00ebrcillte burrin e saj p\u00ebr n\u00eb pun\u00eb, e p\u00ebrqafonte dhe e uronte me ngroht\u00ebsi&#8230;<\/p>\n<p style=\"text-align: justify;\">Nj\u00eb dit\u00eb, belgu vendosi ta pyes\u00eb komshiun e tij dhe, pasi konsumuan s\u00eb bashku nj\u00eb kafe, turku i tha se sjellja e tij me t\u00eb shoqen buron nga Islami. &#8220;A ma shpjegon edhe mua Islamin?&#8221; &#8211; e kishte pyetur belgu. &#8220;Un\u00eb nuk jam kompetent p\u00ebr k\u00ebt\u00eb gj\u00eb, por do t\u00eb t\u00eb prezantoj me Hoxh\u00ebn&#8221; &#8211; i kishte th\u00ebn\u00eb turku dhe ashtu kishte b\u00ebr\u00eb&#8230;<\/p>\n<p style=\"text-align: justify;\">Sot, burri belg mbante nj\u00eb mjek\u00ebr nazike dhe d\u00ebshmohej haptas si musliman i ri&#8230;<\/p>\n<p style=\"text-align: justify;\">Dhe shembujt real\u00eb, q\u00eb d\u00ebgjoja nga miqt\u00eb e mi, shoq\u00ebruar me atmosfer\u00ebn e ngroht\u00eb t\u00eb k\u00ebtij akshami n\u00eb xhamin\u00eb shqiptare &#8220;Ebu Hanife&#8221;, ku ne shqiptar\u00ebt flisnim e kuvendonim me emrin e All-llahut dhe emocionet e d\u00ebshir\u00ebs s\u00eb Resulull-llahut (a.s) p\u00ebr t\u00eb takuar v\u00ebllez\u00ebrit e tij.., ma mbush\u00ebn zemr\u00ebn me madh\u00ebshtin\u00eb e d\u00ebshmis\u00eb profetike q\u00eb kishte d\u00ebgjuar Temim Dariu (r.a)&#8230;<\/p>\n<p style=\"text-align: justify;\">Sonte, flamuri shqiptar val\u00ebvitej paqsh\u00ebm n\u00eb n\u00ebnqiellin gjerman, ndri\u00e7uar nga feksimi i Han\u00ebs s\u00eb dritshme, q\u00eb zbukuronte fytyrat e t\u00eb rinjve musliman\u00eb shqiptar\u00eb, teksa dilnin nga xhamia e tyre n\u00eb kurbet&#8230; Ata k\u00ebmbenin selamet e tyre duke u p\u00ebrsh\u00ebndetur si burra moti, teksa shqipja e \u00ebmb\u00ebl, me dialektet e krahinave t\u00eb origjin\u00ebs, bashkohej me Drit\u00ebn e nat\u00ebs&#8230; E, ajo, shemb\u00ebllente nj\u00ebsoj si &#8220;nata&#8221;, n\u00eb d\u00ebshmin\u00eb e Resulull-llahut (a.s): &#8220;Do t\u00eb mb\u00ebrrij\u00eb kjo f\u00e9, ku ka mb\u00ebrritur nata dhe dita!&#8221;&#8230;<\/p>\n<p style=\"text-align: right;\"><strong>Imam Muhamed B. Sytari<\/strong><br \/>\n<em>Troisdorf, 19 maj 2016<\/em><\/p>\n<\/div>\n","protected":false},"excerpt":{"rendered":"<div class=\"mh-excerpt\"><p>Fjala q\u00eb sahabiu i nderuar, Temim Ed-Dari (r.a) ka d\u00ebgjuar nga Resulull-llahu (a.s), i cili thoshte: &#8220;Do t\u00eb mb\u00ebrrij\u00eb kjo f\u00e9, ku ka mb\u00ebrritur nata dhe dita&#8230;&#8221;, m\u00eb kumbon m\u00eb \u00ebmb\u00ebl se asnj\u00ebher\u00eb tjet\u00ebr, sa <a class=\"mh-excerpt-more\" href=\"https:\/\/muhamedsytari.net\/?p=132\" title=\"Madh\u00ebshtia e nj\u00eb d\u00ebshmie profetike&#8230;\">[&#8230;]<\/a><\/p>\n<\/div>","protected":false},"author":1,"featured_media":133,"comment_status":"closed","ping_status":"closed","sticky":false,"template":"","format":"standard","meta":{"footnotes":""},"categories":[2],"tags":[],"class_list":["post-132","post","type-post","status-publish","format-standard","has-post-thumbnail","hentry","category-editorial"],"_links":{"self":[{"href":"https:\/\/muhamedsytari.net\/index.php?rest_route=\/wp\/v2\/posts\/132","targetHints":{"allow":["GET"]}}],"collection":[{"href":"https:\/\/muhamedsytari.net\/index.php?rest_route=\/wp\/v2\/posts"}],"about":[{"href":"https:\/\/muhamedsytari.net\/index.php?rest_route=\/wp\/v2\/types\/post"}],"author":[{"embeddable":true,"href":"https:\/\/muhamedsytari.net\/index.php?rest_route=\/wp\/v2\/users\/1"}],"replies":[{"embeddable":true,"href":"https:\/\/muhamedsytari.net\/index.php?rest_route=%2Fwp%2Fv2%2Fcomments&post=132"}],"version-history":[{"count":1,"href":"https:\/\/muhamedsytari.net\/index.php?rest_route=\/wp\/v2\/posts\/132\/revisions"}],"predecessor-version":[{"id":134,"href":"https:\/\/muhamedsytari.net\/index.php?rest_route=\/wp\/v2\/posts\/132\/revisions\/134"}],"wp:featuredmedia":[{"embeddable":true,"href":"https:\/\/muhamedsytari.net\/index.php?rest_route=\/wp\/v2\/media\/133"}],"wp:attachment":[{"href":"https:\/\/muhamedsytari.net\/index.php?rest_route=%2Fwp%2Fv2%2Fmedia&parent=132"}],"wp:term":[{"taxonomy":"category","embeddable":true,"href":"https:\/\/muhamedsytari.net\/index.php?rest_route=%2Fwp%2Fv2%2Fcategories&post=132"},{"taxonomy":"post_tag","embeddable":true,"href":"https:\/\/muhamedsytari.net\/index.php?rest_route=%2Fwp%2Fv2%2Ftags&post=132"}],"curies":[{"name":"wp","href":"https:\/\/api.w.org\/{rel}","templated":true}]}}