{"id":176,"date":"2016-05-29T06:46:00","date_gmt":"2016-05-29T06:46:00","guid":{"rendered":"http:\/\/muhamedsytari.net\/?p=176"},"modified":"2016-05-30T06:49:41","modified_gmt":"2016-05-30T06:49:41","slug":"me-fal-per-vonesen-sulltani-im","status":"publish","type":"post","link":"https:\/\/muhamedsytari.net\/?p=176","title":{"rendered":"M\u00eb fal p\u00ebr vones\u00ebn, Sulltani im..!\u00a0"},"content":{"rendered":"<p style=\"text-align: justify;\">29 maj 1453. Kjo \u00ebsht\u00eb nj\u00eb dit\u00eb p\u00ebrkujtimore. Sh\u00ebnon marrjen e Kostandinopj\u00ebs nga Sulltan Mehmet Fatihu, i biri i Sulltan Muradit t\u00eb 2-t\u00eb. I teti sulltan i hilafetit ton\u00eb osman, Hilafetit t\u00eb shqiptar\u00ebve!<\/p>\n<p style=\"text-align: justify;\">Ai ishte nj\u00eb djal\u00eb i ri, i edukuar dhe i st\u00ebrvitur me nj\u00eb edukat\u00eb dhe moral t\u00eb lart\u00eb, me dije dhe parime t\u00eb sh\u00ebndosha, q\u00eb nuk tjet\u00ebrsohen p\u00ebr asnj\u00eb situat\u00eb, njeri a rrethan\u00eb. Ishte dhe mbeti model p\u00ebr rinin\u00eb ton\u00eb, rinin\u00eb q\u00eb duan t&#8217;ia vrasin shpirtin, identitetin, shembullin, moralin, frym\u00ebn, emocionin, parimin, vler\u00ebn, t\u00eb shenjt\u00ebn, drit\u00ebn, udh\u00ebn, busull\u00ebn, vet\u00eb Jet\u00ebn!<\/p>\n<p style=\"text-align: justify;\">U ndala pak te kjo dat\u00eb dhe u riktheva n\u00eb histori, p\u00ebr t\u00eb lexuar trajtimin e jomusliman\u00ebve n\u00eb shtetin ton\u00eb islam, (shtetin e musliman\u00ebve). \u00cbsht\u00eb mbinjer\u00ebzor, i pap\u00ebrs\u00ebritsh\u00ebm. Ku e merr, sikur qeverit\u00eb tona laiko-selektive, t\u00eb na trajtonin ne musliman\u00ebve mbi 70% (pa t\u00ebmth e t\u00eb p\u00ebrgjumur), t\u00eb k\u00ebsaj shoq\u00ebrie, si\u00e7 trajtoheshin (dhe trajtohen) t\u00eb drejtat e ehli-kitab\u00ebve n\u00eb Islam.<\/p>\n<p style=\"text-align: justify;\">Ja, Osman\u00ebt, n\u00eb gjurm\u00eb t\u00eb parimeve dhe m\u00ebsimeve t\u00eb patjet\u00ebrsueshme t\u00eb Kur&#8217;anit dhe Hz. Muhammedit (a.s), p\u00ebr t\u00eb cil\u00ebt thuhet se: \u201cSulltani u dha liri t\u00eb krishter\u00ebve p\u00ebr t\u00eb mbajtur simbolet e tyre fetare dhe t\u00eb drejt\u00ebn e zgjedhjes s\u00eb udh\u00ebheq\u00ebsve t\u00eb tyre fetar, t\u00eb cil\u00ebt kishin t\u00eb drejt\u00eb t\u00eb gjykonin n\u00eb \u00e7\u00ebshtjet qytetare&#8230; Shfaqja e faljes dhe toleranc\u00ebs nga ana e sulltanit Mehmet Fatihut ndaj t\u00eb krishter\u00ebve t\u00eb Kostandinopoj\u00ebs, nuk ishte tjet\u00ebr ve\u00e7se shtytje nga zbatimi i sinqert\u00eb i Islamit Madh\u00ebshtor&#8230;&#8221;.<\/p>\n<p style=\"text-align: justify;\">[Historian\u00ebt e perandoris\u00eb osmane v\u00ebrtetojn\u00eb se me adhjen e Sulltan Fatihut n\u00eb Stamboll, u paraqit shembulli i toleranc\u00ebs islame. Ai menj\u00ebher\u00eb e rip\u00ebrt\u00ebriu patriarkan\u00ebn bizantine, i ktheu lirin\u00eb dhe pavar\u00ebsin\u00eb kish\u00ebs lindore. Fermani i Sulltan Fatihut mbi t\u00eb drejtat e njeriut shkruar m\u00eb 28 maj 1463, n\u00eb Millodrazh, i cili llogaritet si nj\u00ebri nd\u00ebr dokumentet m\u00eb t\u00eb vjetra mbi t\u00eb drejtat e njeriut, thot\u00eb: &#8220;Un\u00eb Fatih Sulltan Hani shpall para t\u00eb gjith\u00eb bot\u00ebs se fran\u00e7eskan\u00ebt e Bosnj\u00ebs, p\u00ebr t\u00eb cil\u00ebt del ky ferman, jan\u00eb n\u00ebn mbrojtjen time dhe urdh\u00ebroj: As njer\u00ebzit, emrat e t\u00eb cil\u00ebve shpallen k\u00ebtu dhe as kishat e tyre t\u00eb mos shqet\u00ebsohen e t\u00eb mos d\u00ebmtohen. Le t\u00eb jetojn\u00eb n\u00eb paqe e t\u00eb qet\u00eb brenda Perandoris\u00eb sime&#8230;&#8221;].<\/p>\n<p style=\"text-align: justify;\">Prandaj, me t\u00eb drejt\u00eb, edhe jomusliman\u00ebt objektiv\u00eb n\u00eb k\u00ebrkimet dhe studimet e tyre mbi Islamin, kan\u00eb v\u00ebrtetuar n\u00eb vazhdim\u00ebsi k\u00ebto v\u00ebrtet\u00ebsi. N\u00eb revist\u00ebn \u201cZani i Nalt\u00eb\u201d, 1924, sh\u00ebnohet edhe ky rast: [N\u00eb nj\u00eb mbledhje qi u ba n\u00eb Londr\u00eb n\u00ebn kryesin e Lord Venterten dijetari i famsh\u00ebm ingjliz Ser Tomas Ernoldi mbajti nj\u00eb fjal mbi musliman\u00ebt. K\u00ebtu fjalimin e Ser Ernoldit po i u a paraqesim me shkurtim: \u201cJu sh\u00ebnoj se Islamizma s&#8217;asht nj\u00eb f\u00e9 vet\u00ebm, si nj\u00eb dogm\u00eb krejt teologjike, por asht nji fee krejt shoqnore me regullat t\u00eb plota sociale. Me ket spirit sociale qi ka, islamizma asht nj\u00eb faktor i madh i qytetnimit&#8230;\u201d].<\/p>\n<p style=\"text-align: justify;\">I shkrova k\u00ebta rreshta, edhe si p\u00ebr t&#8217;i th\u00ebn\u00eb Sulltanit tim: M\u00eb fal p\u00ebr vones\u00ebn n\u00eb p\u00ebrkujtimin e k\u00ebsaj date t\u00eb shenjt\u00eb, edhe p\u00ebr vet\u00eb Evrop\u00ebn, por edhe si nj\u00eb p\u00ebrgjigje sip\u00ebrfaq\u00ebsore p\u00ebr pyetjen e dikujt, se p\u00ebrse n\u00eb vende t\u00eb ndryshme t\u00eb per\u00ebndimit, xhamit\u00eb jan\u00eb pa minare, (me p\u00ebrjashtime t\u00eb vogla, t\u00eb kusht\u00ebzuara), nd\u00ebrkoh\u00eb q\u00eb kampanelet e kishave dhe kryqet e tyre shpojn\u00eb qiejt e Siris\u00eb, Jordanis\u00eb, Libanit, Palestin\u00ebs, Turqis\u00eb, Indonezis\u00eb e shum\u00eb e shum\u00eb vendeve islame, ku ka t\u00eb krishter\u00eb, pa asnj\u00eb paragjykim a ngushtim..?!<\/p>\n<p style=\"text-align: justify;\">Paqja dhe bekimet e t\u00eb Madh\u00ebruarit qofshin mbi ty, i Madhi Sulltani yn\u00eb, Mehmet Fatih..!<\/p>\n<p style=\"text-align: right;\"><strong>Imam Muhamed B. Sytari<\/strong><br \/>\n<em>Shkod\u00ebr, m\u00eb 29 maj 2016<\/em><\/p>\n","protected":false},"excerpt":{"rendered":"<div class=\"mh-excerpt\"><p>29 maj 1453. Kjo \u00ebsht\u00eb nj\u00eb dit\u00eb p\u00ebrkujtimore. Sh\u00ebnon marrjen e Kostandinopj\u00ebs nga Sulltan Mehmet Fatihu, i biri i Sulltan Muradit t\u00eb 2-t\u00eb. I teti sulltan i hilafetit ton\u00eb osman, Hilafetit t\u00eb shqiptar\u00ebve! Ai ishte <a class=\"mh-excerpt-more\" href=\"https:\/\/muhamedsytari.net\/?p=176\" title=\"M\u00eb fal p\u00ebr vones\u00ebn, Sulltani im..!\u00a0\">[&#8230;]<\/a><\/p>\n<\/div>","protected":false},"author":1,"featured_media":177,"comment_status":"closed","ping_status":"closed","sticky":false,"template":"","format":"standard","meta":{"footnotes":""},"categories":[2],"tags":[],"class_list":["post-176","post","type-post","status-publish","format-standard","has-post-thumbnail","hentry","category-editorial"],"_links":{"self":[{"href":"https:\/\/muhamedsytari.net\/index.php?rest_route=\/wp\/v2\/posts\/176","targetHints":{"allow":["GET"]}}],"collection":[{"href":"https:\/\/muhamedsytari.net\/index.php?rest_route=\/wp\/v2\/posts"}],"about":[{"href":"https:\/\/muhamedsytari.net\/index.php?rest_route=\/wp\/v2\/types\/post"}],"author":[{"embeddable":true,"href":"https:\/\/muhamedsytari.net\/index.php?rest_route=\/wp\/v2\/users\/1"}],"replies":[{"embeddable":true,"href":"https:\/\/muhamedsytari.net\/index.php?rest_route=%2Fwp%2Fv2%2Fcomments&post=176"}],"version-history":[{"count":1,"href":"https:\/\/muhamedsytari.net\/index.php?rest_route=\/wp\/v2\/posts\/176\/revisions"}],"predecessor-version":[{"id":178,"href":"https:\/\/muhamedsytari.net\/index.php?rest_route=\/wp\/v2\/posts\/176\/revisions\/178"}],"wp:featuredmedia":[{"embeddable":true,"href":"https:\/\/muhamedsytari.net\/index.php?rest_route=\/wp\/v2\/media\/177"}],"wp:attachment":[{"href":"https:\/\/muhamedsytari.net\/index.php?rest_route=%2Fwp%2Fv2%2Fmedia&parent=176"}],"wp:term":[{"taxonomy":"category","embeddable":true,"href":"https:\/\/muhamedsytari.net\/index.php?rest_route=%2Fwp%2Fv2%2Fcategories&post=176"},{"taxonomy":"post_tag","embeddable":true,"href":"https:\/\/muhamedsytari.net\/index.php?rest_route=%2Fwp%2Fv2%2Ftags&post=176"}],"curies":[{"name":"wp","href":"https:\/\/api.w.org\/{rel}","templated":true}]}}