{"id":1783,"date":"2017-11-16T20:26:04","date_gmt":"2017-11-16T20:26:04","guid":{"rendered":"http:\/\/muhamedsytari.net\/?p=1783"},"modified":"2017-11-17T07:28:49","modified_gmt":"2017-11-17T07:28:49","slug":"lavdi-te-madhit-zot-qe-e-ruajti-dashurine-e-tij-ne-zemrat-tona","status":"publish","type":"post","link":"https:\/\/muhamedsytari.net\/?p=1783","title":{"rendered":"&#8220;Lavdi t\u00eb Madhit Zot, q\u00eb e ruajti dashurin\u00eb e Tij n\u00eb zemrat tona..!&#8221;"},"content":{"rendered":"<p style=\"margin: 6px 0px; font-family: Helvetica, Arial, sans-serif; color: #1d2129; font-size: 14px; text-align: justify;\"><em>T\u00eb nderuar t\u00eb pranish\u00ebm,<\/em><\/p>\n<p style=\"margin: 6px 0px; font-family: Helvetica, Arial, sans-serif; color: #1d2129; font-size: 14px; text-align: justify;\">Sa her\u00eb vjen data 16 n\u00ebntor, ne si bashk\u00ebsi fetare, p\u00ebrfshihemi n\u00eb emocione q\u00eb na lidhin me nj\u00eb ngjarje t\u00eb sh\u00ebnuar, nd\u00ebr m\u00eb t\u00eb spikaturat e shekullit p\u00ebr ne dhe mbar\u00eb kombin ton\u00eb!<\/p>\n<p style=\"margin: 6px 0px; font-family: Helvetica, Arial, sans-serif; color: #1d2129; font-size: 14px; text-align: justify;\">Nj\u00eb ngjarje q\u00eb lidhet me kujtimin e s\u00eb shkuar\u00ebs jo fort t\u00eb larg\u00ebt, gati-gati t\u00eb pabesueshme, t\u00eb imponimit me dhun\u00eb t\u00eb ateizmit, si dhe kujtimin e s\u00eb shkuar\u00ebs 27 vje\u00e7are, gati-gati n\u00eb kufijt\u00eb e s\u00eb shenjt\u00ebs, kur Drita e Udh\u00ebzimit triumfoi mbi err\u00ebsir\u00ebn e femohimit dhe afetarizmit.<\/p>\n<p style=\"margin: 6px 0px; font-family: Helvetica, Arial, sans-serif; color: #1d2129; font-size: 14px; text-align: justify;\">Sot, teksa besojm\u00eb t\u00eb lir\u00eb dhe praktikojm\u00eb t\u00eb pac\u00ebnuar ritualet e fes\u00eb dhe besimit ton\u00eb, kuptojm\u00eb se sa e r\u00ebnd\u00ebsishme \u00ebsht\u00eb n\u00eb nj\u00eb shoq\u00ebri dhe p\u00ebr t\u00eb, respektimi dhe mbrojtja e fes\u00eb dhe besimit, sepse ato q\u00ebndrojn\u00eb n\u00eb themelet e zhvillimit dhe p\u00ebrparimit komb\u00ebtar e njer\u00ebzor!<\/p>\n<p style=\"margin: 6px 0px; font-family: Helvetica, Arial, sans-serif; color: #1d2129; font-size: 14px; text-align: justify;\">I rikthehem her\u00eb pas here fjalimit historik t\u00eb Hafiz Sabri Ko\u00e7it, t\u00eb xhuman\u00eb e shtrenjt\u00eb t\u00eb 16 n\u00ebntorit 1990. P\u00ebrher\u00eb, impulse pozitive q\u00eb t\u00eb shtyjn\u00eb p\u00ebrpara gjej n\u00eb at\u00eb jehon\u00eb shpirti t\u00eb nj\u00eb fetari t\u00eb ditur, q\u00eb ishte sprovuar e dhunuar p\u00ebr fen\u00eb e tij, sa ve\u00e7 Zoti e di!<\/p>\n<p style=\"margin: 6px 0px; font-family: Helvetica, Arial, sans-serif; color: #1d2129; font-size: 14px; text-align: justify;\">At\u00eb dit\u00eb, ai ishte modeli i prij\u00ebsit islam e komb\u00ebtar, n\u00eb nj\u00eb moment n\u00eb kufijt\u00eb e delirit, por q\u00eb gjith\u00ebsesi, mbeti d\u00ebshmi e k\u00ebtij Islami t\u00eb past\u00ebr, q\u00eb trash\u00ebgojm\u00eb nga burimet e kulluara t\u00eb Fes\u00eb son\u00eb; Islam i s\u00eb ardhmes, faljes, v\u00ebllaz\u00ebris\u00eb, harmonis\u00eb nd\u00ebrnjer\u00ebzore, ngritjes pas pabesis\u00eb, aft\u00ebsis\u00eb p\u00ebr t\u00eb mbledhur forcat drejt rizgjimit dhe rim\u00ebk\u00ebmbjes, me bekimet dhe mbar\u00ebsin\u00eb e Zotit!<\/p>\n<p style=\"margin: 6px 0px; font-family: Helvetica, Arial, sans-serif; color: #1d2129; font-size: 14px; text-align: justify;\">Shoq\u00ebria e jon\u00eb shqiptare sot, e ka t\u00eb domosdoshme t\u00eb hedh\u00eb v\u00ebshtrimet nga ajo q\u00eb na kalpoi si komb dhe e sotmja. Secili prej nesh e ka p\u00ebr detyr\u00eb fetare dhe komb\u00ebtare t\u00eb b\u00ebj\u00eb m\u00eb t\u00eb mir\u00ebn p\u00ebr t\u2019u kthyer nga Zoti, nga besimi dhe organizimi i jet\u00ebs mbi at\u00eb q\u00eb na frym\u00ebzon ndjenja e besimit, dashnis\u00eb dhe frik\u00ebs s\u00eb Zotit n\u00eb jet\u00eb.<\/p>\n<p style=\"margin: 6px 0px; font-family: Helvetica, Arial, sans-serif; color: #1d2129; font-size: 14px; text-align: justify;\">Fenomene t\u00eb frikshme q\u00eb lidhen me bot\u00ebn e femohimit, shthurrjes e degradimit moral, politik, ekonomik e q\u00eb ndikojn\u00eb n\u00eb thelb t\u00eb avenirit t\u00eb shoq\u00ebris\u00eb, e kemi p\u00ebr detyr\u00eb t\u2019i shohim ball\u00eb p\u00ebr ball\u00eb, n\u00eb rrug\u00ebtimet tona drejt nd\u00ebrtimit t\u00eb vlerave dhe distancimit nga ekstremizmi, dhuna, terrori, shkelja e t\u00eb drejtave dhe mosrespketimi i tyre, korrupsioni dhe veset, p\u00ebrhapja e afetarizmit dhe e rrug\u00ebve q\u00eb shpien drejt tij.<\/p>\n<p style=\"margin: 6px 0px; font-family: Helvetica, Arial, sans-serif; color: #1d2129; font-size: 14px; text-align: justify;\">Si sot, para 27 vjet\u00ebsh, Hafiz Sabri Ko\u00e7i, d\u00ebshmonte: \u201cIu hap\u00ebn portat zemrave, q\u00eb t\u00eb njohin, t\u00eb dashurojn\u00eb, t\u00eb respektojn\u00eb m\u00eb t\u00eb Af\u00ebrmin e tyre, i Cili \u00ebsht\u00eb m\u00eb af\u00ebr te njeriu sesa ai te vetvetja: Zotin! Lavdi t\u00eb Madhit Zot, q\u00eb e ruajti dashurin\u00eb e Tij n\u00eb zemrat tona e nuk na p\u00ebrbuzi\u2026 aq m\u00eb tep\u00ebr n\u00eb zemrat e k\u00ebsaj rinie q\u00eb sapo del n\u00eb jet\u00eb pa qen\u00eb n\u00eb kontakt me asgj\u00eb, ia ndezi drit\u00ebn e dashuris\u00eb s\u00eb Tij n\u00eb zem\u00ebr e n\u00eb shpirt!\u201d<\/p>\n<p style=\"margin: 6px 0px; font-family: Helvetica, Arial, sans-serif; color: #1d2129; font-size: 14px; text-align: justify;\">Pik\u00ebrisht p\u00ebr k\u00ebt\u00eb bekim kemi nevoj\u00eb akoma sot, q\u00eb rinia shqiptare dhe mbar\u00eb njer\u00ebzimi, t\u00eb kthehen nga dyert e pendimit, faljes, m\u00ebshir\u00ebs e paqes s\u00eb brendshme me Zotin e gjith\u00ebsis\u00eb!<\/p>\n<p style=\"margin: 6px 0px; font-family: Helvetica, Arial, sans-serif; color: #1d2129; font-size: 14px; text-align: justify;\">All-llahu e begatoft\u00eb rinin\u00eb e Shkodr\u00ebs, rinin\u00eb shqiptare dhe mbar\u00eb njer\u00ebzimin, me Drit\u00ebn e dashnis\u00eb s\u00eb Tij!<\/p>\n<p style=\"margin: 6px 0px; font-family: Helvetica, Arial, sans-serif; color: #1d2129; font-size: 14px; text-align: justify;\">Rahmet past\u00eb Hafiz Sabri Ko\u00e7i dhe krejt ata burra t\u00eb urt\u00eb e t\u00eb guximsh\u00ebm q\u00eb u mblodh\u00ebn p\u00ebrreth tij, n\u00eb nj\u00eb rrug\u00eb t\u00eb gjat\u00eb e plot v\u00ebshtir\u00ebsi, q\u00eb pat si kredo Besimin n\u00eb Nj\u00eb Zot dhe mb\u00ebshtetjen n\u00eb Premtimin e Tij: \u201cNe patjet\u00ebr do t\u00eb ndihmojm\u00eb t\u00eb d\u00ebrguarit Tan\u00eb dhe ata q\u00eb besuan, n\u00eb jet\u00ebn e k\u00ebsaj bote dhe n\u00eb dit\u00ebn e prezantimit t\u00eb d\u00ebshmive!\u201d \u2013 (Kur\u2019ani, Gafir: 51)<\/p>\n<p style=\"margin: 6px 0px; font-family: Helvetica, Arial, sans-serif; color: #1d2129; font-size: 14px; text-align: right;\"><strong>Imam Muhamed B. Sytari<\/strong><br \/>\n<em>Shkod\u00ebr, 16 n\u00ebntor 2017<\/em><\/p>\n","protected":false},"excerpt":{"rendered":"<div class=\"mh-excerpt\"><p>T\u00eb nderuar t\u00eb pranish\u00ebm, Sa her\u00eb vjen data 16 n\u00ebntor, ne si bashk\u00ebsi fetare, p\u00ebrfshihemi n\u00eb emocione q\u00eb na lidhin me nj\u00eb ngjarje t\u00eb sh\u00ebnuar, nd\u00ebr m\u00eb t\u00eb spikaturat e shekullit p\u00ebr ne dhe mbar\u00eb <a class=\"mh-excerpt-more\" href=\"https:\/\/muhamedsytari.net\/?p=1783\" title=\"&#8220;Lavdi t\u00eb Madhit Zot, q\u00eb e ruajti dashurin\u00eb e Tij n\u00eb zemrat tona..!&#8221;\">[&#8230;]<\/a><\/p>\n<\/div>","protected":false},"author":1,"featured_media":1784,"comment_status":"closed","ping_status":"closed","sticky":false,"template":"","format":"standard","meta":{"footnotes":""},"categories":[2],"tags":[],"class_list":["post-1783","post","type-post","status-publish","format-standard","has-post-thumbnail","hentry","category-editorial"],"_links":{"self":[{"href":"https:\/\/muhamedsytari.net\/index.php?rest_route=\/wp\/v2\/posts\/1783","targetHints":{"allow":["GET"]}}],"collection":[{"href":"https:\/\/muhamedsytari.net\/index.php?rest_route=\/wp\/v2\/posts"}],"about":[{"href":"https:\/\/muhamedsytari.net\/index.php?rest_route=\/wp\/v2\/types\/post"}],"author":[{"embeddable":true,"href":"https:\/\/muhamedsytari.net\/index.php?rest_route=\/wp\/v2\/users\/1"}],"replies":[{"embeddable":true,"href":"https:\/\/muhamedsytari.net\/index.php?rest_route=%2Fwp%2Fv2%2Fcomments&post=1783"}],"version-history":[{"count":1,"href":"https:\/\/muhamedsytari.net\/index.php?rest_route=\/wp\/v2\/posts\/1783\/revisions"}],"predecessor-version":[{"id":1785,"href":"https:\/\/muhamedsytari.net\/index.php?rest_route=\/wp\/v2\/posts\/1783\/revisions\/1785"}],"wp:featuredmedia":[{"embeddable":true,"href":"https:\/\/muhamedsytari.net\/index.php?rest_route=\/wp\/v2\/media\/1784"}],"wp:attachment":[{"href":"https:\/\/muhamedsytari.net\/index.php?rest_route=%2Fwp%2Fv2%2Fmedia&parent=1783"}],"wp:term":[{"taxonomy":"category","embeddable":true,"href":"https:\/\/muhamedsytari.net\/index.php?rest_route=%2Fwp%2Fv2%2Fcategories&post=1783"},{"taxonomy":"post_tag","embeddable":true,"href":"https:\/\/muhamedsytari.net\/index.php?rest_route=%2Fwp%2Fv2%2Ftags&post=1783"}],"curies":[{"name":"wp","href":"https:\/\/api.w.org\/{rel}","templated":true}]}}