{"id":1913,"date":"2018-04-29T11:26:56","date_gmt":"2018-04-29T11:26:56","guid":{"rendered":"http:\/\/muhamedsytari.net\/?p=1913"},"modified":"2018-04-29T11:26:56","modified_gmt":"2018-04-29T11:26:56","slug":"burra","status":"publish","type":"post","link":"https:\/\/muhamedsytari.net\/?p=1913","title":{"rendered":"Burra..!"},"content":{"rendered":"<p style=\"text-align: justify;\">Kurdo q\u00eb t\u00eb kaloni pran\u00eb k\u00ebtij vendi, Bakias Sherife, kujtoni p\u00ebrher\u00eb se, aty jan\u00eb varrosur trupat e m\u00eb t\u00eb mir\u00ebve t\u00eb njer\u00ebzis\u00eb, pas t\u00eb d\u00ebrguarve t\u00eb Zotit!<\/p>\n<p style=\"text-align: justify;\">Aty pushojn\u00eb ata, q\u00eb All-llahu i Madh\u00ebruar n\u00eb Kur&#8217;an i quajti &#8220;burra q\u00eb nuk i huton as treg\u00ebtia as shitblerja ndaj p\u00ebrmendjes s\u00eb All-llahut&#8221;!<\/p>\n<div class=\"text_exposed_show\" style=\"text-align: justify;\">\n<p>Aty pushojn\u00eb ata, q\u00eb Zoti n\u00eb Kur&#8217;an i p\u00ebrshkroi me fjal\u00ebt e Tij: &#8220;burra q\u00eb e v\u00ebrtetuan bes\u00ebn q\u00eb i dhan\u00eb All-llahut&#8230;&#8221;!<\/p>\n<p>Aty \u00ebsht\u00eb gjurma dhe shenja e atyre, p\u00ebr t\u00eb cil\u00ebt Resulull-llahu (a.s.) tha: &#8220;Kijeni frik\u00eb All-llahun n\u00eb sahab\u00ebt e mi&#8230;&#8221;!<\/p>\n<p>Kurdo q\u00eb t\u00eb shkoni n\u00eb Medinen e Ndri\u00e7uar dhe kurdo q\u00eb t&#8217;i kujtoni, kudo qofshi; fal\u00ebnderojeni All-llahun q\u00eb k\u00ebt\u00eb f\u00e9 e b\u00ebri t\u00eb thjesht\u00eb dhe t\u00eb praktikueshme, t\u00eb leht\u00eb dhe sihariq p\u00ebr krejt bot\u00ebt, dhe q\u00eb shembullin e burrave t\u00eb m\u00ebdhenj t\u00eb saj, e b\u00ebri model udh\u00ebzues p\u00ebr njeriun deri n\u00eb kiamet!<\/p>\n<p>Sahab\u00ebt e Resulull-llahut ton\u00eb&#8230;<\/p>\n<p style=\"text-align: right;\"><strong>Muhamed B. Sytari<\/strong><br \/>\n<em>Shkod\u00ebr, 29 prill 2018<\/em><\/p>\n<\/div>\n","protected":false},"excerpt":{"rendered":"<div class=\"mh-excerpt\"><p>Kurdo q\u00eb t\u00eb kaloni pran\u00eb k\u00ebtij vendi, Bakias Sherife, kujtoni p\u00ebrher\u00eb se, aty jan\u00eb varrosur trupat e m\u00eb t\u00eb mir\u00ebve t\u00eb njer\u00ebzis\u00eb, pas t\u00eb d\u00ebrguarve t\u00eb Zotit! Aty pushojn\u00eb ata, q\u00eb All-llahu i Madh\u00ebruar n\u00eb <a class=\"mh-excerpt-more\" href=\"https:\/\/muhamedsytari.net\/?p=1913\" title=\"Burra..!\">[&#8230;]<\/a><\/p>\n<\/div>","protected":false},"author":1,"featured_media":1914,"comment_status":"closed","ping_status":"closed","sticky":false,"template":"","format":"standard","meta":{"footnotes":""},"categories":[2],"tags":[],"class_list":["post-1913","post","type-post","status-publish","format-standard","has-post-thumbnail","hentry","category-editorial"],"_links":{"self":[{"href":"https:\/\/muhamedsytari.net\/index.php?rest_route=\/wp\/v2\/posts\/1913","targetHints":{"allow":["GET"]}}],"collection":[{"href":"https:\/\/muhamedsytari.net\/index.php?rest_route=\/wp\/v2\/posts"}],"about":[{"href":"https:\/\/muhamedsytari.net\/index.php?rest_route=\/wp\/v2\/types\/post"}],"author":[{"embeddable":true,"href":"https:\/\/muhamedsytari.net\/index.php?rest_route=\/wp\/v2\/users\/1"}],"replies":[{"embeddable":true,"href":"https:\/\/muhamedsytari.net\/index.php?rest_route=%2Fwp%2Fv2%2Fcomments&post=1913"}],"version-history":[{"count":1,"href":"https:\/\/muhamedsytari.net\/index.php?rest_route=\/wp\/v2\/posts\/1913\/revisions"}],"predecessor-version":[{"id":1915,"href":"https:\/\/muhamedsytari.net\/index.php?rest_route=\/wp\/v2\/posts\/1913\/revisions\/1915"}],"wp:featuredmedia":[{"embeddable":true,"href":"https:\/\/muhamedsytari.net\/index.php?rest_route=\/wp\/v2\/media\/1914"}],"wp:attachment":[{"href":"https:\/\/muhamedsytari.net\/index.php?rest_route=%2Fwp%2Fv2%2Fmedia&parent=1913"}],"wp:term":[{"taxonomy":"category","embeddable":true,"href":"https:\/\/muhamedsytari.net\/index.php?rest_route=%2Fwp%2Fv2%2Fcategories&post=1913"},{"taxonomy":"post_tag","embeddable":true,"href":"https:\/\/muhamedsytari.net\/index.php?rest_route=%2Fwp%2Fv2%2Ftags&post=1913"}],"curies":[{"name":"wp","href":"https:\/\/api.w.org\/{rel}","templated":true}]}}