{"id":198,"date":"2016-06-02T00:30:38","date_gmt":"2016-06-02T00:30:38","guid":{"rendered":"http:\/\/muhamedsytari.net\/?p=198"},"modified":"2016-06-21T01:38:11","modified_gmt":"2016-06-21T01:38:11","slug":"kur-all-llahu-e-cakton-nje-gje-edhe-shejtanet-i-bindem","status":"publish","type":"post","link":"https:\/\/muhamedsytari.net\/?p=198","title":{"rendered":"&#8220;Kur All-llahu e cakton nj\u00eb gj\u00eb, edhe shejtan\u00ebt i bindem!&#8221;"},"content":{"rendered":"<p style=\"text-align: justify;\">Sot, dua t\u00eb ndaj me ju ndodhin\u00eb e nj\u00eb gruaje t\u00eb varf\u00ebr, n\u00eb ekstremin e varf\u00ebris\u00eb. Ajo kishte nj\u00eb familje t\u00eb madhe dhe mjerimi i kishte z\u00ebn\u00eb der\u00ebn.<\/p>\n<p style=\"text-align: justify;\">Vendosi q\u00eb t\u00eb k\u00ebrkonte ndihm\u00eb n\u00eb em\u00ebr t\u00eb Zotit, n\u00ebp\u00ebrmjet nj\u00eb emisioni radiofonik, ku telefonoi dhe rr\u00ebfeu hallin e saj.<\/p>\n<p style=\"text-align: justify;\">Nj\u00eb ateist i pasur, q\u00eb po e d\u00ebgjonte emisionin n\u00eb fjal\u00eb, vendosi t\u00eb tallej me gruan e gjor\u00eb. Pasi siguroi adres\u00ebn e saj, thirri sekretaren e tij dhe e porositi t\u00eb shkonte n\u00eb treg dhe t\u00eb blinte nj\u00eb sasi t\u00eb caktuar ushqimesh dhe t&#8217;ia dor\u00ebzonte gruas n\u00eb fjal\u00eb.<\/p>\n<p style=\"text-align: justify;\">&#8220;Kur gruaja t\u00eb pyes\u00eb, se nga kush e ka k\u00ebt\u00eb mir\u00ebsi, thuaji: nga shejtani!&#8221; &#8211; tha ateisti, duke u qeshur me t\u00eb madhe!<\/p>\n<p style=\"text-align: justify;\">Dhe sekretarja pohoi me kok\u00eb. Doli n\u00eb treg, bleu ushqime t\u00eb bollshme, sipas porosis\u00eb dhe u nis p\u00ebr tek familja e varf\u00ebr. Trokiti n\u00eb der\u00eb. Kur e zonja e sht\u00ebpis\u00eb e pa dhe m\u00ebsoi p\u00ebr q\u00ebllimin e vizit\u00ebs s\u00eb saj, u g\u00ebzua shum\u00eb dhe nuk dinte si ta fal\u00ebnderonte k\u00ebt\u00eb bamir\u00ebsi&#8230;<\/p>\n<p style=\"text-align: justify;\">N\u00eb nj\u00eb moment, sekretarja e pyeti: A nuk do ta dish se kush t&#8217;i ka d\u00ebrguar k\u00ebto ushqime?<\/p>\n<p style=\"text-align: justify;\">Gruaja e varf\u00ebr iu p\u00ebrgjigj: &#8220;Jo, nuk m\u00eb intereson, sepse kur All-llahu e cakton nj\u00eb gj\u00eb, edhe shejtan\u00ebt i binden!&#8221;<\/p>\n<p style=\"text-align: justify;\">K\u00ebt\u00eb ndodhi t\u00eb shkurt\u00ebr, vendosa ta p\u00ebrkthej nga gjuha arabe dhe ta vendos si amanet t\u00eb k\u00ebtij prag-Ramazani n\u00eb duart tuaja, p\u00ebr t\u00eb p\u00ebrcjell\u00eb nj\u00eb mesazh. Sot, shoq\u00ebria e jon\u00eb shqiptare ka probleme t\u00eb shumta me varf\u00ebrin\u00eb, mjerimin, skamjen, papun\u00ebsin\u00eb, sh\u00ebndet\u00ebsin\u00eb, spitalet, por jo vet\u00ebm.<\/p>\n<p style=\"text-align: justify;\">Gjithandej ka njer\u00ebz t\u00eb p\u00ebrvuajtur, t\u00eb s\u00ebmur\u00eb pa ila\u00e7e, t\u00eb rinj pa shpres\u00eb, t\u00eb shkolluar pa t\u00eb ardhme, pensionist\u00eb n\u00eb agonin\u00eb e dit\u00ebve pa p\u00ebrkrahje, dhimbje e vuajtje pa fund, q\u00eb presin dor\u00ebn t\u00ebnde t\u00eb bamir\u00ebsis\u00eb.<\/p>\n<p style=\"text-align: justify;\">Ne jemi musliman\u00eb, besojm\u00eb n\u00eb Nj\u00eb Zot t\u00eb v\u00ebrtet\u00eb e t\u00eb Plotfuqish\u00ebm, besojm\u00eb n\u00eb jet\u00ebn e p\u00ebrtejme, n\u00eb llogaridh\u00ebnien, n\u00eb shp\u00ebrblimin dhe nd\u00ebshkimin e merituar.<\/p>\n<p style=\"text-align: justify;\">Ramazani po vjen, ejani ta presim me vullnetin p\u00ebr t\u00eb b\u00ebr\u00eb mir\u00eb, si t\u00eb dashurit e Tij, t\u00eb urdh\u00ebruar p\u00ebr t\u00eb b\u00ebr\u00eb mir\u00eb!<\/p>\n<p style=\"text-align: justify;\">Prite Ramazanin me nj\u00eb bamir\u00ebsi t\u00eb sinqert\u00eb, fito k\u00ebnaq\u00ebsin\u00eb e Zotit t\u00ebnd..!<\/p>\n<p style=\"text-align: right;\"><b>Imam<\/b> <b>Muhamed B. Sytari <\/b><br \/>\n<i>Shkod\u00ebr, m\u00eb 2 qershor 2016<\/i><\/p>\n","protected":false},"excerpt":{"rendered":"<div class=\"mh-excerpt\"><p>Sot, dua t\u00eb ndaj me ju ndodhin\u00eb e nj\u00eb gruaje t\u00eb varf\u00ebr, n\u00eb ekstremin e varf\u00ebris\u00eb. Ajo kishte nj\u00eb familje t\u00eb madhe dhe mjerimi i kishte z\u00ebn\u00eb der\u00ebn. Vendosi q\u00eb t\u00eb k\u00ebrkonte ndihm\u00eb n\u00eb em\u00ebr <a class=\"mh-excerpt-more\" href=\"https:\/\/muhamedsytari.net\/?p=198\" title=\"&#8220;Kur All-llahu e cakton nj\u00eb gj\u00eb, edhe shejtan\u00ebt i bindem!&#8221;\">[&#8230;]<\/a><\/p>\n<\/div>","protected":false},"author":1,"featured_media":201,"comment_status":"closed","ping_status":"closed","sticky":false,"template":"","format":"standard","meta":{"footnotes":""},"categories":[2],"tags":[],"class_list":["post-198","post","type-post","status-publish","format-standard","has-post-thumbnail","hentry","category-editorial"],"_links":{"self":[{"href":"https:\/\/muhamedsytari.net\/index.php?rest_route=\/wp\/v2\/posts\/198","targetHints":{"allow":["GET"]}}],"collection":[{"href":"https:\/\/muhamedsytari.net\/index.php?rest_route=\/wp\/v2\/posts"}],"about":[{"href":"https:\/\/muhamedsytari.net\/index.php?rest_route=\/wp\/v2\/types\/post"}],"author":[{"embeddable":true,"href":"https:\/\/muhamedsytari.net\/index.php?rest_route=\/wp\/v2\/users\/1"}],"replies":[{"embeddable":true,"href":"https:\/\/muhamedsytari.net\/index.php?rest_route=%2Fwp%2Fv2%2Fcomments&post=198"}],"version-history":[{"count":2,"href":"https:\/\/muhamedsytari.net\/index.php?rest_route=\/wp\/v2\/posts\/198\/revisions"}],"predecessor-version":[{"id":306,"href":"https:\/\/muhamedsytari.net\/index.php?rest_route=\/wp\/v2\/posts\/198\/revisions\/306"}],"wp:featuredmedia":[{"embeddable":true,"href":"https:\/\/muhamedsytari.net\/index.php?rest_route=\/wp\/v2\/media\/201"}],"wp:attachment":[{"href":"https:\/\/muhamedsytari.net\/index.php?rest_route=%2Fwp%2Fv2%2Fmedia&parent=198"}],"wp:term":[{"taxonomy":"category","embeddable":true,"href":"https:\/\/muhamedsytari.net\/index.php?rest_route=%2Fwp%2Fv2%2Fcategories&post=198"},{"taxonomy":"post_tag","embeddable":true,"href":"https:\/\/muhamedsytari.net\/index.php?rest_route=%2Fwp%2Fv2%2Ftags&post=198"}],"curies":[{"name":"wp","href":"https:\/\/api.w.org\/{rel}","templated":true}]}}