{"id":2462,"date":"2020-01-01T17:41:09","date_gmt":"2020-01-01T17:41:09","guid":{"rendered":"https:\/\/muhamedsytari.net\/?p=2462"},"modified":"2020-01-01T17:41:30","modified_gmt":"2020-01-01T17:41:30","slug":"kenaqesia-ime-me-e-madhe-eshte-ne-namaz","status":"publish","type":"post","link":"https:\/\/muhamedsytari.net\/?p=2462","title":{"rendered":"&#8220;\u2026 k\u00ebnaq\u00ebsia ime m\u00eb e madhe \u00ebsht\u00eb n\u00eb namaz!&#8221;"},"content":{"rendered":"\n<p>Po t\u00eb lexojm\u00eb me v\u00ebmendje n\u00eb Kur&#8217;anin Fam\u00eblart\u00eb, do t\u00eb gjejm\u00eb se, emrat m\u00eb t\u00eb nderuar e m\u00eb t\u00eb spikatur t\u00eb historis\u00eb s\u00eb njer\u00ebzimit, bashkohen n\u00eb namazin e tyre drejtuar Zotit t\u00eb vet\u00ebm t\u00eb gjith\u00ebsis\u00eb, All-llahut t\u00eb Madh\u00ebruar!<\/p>\n\n\n\n<p>Hz. Isa (a.s.), Hz. Ibrahimi (a.s.), Hz. Ismaili (a.s.), Hz. Musa (a.s.), Hz. Haruni (a.s.), Hz. Sulejmani (a.s.), Hz. Zekerija (a.s.), Hz. Jahja (a.s.), por jo vet\u00ebm, jan\u00eb pejgamber\u00eb t\u00eb zgjedhur, n\u00eb jet\u00ebn e t\u00eb cil\u00ebve, namazi kishte nj\u00eb vend t\u00eb paz\u00ebvend\u00ebsuesh\u00ebm. <\/p>\n\n\n\n<p>Mbi t\u00eb gjitha, Hz. Muhammedi (a.s.) tha, nd\u00ebr t\u00eb tjera se: &#8220;\u2026 k\u00ebnaq\u00ebsia ime m\u00eb e madhe \u00ebsht\u00eb n\u00eb namaz!&#8221;, dhe kjo mjafton p\u00ebr t\u00eb kuptuar madh\u00ebshtin\u00eb e shtyll\u00ebs kryesore t\u00eb fes\u00eb ton\u00eb t\u00eb madhnueshme islame.<\/p>\n\n\n\n<p>Kjo do t\u00eb thot\u00eb se, n\u00ebse k\u00ebrkon q\u00eb t\u00eb jesh m\u00eb i nderuari i shoq\u00ebris\u00eb t\u00ebnde, fale namazin! Do t\u00eb jesh m\u00eb i spikaturi n\u00eb fush\u00ebn t\u00ebnde, fale namazin! Do t\u00eb jesh i suksessh\u00ebm n\u00eb shoq\u00ebrin\u00eb t\u00ebnde, fale namazin! Do t\u00eb gjesh qet\u00ebsi, rehati dhe t\u00eb p\u00ebrgjigjet duaja jote, fale namazin!<\/p>\n\n\n\n<p>Mos e l\u00ebr namazin, sepse namazi \u00ebsht\u00eb esenca e krejt mir\u00ebsive dhe bekimeve n\u00eb jet\u00ebn e njeriut! <\/p>\n\n\n\n<p>(Nga dersi i sabahut, m\u00eb 1 janar 2020, n\u00eb xhamin\u00eb e Parruc\u00ebs)<\/p>\n","protected":false},"excerpt":{"rendered":"<div class=\"mh-excerpt\"><p>Po t\u00eb lexojm\u00eb me v\u00ebmendje n\u00eb Kur&#8217;anin Fam\u00eblart\u00eb, do t\u00eb gjejm\u00eb se, emrat m\u00eb t\u00eb nderuar e m\u00eb t\u00eb spikatur t\u00eb historis\u00eb s\u00eb njer\u00ebzimit, bashkohen n\u00eb namazin e tyre drejtuar Zotit t\u00eb vet\u00ebm t\u00eb gjith\u00ebsis\u00eb, <a class=\"mh-excerpt-more\" href=\"https:\/\/muhamedsytari.net\/?p=2462\" title=\"&#8220;\u2026 k\u00ebnaq\u00ebsia ime m\u00eb e madhe \u00ebsht\u00eb n\u00eb namaz!&#8221;\">[&#8230;]<\/a><\/p>\n<\/div>","protected":false},"author":1,"featured_media":2461,"comment_status":"closed","ping_status":"closed","sticky":false,"template":"","format":"standard","meta":{"footnotes":""},"categories":[13],"tags":[],"class_list":["post-2462","post","type-post","status-publish","format-standard","has-post-thumbnail","hentry","category-derse"],"_links":{"self":[{"href":"https:\/\/muhamedsytari.net\/index.php?rest_route=\/wp\/v2\/posts\/2462","targetHints":{"allow":["GET"]}}],"collection":[{"href":"https:\/\/muhamedsytari.net\/index.php?rest_route=\/wp\/v2\/posts"}],"about":[{"href":"https:\/\/muhamedsytari.net\/index.php?rest_route=\/wp\/v2\/types\/post"}],"author":[{"embeddable":true,"href":"https:\/\/muhamedsytari.net\/index.php?rest_route=\/wp\/v2\/users\/1"}],"replies":[{"embeddable":true,"href":"https:\/\/muhamedsytari.net\/index.php?rest_route=%2Fwp%2Fv2%2Fcomments&post=2462"}],"version-history":[{"count":1,"href":"https:\/\/muhamedsytari.net\/index.php?rest_route=\/wp\/v2\/posts\/2462\/revisions"}],"predecessor-version":[{"id":2463,"href":"https:\/\/muhamedsytari.net\/index.php?rest_route=\/wp\/v2\/posts\/2462\/revisions\/2463"}],"wp:featuredmedia":[{"embeddable":true,"href":"https:\/\/muhamedsytari.net\/index.php?rest_route=\/wp\/v2\/media\/2461"}],"wp:attachment":[{"href":"https:\/\/muhamedsytari.net\/index.php?rest_route=%2Fwp%2Fv2%2Fmedia&parent=2462"}],"wp:term":[{"taxonomy":"category","embeddable":true,"href":"https:\/\/muhamedsytari.net\/index.php?rest_route=%2Fwp%2Fv2%2Fcategories&post=2462"},{"taxonomy":"post_tag","embeddable":true,"href":"https:\/\/muhamedsytari.net\/index.php?rest_route=%2Fwp%2Fv2%2Ftags&post=2462"}],"curies":[{"name":"wp","href":"https:\/\/api.w.org\/{rel}","templated":true}]}}