{"id":2465,"date":"2020-01-06T09:50:31","date_gmt":"2020-01-06T09:50:31","guid":{"rendered":"http:\/\/muhamedsytari.net\/?p=2465"},"modified":"2020-01-07T04:52:44","modified_gmt":"2020-01-07T04:52:44","slug":"nuk-mjafton-vetem-ta-perhapim-te-miren-duhet-edhe-ta-ruajme-ate","status":"publish","type":"post","link":"https:\/\/muhamedsytari.net\/?p=2465","title":{"rendered":"Nuk mjafton vet\u00ebm ta p\u00ebrhapim t\u00eb mir\u00ebn, duhet edhe ta ruajm\u00eb at\u00eb..!"},"content":{"rendered":"<p style=\"text-align: justify;\">Hadithi: &#8220;E m\u00ebshiroft\u00eb All-llahu fisin Himjer! Nga gjuh\u00ebt e tyre del paqja, nga duart e tyre ushqimi, ata jan\u00eb njer\u00ebz t\u00eb bes\u00ebs dhe besimit&#8221;, ka nj\u00eb vler\u00eb t\u00eb madhe n\u00eb nxitjen dhe p\u00ebrhapjen e cil\u00ebsive m\u00eb t\u00eb spikatura t\u00eb muslimanit, ve\u00e7an\u00ebrisht dh\u00ebnien dhe p\u00ebrhapjen e selamit, si simbol i paqes dhe siguris\u00eb n\u00eb shoq\u00ebrit\u00eb njer\u00ebzore.<\/p>\n<p style=\"text-align: justify;\">Fillimisht, vlen t\u00eb themi se distancat dhe larg\u00ebsit\u00eb gjeografike me vendin e origjin\u00ebs s\u00eb shpalljes s\u00eb Kur&#8217;anit Fam\u00eblart\u00eb dhe pranis\u00eb s\u00eb Resulull-llahut (a.s.), nuk luajn\u00eb asnj\u00eb rol n\u00eb raportet q\u00eb ka muslimani me fen\u00eb e tij dhe d\u00ebshmimin e saj n\u00eb jet\u00eb!<\/p>\n<p style=\"text-align: justify;\">Me fjal\u00eb t\u00eb tjera, ju ftoj t\u00eb mendojm\u00eb p\u00ebr pak: Imagjinoni se sa larg Resulull-llahut (a.s.) ishin, n\u00eb distanc\u00eb gjeografike, porse cil\u00ebsit\u00eb dhe virtytet e tyre t\u00ebrhoq\u00ebn v\u00ebmendjen e t\u00eb D\u00ebrguarit (a.s.) p\u00ebr t&#8217;u lutur p\u00ebr ta p\u00ebr m\u00ebshir\u00eb e begati! K\u00ebtu na duhet t\u00eb kuptojm\u00eb se besimtari mund t\u00eb jet\u00eb edhe me mij\u00ebra kilometra larg Mek\u00ebs e Medines, por n\u00eb thelb dhe me zem\u00ebr \u00ebsht\u00eb af\u00ebr mesazhit dhe thirrjes s\u00eb Zotit t\u00ebnd; p\u00ebr k\u00ebt\u00eb ai do t\u00eb m\u00ebshirohet e do t\u00eb begatohet n\u00eb jet\u00eb!<\/p>\n<p style=\"text-align: justify;\">N\u00ebse Resulull-llahu (a.s.) u lut p\u00ebr fisin jemenit t\u00eb Himjerit, p\u00ebr cil\u00ebsit\u00eb e tyre; paqen, zem\u00ebrgjer\u00ebsin\u00eb, bes\u00ebn e besimin, \u00ebsht\u00eb nj\u00ebsoj si t\u00eb lutet edhe p\u00ebr ty si shqiptar, n\u00ebse je n\u00eb k\u00ebt\u00eb udh\u00eb dhe besnik i Thirrjes s\u00eb vlerave t\u00eb besimit e fes\u00eb!<\/p>\n<p style=\"text-align: justify;\">Pra, gjith\u00ebsecili prej nesh \u00ebsht\u00eb i ftuar t\u00eb pyes veten e tij se sa musliman i d\u00ebshmuar p\u00ebr cil\u00ebsit\u00eb e Islamit \u00ebsht\u00eb n\u00eb realitet?<\/p>\n<p style=\"text-align: justify;\">T\u00eb ndalemi pak tek Selami. Sot, ka m\u00ebnyra t\u00eb shumta t\u00eb p\u00ebrhapjes s\u00eb fjal\u00ebs, sidomos n\u00eb koh\u00ebn e rrjeteve sociale. Sot, n\u00ebp\u00ebrmjet nj\u00eb profili t\u00eb caktuar n\u00eb k\u00ebto rrjete, ti ke mund\u00ebsi t\u00eb p\u00ebrhap\u00ebsh paqen, fjal\u00ebn e mir\u00eb, besimin, virtytet dhe t\u00eb d\u00ebshmosh mir\u00ebp\u00ebrdorimin e tyre n\u00eb rrug\u00ebn e nd\u00ebrtimit t\u00eb s\u00eb mir\u00ebs!<\/p>\n<p style=\"text-align: justify;\">Mir\u00ebpo ka njer\u00ebz, q\u00eb i shfryt\u00ebzojn\u00eb k\u00ebto rrjete edhe p\u00ebr t\u00eb kund\u00ebrt\u00ebn, duke p\u00ebrhapur nj\u00eb frym\u00eb aspak t\u00eb mir\u00eb p\u00ebr ta dhe shoq\u00ebrin\u00eb, sidomos kur kjo frym\u00eb e keqe lidhet me nxitjen e urrejtjes nd\u00ebrfetare!<\/p>\n<p style=\"text-align: justify;\">Ata q\u00eb i bien lodrave t\u00eb k\u00ebsaj zhurme, duhet t&#8217;i b\u00ebjn\u00eb mir\u00eb llogarit\u00eb se do t\u00eb pendohen p\u00ebr k\u00ebt\u00eb, aq m\u00eb tep\u00ebr kur shajn\u00eb e fyejn\u00eb musliman\u00ebt, sepse po luajn\u00eb me \u00e7far\u00eb nuk duhet luajtur e po prekin, ku nuk duhet prekur!<\/p>\n<p style=\"text-align: justify;\">Ata q\u00eb nxisin urrejtje nd\u00ebrfetare n\u00ebp\u00ebrmjet rrjeteve sociale, (edhe n\u00ebp\u00ebrmjet profileve fallco, leht\u00ebsisht t\u00eb zbulueshme), q\u00eb p\u00ebrhapin nj\u00eb frym\u00eb dekadente n\u00eb realitetet tona, ata nuk jan\u00eb qytetar\u00eb t\u00eb mir\u00eb e t\u00eb denj\u00eb p\u00ebr qytete vlerash!<\/p>\n<p style=\"text-align: justify;\">Ne lutemi q\u00eb All-llahu i Madh\u00ebruar t&#8217;i udh\u00ebzoj\u00eb!<\/p>\n<p style=\"text-align: justify;\">Ata q\u00eb p\u00ebrhapin t\u00eb keqen, duke na shitur histori, ta marrin mbrapsht propagand\u00ebn e tyre, aq m\u00eb tep\u00ebr kur prek n\u00eb besimin dhe fen\u00eb e tjetrit!<\/p>\n<p style=\"text-align: justify;\">Ne n\u00eb Islam jemi tek pragu i p\u00ebrhapjes s\u00eb t\u00eb mir\u00ebs, por kjo nuk do t\u00eb thot\u00eb se do t\u00eb heshtim, kur p\u00ebrhapet e keqja n\u00eb shoq\u00ebri! Jo, i dalim p\u00ebrball\u00eb asaj dhe dijm\u00eb ta ndalim n\u00eb m\u00ebnyr\u00ebn m\u00eb t\u00eb mir\u00eb dhe m\u00eb m\u00eb t\u00eb drejt\u00eb t\u00eb mundshme!<\/p>\n<p style=\"text-align: justify;\">Nuk mjafton vet\u00ebm ta p\u00ebrhapim t\u00eb mir\u00ebn, duhet edhe ta ruajm\u00eb at\u00eb, duke e kultivuar tek rinia dhe f\u00ebmij\u00ebt tan\u00eb dhe duke ndaluar n\u00eb m\u00ebnyr\u00ebn m\u00eb t\u00eb drejt\u00eb, krejt ata q\u00eb p\u00ebrpiqen kund\u00ebr saj, kushdo qofshin dhe me \u00e7far\u00ebdo petku q\u00eb t\u00eb jen\u00eb veshur!<\/p>\n<p style=\"text-align: justify;\">Mos t\u00eb ken\u00eb frik\u00eb njer\u00ebzit nga Paqja! Mos t\u00eb ken\u00eb frik\u00eb nga Islami! Mos t\u00eb frik\u00ebsohet shoq\u00ebria shqiptare, kur p\u00ebrmendet historia jon\u00eb e lavdishme islame! Ata q\u00eb nxisin sot, osmanofobin\u00eb, ta marrin mbrapsht, sepse historia e jon\u00eb \u00ebsht\u00eb histori e drit\u00ebs dhe paqes!<\/p>\n<p style=\"text-align: justify;\">Resulull-llahu (a.s.) na ka porositur se: &#8220;M\u00eb e mira m\u00ebnyr\u00eb e shfaqjes s\u00eb Islamit \u00ebsht\u00eb t\u00eb ushqesh nevojtarin dhe t&#8217;i jap\u00ebsh selam atij q\u00eb njeh dhe atij q\u00eb nuk e njeh&#8221;. Pra, t\u00eb p\u00ebrhap\u00ebsh paqe n\u00eb shoq\u00ebri.<\/p>\n<p style=\"text-align: justify;\">Ai q\u00eb t\u00eb jep selam e ka fytyr\u00ebn e qeshur dhe t\u00eb dhuron siguri e paqe, prandaj mos ta l\u00ebm\u00eb pas dore selamin, por ta p\u00ebrhapim me sa t\u00eb kemi mund\u00ebsi!<\/p>\n<p style=\"text-align: justify;\">Selami \u00ebsht\u00eb p\u00ebrsh\u00ebndetja e banor\u00ebve t\u00eb xhenetit, e melek\u00ebve, e njeriut t\u00eb par\u00eb! All-llahu i Madh\u00ebruar e m\u00ebsoi Hz. Ademin (a.s.) se p\u00ebrsh\u00ebndetja e tij dhe e f\u00ebmij\u00ebve t\u00eb tij, pra rac\u00ebs njer\u00ebzore, \u00ebsht\u00eb Selami!<\/p>\n<p style=\"text-align: justify;\">Ku ka besimtar\u00eb, ka bes\u00eb! Ku ka besimtar\u00eb, ka past\u00ebrti!<\/p>\n<p style=\"text-align: right;\"><em>(Nga dersi i sabahut, m\u00eb 6 janar 2019, n\u00eb xhamin\u00eb e Parruc\u00ebs)<\/em><\/p>\n","protected":false},"excerpt":{"rendered":"<div class=\"mh-excerpt\"><p>Hadithi: &#8220;E m\u00ebshiroft\u00eb All-llahu fisin Himjer! Nga gjuh\u00ebt e tyre del paqja, nga duart e tyre ushqimi, ata jan\u00eb njer\u00ebz t\u00eb bes\u00ebs dhe besimit&#8221;, ka nj\u00eb vler\u00eb t\u00eb madhe n\u00eb nxitjen dhe p\u00ebrhapjen e cil\u00ebsive <a class=\"mh-excerpt-more\" href=\"https:\/\/muhamedsytari.net\/?p=2465\" title=\"Nuk mjafton vet\u00ebm ta p\u00ebrhapim t\u00eb mir\u00ebn, duhet edhe ta ruajm\u00eb at\u00eb..!\">[&#8230;]<\/a><\/p>\n<\/div>","protected":false},"author":1,"featured_media":2466,"comment_status":"closed","ping_status":"closed","sticky":false,"template":"","format":"standard","meta":{"footnotes":""},"categories":[13],"tags":[],"class_list":["post-2465","post","type-post","status-publish","format-standard","has-post-thumbnail","hentry","category-derse"],"_links":{"self":[{"href":"https:\/\/muhamedsytari.net\/index.php?rest_route=\/wp\/v2\/posts\/2465","targetHints":{"allow":["GET"]}}],"collection":[{"href":"https:\/\/muhamedsytari.net\/index.php?rest_route=\/wp\/v2\/posts"}],"about":[{"href":"https:\/\/muhamedsytari.net\/index.php?rest_route=\/wp\/v2\/types\/post"}],"author":[{"embeddable":true,"href":"https:\/\/muhamedsytari.net\/index.php?rest_route=\/wp\/v2\/users\/1"}],"replies":[{"embeddable":true,"href":"https:\/\/muhamedsytari.net\/index.php?rest_route=%2Fwp%2Fv2%2Fcomments&post=2465"}],"version-history":[{"count":1,"href":"https:\/\/muhamedsytari.net\/index.php?rest_route=\/wp\/v2\/posts\/2465\/revisions"}],"predecessor-version":[{"id":2467,"href":"https:\/\/muhamedsytari.net\/index.php?rest_route=\/wp\/v2\/posts\/2465\/revisions\/2467"}],"wp:featuredmedia":[{"embeddable":true,"href":"https:\/\/muhamedsytari.net\/index.php?rest_route=\/wp\/v2\/media\/2466"}],"wp:attachment":[{"href":"https:\/\/muhamedsytari.net\/index.php?rest_route=%2Fwp%2Fv2%2Fmedia&parent=2465"}],"wp:term":[{"taxonomy":"category","embeddable":true,"href":"https:\/\/muhamedsytari.net\/index.php?rest_route=%2Fwp%2Fv2%2Fcategories&post=2465"},{"taxonomy":"post_tag","embeddable":true,"href":"https:\/\/muhamedsytari.net\/index.php?rest_route=%2Fwp%2Fv2%2Ftags&post=2465"}],"curies":[{"name":"wp","href":"https:\/\/api.w.org\/{rel}","templated":true}]}}