{"id":2469,"date":"2020-01-07T18:42:15","date_gmt":"2020-01-07T18:42:15","guid":{"rendered":"https:\/\/muhamedsytari.net\/?p=2469"},"modified":"2020-01-07T18:43:02","modified_gmt":"2020-01-07T18:43:02","slug":"nuk-i-vjen-e-keqja-as-popullit-tone-as-njerezimit-mbare-nga-islami","status":"publish","type":"post","link":"https:\/\/muhamedsytari.net\/?p=2469","title":{"rendered":"Nuk i vjen e keqja as popullit ton\u00eb, as njer\u00ebzimit mbar\u00eb, nga Islami!"},"content":{"rendered":"\n<p>Kur flasim p\u00ebr selamin, ne po flasim p\u00ebr nj\u00eb tradit\u00eb shum\u00eb t\u00eb bukur islame. Dh\u00ebnia selam ishte veprimi i par\u00eb i Hz. Ademit (a.s.) n\u00eb komunikimin e tij me melek\u00ebt. Prej k\u00ebtu kuptojm\u00eb edhe vler\u00ebn dhe madh\u00ebshtin\u00eb e selamit, q\u00eb \u00ebsht\u00eb nj\u00eb fjali e shtrenjt\u00eb, t\u00eb cil\u00ebn All-llahu i Madh\u00ebruar ia m\u00ebsoi njeriut t\u00eb par\u00eb n\u00eb xhennet!<\/p>\n\n\n\n<p>Pra, njeriu sot, e deri n\u00eb dit\u00ebn e fundit t\u00eb jet\u00ebs mbi tok\u00eb, kur i jep selam dikujt, \u00e7on nd\u00ebr mend babain e tij t\u00eb par\u00eb teksa i jepte selam melek\u00ebve. Me fjal\u00eb t\u00eb tjera, kjo shprehje \u00ebsht\u00eb e veshur me drit\u00ebn e Zotit, me mir\u00ebsi e bekim prej Tij (xh.sh.). <\/p>\n\n\n\n<p>Teksa japim selam, d\u00ebshmohemi se jemi shoq\u00ebri e lart\u00eb, shoq\u00ebri melek\u00ebsh, shoq\u00ebri past\u00ebrtie dhe p\u00ebruljeje ndaj Zotit! Si p\u00ebr t&#8217;i v\u00ebrtetuar nj\u00ebri-tjetrit dhe gjith\u00ebsis\u00eb se, prej nesh nuk vjen e keqja! <\/p>\n\n\n\n<p>E kemi th\u00ebn\u00eb dhe vazhdojm\u00eb ta p\u00ebrs\u00ebrisim se, nuk i vjen e keqja as popullit ton\u00eb, as njer\u00ebzimit mbar\u00eb, nga Islami! \u00c7do e mir\u00eb na ka ardhur nga Islami!<\/p>\n\n\n\n<p>All-llahu i Madh\u00ebruar i hapi zemrat e t\u00eb par\u00ebve tan\u00eb n\u00ebrmjet k\u00ebsaj p\u00ebrsh\u00ebndetjeje  t\u00eb shtrenjt\u00eb! All-llahu i Madh\u00ebruar i ndri\u00e7oi zemrat e t\u00eb par\u00ebve tan\u00eb para shum\u00eb shekujsh dhe e p\u00ebrqafuan me zem\u00ebr dhe me bindje t\u00eb plot\u00eb,  si\u00e7 e kemi p\u00ebrqafuar edhe ne, k\u00ebt\u00eb Islam t\u00eb past\u00ebr, me t\u00eb cilin themi se, All-llahu na nxori nga err\u00ebsira n\u00eb drit\u00eb! <\/p>\n\n\n\n<p>\u00c7far\u00eb do t\u00eb ishim, po t\u00eb mos ishim musliman\u00eb? \u00c7far\u00eb do t\u00eb ishim po t\u00eb mos ishim ymeti i selamit? \u00c7far\u00eb do t\u00eb ishim po t\u00eb mos i m\u00ebsonim f\u00ebmij\u00ebve dhe shoq\u00ebris\u00eb ton\u00eb k\u00ebt\u00eb Islam t\u00eb past\u00ebr, i cili na merr p\u00ebr dore drejt \u00e7do t\u00eb mire, drejt \u00e7do zhvillimi, drejt dijes, drejt past\u00ebrtis\u00eb, drejt ruajtjes s\u00eb vlerave! <\/p>\n\n\n\n<p>\u00c7do gj\u00eb n\u00eb k\u00ebt\u00eb f\u00e9 t\u00eb madhnueshme islame \u00ebsht\u00eb vler\u00eb! Ne jemi t\u00eb edukuar me vlera, jetojm\u00eb me vlera, p\u00ebrhapim vlera dhe, asgj\u00eb t\u00eb mang\u00ebt nuk ka n\u00eb fen\u00eb ton\u00eb islame! \u00c7do gj\u00eb e kemi n\u00eb vendin e duhur dhe \u00e7do gj\u00eb q\u00eb buron nga ky Kur&#8217;an i madhnuesh\u00ebm, q\u00eb vjen nga Zoti i gjith\u00ebsis\u00eb, \u00ebsht\u00eb i mbushur me bekim dhe urt\u00ebsi p\u00ebr jet\u00ebn ton\u00eb!<\/p>\n\n\n\n<p>(Nga dersi i sabahut, m\u00eb 7 janar 2020, n\u00eb xhamin\u00eb e Parruc\u00ebs)<\/p>\n","protected":false},"excerpt":{"rendered":"<div class=\"mh-excerpt\"><p>Kur flasim p\u00ebr selamin, ne po flasim p\u00ebr nj\u00eb tradit\u00eb shum\u00eb t\u00eb bukur islame. Dh\u00ebnia selam ishte veprimi i par\u00eb i Hz. Ademit (a.s.) n\u00eb komunikimin e tij me melek\u00ebt. Prej k\u00ebtu kuptojm\u00eb edhe vler\u00ebn <a class=\"mh-excerpt-more\" href=\"https:\/\/muhamedsytari.net\/?p=2469\" title=\"Nuk i vjen e keqja as popullit ton\u00eb, as njer\u00ebzimit mbar\u00eb, nga Islami!\">[&#8230;]<\/a><\/p>\n<\/div>","protected":false},"author":1,"featured_media":2468,"comment_status":"closed","ping_status":"closed","sticky":false,"template":"","format":"standard","meta":{"footnotes":""},"categories":[13],"tags":[],"class_list":["post-2469","post","type-post","status-publish","format-standard","has-post-thumbnail","hentry","category-derse"],"_links":{"self":[{"href":"https:\/\/muhamedsytari.net\/index.php?rest_route=\/wp\/v2\/posts\/2469","targetHints":{"allow":["GET"]}}],"collection":[{"href":"https:\/\/muhamedsytari.net\/index.php?rest_route=\/wp\/v2\/posts"}],"about":[{"href":"https:\/\/muhamedsytari.net\/index.php?rest_route=\/wp\/v2\/types\/post"}],"author":[{"embeddable":true,"href":"https:\/\/muhamedsytari.net\/index.php?rest_route=\/wp\/v2\/users\/1"}],"replies":[{"embeddable":true,"href":"https:\/\/muhamedsytari.net\/index.php?rest_route=%2Fwp%2Fv2%2Fcomments&post=2469"}],"version-history":[{"count":1,"href":"https:\/\/muhamedsytari.net\/index.php?rest_route=\/wp\/v2\/posts\/2469\/revisions"}],"predecessor-version":[{"id":2470,"href":"https:\/\/muhamedsytari.net\/index.php?rest_route=\/wp\/v2\/posts\/2469\/revisions\/2470"}],"wp:featuredmedia":[{"embeddable":true,"href":"https:\/\/muhamedsytari.net\/index.php?rest_route=\/wp\/v2\/media\/2468"}],"wp:attachment":[{"href":"https:\/\/muhamedsytari.net\/index.php?rest_route=%2Fwp%2Fv2%2Fmedia&parent=2469"}],"wp:term":[{"taxonomy":"category","embeddable":true,"href":"https:\/\/muhamedsytari.net\/index.php?rest_route=%2Fwp%2Fv2%2Fcategories&post=2469"},{"taxonomy":"post_tag","embeddable":true,"href":"https:\/\/muhamedsytari.net\/index.php?rest_route=%2Fwp%2Fv2%2Ftags&post=2469"}],"curies":[{"name":"wp","href":"https:\/\/api.w.org\/{rel}","templated":true}]}}