{"id":2714,"date":"2020-11-22T21:56:11","date_gmt":"2020-11-22T21:56:11","guid":{"rendered":"http:\/\/muhamedsytari.net\/?p=2714"},"modified":"2020-11-23T07:58:12","modified_gmt":"2020-11-23T07:58:12","slug":"ligjerate-rreth-ndertimit-te-elitave-ne-jeten-e-resulullahut-a-s","status":"publish","type":"post","link":"https:\/\/muhamedsytari.net\/?p=2714","title":{"rendered":"Ligj\u00ebrat\u00eb rreth nd\u00ebrtimit t\u00eb elitave n\u00eb jet\u00ebn e Resulullahut (a.s)"},"content":{"rendered":"<p style=\"text-align: justify;\">Me ftes\u00ebn bujare t\u00eb Asma K\u00f6pr\u00fc Uluslararas\u0131 \u00d6\u011frenci Derne\u011fi zhvillova mbr\u00ebm\u00eb nj\u00eb bashk\u00ebbisedim t\u00eb ngroht\u00eb rreth zhvillimit t\u00eb komunitetit t\u00eb elitave n\u00eb jet\u00ebn e Resulullahut (a.s), n\u00eb mesin e k\u00ebrkuesve t\u00eb dijes dhe studiuesve t\u00eb zellsh\u00ebm, q\u00eb punojn\u00eb dhe veprojn\u00eb me d\u00ebshir\u00eb e p\u00ebrkushtim t\u00eb madh p\u00ebr t\u00eb mir\u00ebn e dijes, shoq\u00ebris\u00eb dhe njer\u00ebzimit!<\/p>\n<p style=\"text-align: justify;\">Jan\u00eb mahnit\u00ebse tekstet e shumta kuranore dhe shembujt e gjall\u00eb n\u00eb jet\u00ebn e Pejgamberit ton\u00eb (a.s) n\u00eb drejtim t\u00eb zhvillimit t\u00eb nj\u00eb shoq\u00ebrie t\u00eb sh\u00ebndosh\u00eb elitare, ku secili ndjek drit\u00ebn drejt s\u00eb cil\u00ebs \u00ebsht\u00eb thirrur nga Zoti n\u00eb jet\u00eb, duke d\u00ebshmuar fetarizmin e sh\u00ebndosh\u00eb n\u00eb sh\u00ebrbimet e tij ndaj jet\u00ebs, shoq\u00ebris\u00eb dhe dobis\u00eb p\u00ebr njer\u00ebzimin, pa u ndalur tek detaje t\u00eb pap\u00ebrfillshme, q\u00eb zakonisht angazhojn\u00eb modele dekadente shoq\u00ebrish\u00eb t\u00eb keqformuara fetarisht dhe t\u00eb abuzuara nga keqleximi q\u00eb i b\u00ebhet \u00e7do dit\u00eb fes\u00eb, gjithandej n\u00ebp\u00ebr bot\u00eb.<\/p>\n<p style=\"text-align: justify;\">Theksova se muslimani \u00ebsht\u00eb njeri i koh\u00ebs, besimtar i thell\u00eb, i p\u00ebrkushtuar maksimalisht ndaj dijes dhe i ftuar p\u00ebr t\u00eb b\u00ebr\u00eb mir\u00eb n\u00eb \u00e7do fush\u00eb t\u00eb jet\u00ebs, n\u00eb at\u00eb m\u00ebnyr\u00eb q\u00eb t\u00eb spikas\u00eb me arritjet e tij dhe t\u00eb d\u00ebshmohet me gisht p\u00ebr kontributet e tij t\u00eb sinqerta!<\/p>\n<p style=\"text-align: justify;\">Konfirmova faktin se muslimani nuk e njeh pesimizmin dhe thyerjen n\u00eb jet\u00eb dhe se, me pun\u00ebn dhe p\u00ebrkushtimin e tij, ai jep \u00e7do dit\u00eb nj\u00eb kontribut t\u00eb heshtur p\u00ebr pastrimin e mjedisit shoq\u00ebror nga &#8216;k\u00ebng\u00ebt e kukuvajkave&#8217; q\u00eb ndjellin mjerim e pesimiz\u00ebm shkat\u00ebrrimtar\u00eb t\u00eb moralit dhe psikologjis\u00eb s\u00eb masave!<\/p>\n<p style=\"text-align: justify;\">Ky takim m\u00eb fali energji pozitive, sikurse m\u00eb gjall\u00ebroi pas bekimit t\u00eb madh, me t\u00eb cilin Zoti i gjith\u00ebsis\u00eb m\u00eb risolli n\u00eb jet\u00eb, pas nj\u00eb sprove t\u00eb pap\u00ebrshkrueshme sh\u00ebndet\u00ebsore.<\/p>\n<p style=\"text-align: justify;\">Sipas drejtuesve t\u00eb saj, Asma K\u00f6pr\u00fc Uluslararas\u0131 \u00d6\u011frenci Derne\u011fi \u00ebsht\u00eb nj\u00eb organizat\u00eb e themeluar prej vitesh dhe me mb\u00ebshtetjen e popullit turk, ajo kujdeset p\u00ebr student\u00ebt e huaj q\u00eb vijn\u00eb p\u00ebr t\u00eb studiuar n\u00ebTurqi, ve\u00e7an\u00ebrisht n\u00eb Ankara.<\/p>\n<p style=\"text-align: justify;\">Aktualisht n\u00eb Ankara, kryejn\u00eb studimet rreth 14000 student\u00eb n\u00eb fusha t\u00eb ndryshme t\u00eb dijes, t\u00eb ardhur nga 130 shtete t\u00eb bot\u00ebs.<\/p>\n<p style=\"text-align: justify;\">N\u00eb thelb, Asma K\u00f6pr\u00fc, synon q\u00eb k\u00ebtyre student\u00ebve t&#8217;iu gjendet pran\u00eb gjat\u00eb koh\u00ebs s\u00eb studimeve dhe q\u00ebndrimit t\u00eb tyre n\u00eb Ankara.<\/p>\n","protected":false},"excerpt":{"rendered":"<div class=\"mh-excerpt\"><p>Me ftes\u00ebn bujare t\u00eb Asma K\u00f6pr\u00fc Uluslararas\u0131 \u00d6\u011frenci Derne\u011fi zhvillova mbr\u00ebm\u00eb nj\u00eb bashk\u00ebbisedim t\u00eb ngroht\u00eb rreth zhvillimit t\u00eb komunitetit t\u00eb elitave n\u00eb jet\u00ebn e Resulullahut (a.s), n\u00eb mesin e k\u00ebrkuesve t\u00eb dijes dhe studiuesve t\u00eb <a class=\"mh-excerpt-more\" href=\"https:\/\/muhamedsytari.net\/?p=2714\" title=\"Ligj\u00ebrat\u00eb rreth nd\u00ebrtimit t\u00eb elitave n\u00eb jet\u00ebn e Resulullahut (a.s)\">[&#8230;]<\/a><\/p>\n<\/div>","protected":false},"author":1,"featured_media":2715,"comment_status":"closed","ping_status":"closed","sticky":false,"template":"","format":"standard","meta":{"footnotes":""},"categories":[13],"tags":[],"class_list":["post-2714","post","type-post","status-publish","format-standard","has-post-thumbnail","hentry","category-derse"],"_links":{"self":[{"href":"https:\/\/muhamedsytari.net\/index.php?rest_route=\/wp\/v2\/posts\/2714","targetHints":{"allow":["GET"]}}],"collection":[{"href":"https:\/\/muhamedsytari.net\/index.php?rest_route=\/wp\/v2\/posts"}],"about":[{"href":"https:\/\/muhamedsytari.net\/index.php?rest_route=\/wp\/v2\/types\/post"}],"author":[{"embeddable":true,"href":"https:\/\/muhamedsytari.net\/index.php?rest_route=\/wp\/v2\/users\/1"}],"replies":[{"embeddable":true,"href":"https:\/\/muhamedsytari.net\/index.php?rest_route=%2Fwp%2Fv2%2Fcomments&post=2714"}],"version-history":[{"count":1,"href":"https:\/\/muhamedsytari.net\/index.php?rest_route=\/wp\/v2\/posts\/2714\/revisions"}],"predecessor-version":[{"id":2716,"href":"https:\/\/muhamedsytari.net\/index.php?rest_route=\/wp\/v2\/posts\/2714\/revisions\/2716"}],"wp:featuredmedia":[{"embeddable":true,"href":"https:\/\/muhamedsytari.net\/index.php?rest_route=\/wp\/v2\/media\/2715"}],"wp:attachment":[{"href":"https:\/\/muhamedsytari.net\/index.php?rest_route=%2Fwp%2Fv2%2Fmedia&parent=2714"}],"wp:term":[{"taxonomy":"category","embeddable":true,"href":"https:\/\/muhamedsytari.net\/index.php?rest_route=%2Fwp%2Fv2%2Fcategories&post=2714"},{"taxonomy":"post_tag","embeddable":true,"href":"https:\/\/muhamedsytari.net\/index.php?rest_route=%2Fwp%2Fv2%2Ftags&post=2714"}],"curies":[{"name":"wp","href":"https:\/\/api.w.org\/{rel}","templated":true}]}}