{"id":2750,"date":"2020-12-12T09:26:00","date_gmt":"2020-12-12T09:26:00","guid":{"rendered":"http:\/\/muhamedsytari.net\/?p=2750"},"modified":"2020-12-12T20:31:40","modified_gmt":"2020-12-12T20:31:40","slug":"gjashte-vjet-nga-nje-dite-e-bekuar-per-shkodren","status":"publish","type":"post","link":"https:\/\/muhamedsytari.net\/?p=2750","title":{"rendered":"Gjasht\u00eb vjet nga nj\u00eb dit\u00eb e bekuar p\u00ebr Shkodr\u00ebn&#8230;"},"content":{"rendered":"<p style=\"text-align: justify;\">12 dhjetor 2014, ishte nj\u00eb dit\u00eb e bekuar, n\u00eb t\u00eb cil\u00ebn p\u00ebruruam me shum\u00eb g\u00ebzim xhamin\u00eb e &#8220;Dy Vajzave &#8211; Sara dhe Shehd&#8221;, n\u00eb vak\u00ebfin shekullor t\u00eb Haxhi Shabanit, bamir\u00ebsit t\u00eb madh shkodran, emri i t\u00eb cilit mbeti i lidhur pas bamir\u00ebsis\u00eb, q\u00eb i ruajti shembullin edhe shekuj m\u00eb pas.<\/p>\n<p style=\"text-align: justify;\">Sot, pas gjasht\u00eb viteve, teksa kthej kok\u00ebn pas, ndjej nj\u00eb k\u00ebnaq\u00ebsi t\u00eb madhe p\u00ebr k\u00ebt\u00eb mir\u00ebsi, q\u00eb na u shkrua t\u00eb jemi pjes\u00eb e saj; dikush me nj\u00eb fjal\u00eb, dikush me k\u00ebmb\u00ebnguljen p\u00ebr t\u00eb kthyer n\u00eb vend nj\u00eb vak\u00ebf t\u00eb zaptuar, dikush me interesimin e vazhduesh\u00ebm p\u00ebr arritjen e koordinimit me donatorin, dikush me pasurin\u00eb e tij dhe gjurm\u00ebn e vler\u00ebsuar e t\u00eb d\u00ebshmuar, dikush e shum\u00ebkush, me aq sa i ishte shkruar t\u00eb kishte hise sh\u00ebrbimi e angazhimi p\u00ebr arritjen e k\u00ebsaj dite shendi t\u00eb rr\u00ebnjosur n\u00eb memorien ton\u00eb komunitare.<\/p>\n<p style=\"text-align: justify;\">Sot, xhamia e &#8220;Dy Vajzave&#8221; \u00ebsht\u00eb pa dyshim nj\u00eb xhami q\u00eb e ka krijuar profilin dhe emrin e saj, kjo edhe fal\u00eb p\u00ebrkushtimit t\u00eb imamit, muezinit dhe besimtar\u00ebve frekuentues t\u00eb saj, por jo vet\u00ebm.<\/p>\n<p style=\"text-align: justify;\">Pas miratimit t\u00eb Kryesis\u00eb s\u00eb Komunitetit Mysliman t\u00eb Shqip\u00ebris\u00eb dhe mb\u00ebshtetjes s\u00eb vazhdueshme, si dhe fal\u00eb bashk\u00ebpunimit t\u00eb Myftinis\u00eb Shkod\u00ebr me Institutin Shqiptar t\u00eb Mendimit dhe Qytet\u00ebrimit Islam n\u00eb Tiran\u00eb, sot, kjo xhami tregohet me gisht p\u00ebr aktivitetin e saj, cil\u00ebsin\u00eb e tij, si dhe kthimin n\u00eb nj\u00eb qend\u00ebr islame t\u00eb dashur p\u00ebr krejt brezat frekuentues t\u00eb saj.<\/p>\n<p style=\"text-align: justify;\">N\u00eb k\u00ebt\u00eb kontekst, m\u00eb duhet t\u00eb shpreh fal\u00ebnderimet m\u00eb t\u00eb p\u00ebrzem\u00ebrta dhe mir\u00ebnjohjen m\u00eb t\u00eb thell\u00eb p\u00ebr krejt ata burra t\u00eb p\u00ebrkushtuar, q\u00eb u b\u00ebn\u00eb shkak, q\u00eb sot t\u00eb kemi k\u00ebt\u00eb bekim p\u00ebr komunitetin, Shkodr\u00ebn e shtrenjt\u00eb dhe krejt besimtar\u00ebt.<\/p>\n<p style=\"text-align: justify;\">N\u00eb krye t\u00eb her\u00ebs, mikun e vjet\u00ebr dhe dashamirin e Shkodr\u00ebs, Prof. As. Dr. Ramiz Zekaj, i cili trokiti nj\u00eb dit\u00eb ne der\u00ebn e Myftinis\u00eb Shkod\u00ebr p\u00ebr nj\u00eb projekt, q\u00eb nuk kishte nevoj\u00eb p\u00ebr t&#8217;u diskutuar, as koh\u00eb p\u00ebr t\u00eb humbur drejt realizimit t\u00eb tij. Dy vak\u00ebfet m\u00eb t\u00eb p\u00ebrshtatshme p\u00ebr t\u00eb, ishin t\u00eb dy t\u00eb zaptuar e t\u00eb pa plot\u00ebsuar n\u00eb dokumentacion. Fal\u00eb p\u00ebrpjekjes son\u00eb institucionale, u realizua lirimi i nj\u00eb pjese t\u00eb vak\u00ebfit t\u00eb Shaban Efendis\u00eb, ku edhe nis\u00ebn punimet p\u00ebr xhamin\u00eb e re, fal\u00eb edhe bashk\u00ebpunimit me Bashkin\u00eb e Shkodr\u00ebs dhe institucionet lokale, ku nuk mungoi gatishm\u00ebria p\u00ebr t\u00eb b\u00ebr\u00eb m\u00eb t\u00eb mir\u00ebn e mundur, Allahu i shp\u00ebrbleft\u00eb!<\/p>\n<p style=\"text-align: justify;\">Jam d\u00ebshmitar i g\u00ebzimit q\u00eb na kaploi at\u00eb dit\u00eb, bashk\u00eb me t\u00eb nderuarin Dr. Zekaj, kur prindi i nj\u00ebr\u00ebs prej &#8220;Dy Vajzave&#8221;, durimtari zem\u00ebrmir\u00eb, inxh. Ahmed Esh-Shaia, n\u00eb em\u00ebr t\u00eb donator\u00ebve, dha p\u00eblqimin e tij p\u00ebr vendin dhe detajet e tjera t\u00eb realizimit t\u00eb k\u00ebtij projekti me vler\u00eb t\u00eb madhe p\u00ebr komunitetin e qytetin ton\u00eb.<\/p>\n<p style=\"text-align: justify;\">Allahu i Madh\u00ebruar ia shp\u00ebrbleft\u00eb me mir\u00ebsit\u00eb e Tij dhe e b\u00ebft\u00eb k\u00ebt\u00eb vep\u00ebr, d\u00ebshmi t\u00eb madhe t\u00eb besimit dhe t\u00eb p\u00ebrkushtimit n\u00eb peshoren e veprave t\u00eb tyre t\u00eb mira n\u00eb dit\u00ebn e gjykimit.<\/p>\n<p style=\"text-align: justify;\">Nga ana tjet\u00ebr, m\u00eb duhet t\u00eb shpreh fal\u00ebnderime t\u00eb p\u00ebrzem\u00ebrta p\u00ebr teologun Lavdrim Hamja, imamin e nderuar t\u00eb k\u00ebsaj xhamie; p\u00ebr muezinin e saj, Haxhi Rexhep Osja, p\u00ebr mir\u00ebmbajt\u00ebsin vullnetar t\u00eb lulishtes dhe ambienteve rrethuese t\u00eb xhamis\u00eb s\u00eb &#8220;Dy Vajzave&#8221;, t\u00eb palodhurin prof. Xhevat Ku\u00e7i, p\u00ebr pjestar\u00ebt e k\u00ebshillit t\u00eb xhamis\u00eb, p\u00ebr mb\u00ebshtet\u00ebsit e projekteve dhe aktiviteteve t\u00eb saj, si dhe p\u00ebr krejt frekuentuesit e saj, q\u00eb e mbajn\u00eb n\u00eb gjall\u00ebri, fal\u00eb p\u00ebrkushtimit t\u00eb tyre.<\/p>\n<p style=\"text-align: justify;\">Allahu i Madh\u00ebruar i begatoft\u00eb musliman\u00ebt e Shkodr\u00ebs dhe krejt qytetar\u00ebt e saj, i ruajt nga \u00e7do e keqe dhe i g\u00ebzoft\u00eb me m\u00ebshir\u00ebn dhe mir\u00ebsit\u00eb e Tij; na ktheft\u00eb nga dyert e bamir\u00ebsis\u00eb, mir\u00ebkuptimit e harmonis\u00eb, na udh\u00ebzoft\u00eb p\u00ebrher\u00eb drejt hap\u00ebsirave t\u00eb pakufishme t\u00eb dashnis\u00eb s\u00eb Tij, p\u00ebr ta marr\u00eb e p\u00ebr ta p\u00ebrhapur kudo, me sa t\u00eb kemi mund\u00ebsi, p\u00ebr t\u00eb mir\u00ebn e qytetit e krejt vendit, n\u00eb rrug\u00ebn e d\u00ebshmimit si t\u00eb dashurit e Zotit Nj\u00eb!<\/p>\n<p style=\"text-align: justify;\">Bekime e mir\u00ebsi!<\/p>\n<p style=\"text-align: right;\"><strong>Imam Muhamed Bardhyl Sytari<\/strong><br \/>\n<em>Myfti i Zon\u00ebs Shkod\u00ebr<\/em><\/p>\n<p style=\"text-align: right;\"><em>Shkod\u00ebr, m\u00eb 12 dhjetor 2020<\/em><\/p>\n","protected":false},"excerpt":{"rendered":"<div class=\"mh-excerpt\"><p>12 dhjetor 2014, ishte nj\u00eb dit\u00eb e bekuar, n\u00eb t\u00eb cil\u00ebn p\u00ebruruam me shum\u00eb g\u00ebzim xhamin\u00eb e &#8220;Dy Vajzave &#8211; Sara dhe Shehd&#8221;, n\u00eb vak\u00ebfin shekullor t\u00eb Haxhi Shabanit, bamir\u00ebsit t\u00eb madh shkodran, emri i <a class=\"mh-excerpt-more\" href=\"https:\/\/muhamedsytari.net\/?p=2750\" title=\"Gjasht\u00eb vjet nga nj\u00eb dit\u00eb e bekuar p\u00ebr Shkodr\u00ebn&#8230;\">[&#8230;]<\/a><\/p>\n<\/div>","protected":false},"author":1,"featured_media":2751,"comment_status":"closed","ping_status":"closed","sticky":false,"template":"","format":"standard","meta":{"footnotes":""},"categories":[2],"tags":[],"class_list":["post-2750","post","type-post","status-publish","format-standard","has-post-thumbnail","hentry","category-editorial"],"_links":{"self":[{"href":"https:\/\/muhamedsytari.net\/index.php?rest_route=\/wp\/v2\/posts\/2750","targetHints":{"allow":["GET"]}}],"collection":[{"href":"https:\/\/muhamedsytari.net\/index.php?rest_route=\/wp\/v2\/posts"}],"about":[{"href":"https:\/\/muhamedsytari.net\/index.php?rest_route=\/wp\/v2\/types\/post"}],"author":[{"embeddable":true,"href":"https:\/\/muhamedsytari.net\/index.php?rest_route=\/wp\/v2\/users\/1"}],"replies":[{"embeddable":true,"href":"https:\/\/muhamedsytari.net\/index.php?rest_route=%2Fwp%2Fv2%2Fcomments&post=2750"}],"version-history":[{"count":1,"href":"https:\/\/muhamedsytari.net\/index.php?rest_route=\/wp\/v2\/posts\/2750\/revisions"}],"predecessor-version":[{"id":2752,"href":"https:\/\/muhamedsytari.net\/index.php?rest_route=\/wp\/v2\/posts\/2750\/revisions\/2752"}],"wp:featuredmedia":[{"embeddable":true,"href":"https:\/\/muhamedsytari.net\/index.php?rest_route=\/wp\/v2\/media\/2751"}],"wp:attachment":[{"href":"https:\/\/muhamedsytari.net\/index.php?rest_route=%2Fwp%2Fv2%2Fmedia&parent=2750"}],"wp:term":[{"taxonomy":"category","embeddable":true,"href":"https:\/\/muhamedsytari.net\/index.php?rest_route=%2Fwp%2Fv2%2Fcategories&post=2750"},{"taxonomy":"post_tag","embeddable":true,"href":"https:\/\/muhamedsytari.net\/index.php?rest_route=%2Fwp%2Fv2%2Ftags&post=2750"}],"curies":[{"name":"wp","href":"https:\/\/api.w.org\/{rel}","templated":true}]}}