{"id":3150,"date":"2021-08-10T21:34:41","date_gmt":"2021-08-10T21:34:41","guid":{"rendered":"http:\/\/muhamedsytari.net\/?p=3150"},"modified":"2021-08-10T21:34:41","modified_gmt":"2021-08-10T21:34:41","slug":"meditime-48","status":"publish","type":"post","link":"https:\/\/muhamedsytari.net\/?p=3150","title":{"rendered":"Meditime (48)"},"content":{"rendered":"<p class=\"kvgmc6g5 cxmmr5t8 oygrvhab hcukyx3x c1et5uql ii04i59q\" style=\"text-align: justify;\"><strong>A jemi ne t\u00eb aft\u00eb t\u00eb ndjekim rrjedhat e fitimit t\u00eb m\u00ebshir\u00ebs..?<\/strong><\/p>\n<p dir=\"auto\" style=\"text-align: justify;\">Nuk ka dyshim se, nd\u00ebr dit\u00ebt m\u00eb t\u00eb bekuara t\u00eb jet\u00ebs, \u00ebsht\u00eb edhe dita e Arefatit!<\/p>\n<p dir=\"auto\" style=\"text-align: justify;\">N\u00eb at\u00eb bjeshk\u00eb t\u00eb adhurimit e t\u00eb lutjes, i zhveshur nga \u00e7do rrob\u00eb e pozit\u00eb kalimtare, njeriu e ndjen veten t\u00eb rrethuar nga bekimet dhe qet\u00ebsia shpirt\u00ebrore, deri n\u00eb at\u00eb grad\u00eb sa p\u00ebrshkrimet profetike t\u00eb asaj dite ndjehen dhe p\u00ebrjetohen n\u00eb shkall\u00ebn e pap\u00ebrshkrueshm\u00ebris\u00eb!<\/p>\n<p dir=\"auto\" style=\"text-align: justify;\">Jo m\u00eb kot, Resulullahu (a.s) ia ka atribuar dit\u00ebs s\u00eb Arefatit krejt adhurimin e Haxhit, kur thot\u00eb me dy fjal\u00eb, se: &#8220;Haxhi \u00ebsht\u00eb Arefati!&#8221;, dhe mjafton kaq p\u00ebr t\u00eb kuptuar madh\u00ebshtin\u00eb e asaj dite, atij tubimi e mesazheve q\u00eb p\u00ebrftohen n\u00eb hap\u00ebsirat e atyre or\u00ebve t\u00eb bekuara, deri n\u00eb per\u00ebndimin e diellit&#8230;<\/p>\n<p dir=\"auto\" style=\"text-align: justify;\">\u00c7\u00ebshtja \u00ebsht\u00eb se, sa jemi t\u00eb aft\u00eb ta mbajm\u00eb bes\u00ebn e Arefatit dhe drit\u00ebn e asaj dite edhe n\u00eb p\u00ebrditshm\u00ebrin\u00eb ton\u00eb, pas asaj dite..?<\/p>\n<p dir=\"auto\" style=\"text-align: justify;\">Imagjino, at\u00eb dit\u00eb haxhiler\u00ebt m\u00ebshirohen e falen, sa dalin t\u00eb past\u00ebr nga gjynahet si dit\u00ebn q\u00eb kan\u00eb ardhur n\u00eb k\u00ebt\u00eb bot\u00eb! Po pas asaj dite, \u00e7far\u00eb..?<\/p>\n<p dir=\"auto\" style=\"text-align: justify;\">Me fjal\u00eb t\u00eb tjera, edhe kjo dit\u00eb e kjo panoram\u00eb e dritshme, nuk \u00ebsht\u00eb gj\u00eb tjet\u00ebr, ve\u00e7se nj\u00eb sinjal hyjnor, n\u00ebp\u00ebrmjet t\u00eb cilit, Zoti i gjith\u00ebsis\u00eb i drejtohet njeriut, si p\u00ebr t&#8217;i th\u00ebn\u00eb: &#8220;&#8230;m\u00ebshira Ime ka p\u00ebrfshir\u00eb secilin send. At\u00eb (M\u00ebshir\u00ebn) do ta caktoj p\u00ebr ata t\u00eb cil\u00ebt u ruhen (m\u00ebkateve), e japin zeqatin dhe p\u00ebr ata q\u00eb i besojn\u00eb argumentet tona&#8221;, si n\u00eb suren El-Araf\u00eb: 156, p\u00ebr ta zgjuar nga hutimi e p\u00ebr ta kthyer n\u00eb origjin\u00ebn e d\u00ebshmimit si m\u00eb e mira e krijesave t\u00eb Tij, e ftuar p\u00ebr t\u00eb nd\u00ebrtuar e zhvilluar jet\u00ebn me drit\u00ebn e Zotit t\u00eb saj!<\/p>\n<p dir=\"auto\" style=\"text-align: justify;\">A jemi ne t\u00eb aft\u00eb t\u00eb ndjekim rrjedhat e fitimit t\u00eb m\u00ebshir\u00ebs s\u00eb Tij, pa e p\u00ebrzier besimin me dyfytyr\u00ebsi e pragmatiz\u00ebm, p\u00ebr interesat e ngushta t\u00eb nefsit, q\u00eb s&#8217;e ngop gj\u00eb pos dheut!?<\/p>\n<p dir=\"auto\" style=\"text-align: justify;\"><strong>Imam Muhamed <a class=\"oajrlxb2 g5ia77u1 qu0x051f esr5mh6w e9989ue4 r7d6kgcz rq0escxv nhd2j8a9 nc684nl6 p7hjln8o kvgmc6g5 cxmmr5t8 oygrvhab hcukyx3x jb3vyjys rz4wbd8a qt6c0cv9 a8nywdso i1ao9s8h esuyzwwr f1sip0of lzcic4wl q66pz984 gpro0wi8 b1v8xokw\" tabindex=\"0\" role=\"link\" href=\"https:\/\/www.facebook.com\/b.h.sytari?__cft__[0]=AZXNjNkvMh-Gd1SzDsfwBqPvhTENDiYJs_MIFteejiW--T-SII8J1lJYgX2dpRrKEahAL40Fgv2RexxN_j_C3OmbcBkZZbmX9XvhOc0o7pJx_bjYaZYy7F2KpA7siEHGFcm3vlM0vairfa0KpAIZ8VfpigyREEUk75Cb6rVkcNG3ie-SEsDQHervKnM-iRUweIo&amp;__tn__=-]K-R\"><span class=\"nc684nl6\">Bardhyl Sytari<\/span><\/a><\/strong><br \/>\n<em>Shkod\u00ebr, 10 gusht 2021<\/em><\/p>\n<p class=\"o9v6fnle cxmmr5t8 oygrvhab hcukyx3x c1et5uql ii04i59q\" style=\"text-align: justify;\"><em>(Fotoja e dit\u00ebs s\u00eb Arefatit, m\u00eb 10 gusht 2019, kortezi nga i nderuari Haxhi <a class=\"oajrlxb2 g5ia77u1 qu0x051f esr5mh6w e9989ue4 r7d6kgcz rq0escxv nhd2j8a9 nc684nl6 p7hjln8o kvgmc6g5 cxmmr5t8 oygrvhab hcukyx3x jb3vyjys rz4wbd8a qt6c0cv9 a8nywdso i1ao9s8h esuyzwwr f1sip0of lzcic4wl q66pz984 gpro0wi8 b1v8xokw\" tabindex=\"0\" role=\"link\" href=\"https:\/\/www.facebook.com\/hilmi.zeneli?__cft__[0]=AZXNjNkvMh-Gd1SzDsfwBqPvhTENDiYJs_MIFteejiW--T-SII8J1lJYgX2dpRrKEahAL40Fgv2RexxN_j_C3OmbcBkZZbmX9XvhOc0o7pJx_bjYaZYy7F2KpA7siEHGFcm3vlM0vairfa0KpAIZ8VfpigyREEUk75Cb6rVkcNG3ie-SEsDQHervKnM-iRUweIo&amp;__tn__=-]K-R\"><span class=\"nc684nl6\">Hilmi Fatmira Zeneli<\/span><\/a>, me t\u00eb cilin na bashkoi ky moment fatlum, edhe n\u00eb shoq\u00ebrin\u00eb e haxhiler\u00ebve t\u00eb nderuar <a class=\"oajrlxb2 g5ia77u1 qu0x051f esr5mh6w e9989ue4 r7d6kgcz rq0escxv nhd2j8a9 nc684nl6 p7hjln8o kvgmc6g5 cxmmr5t8 oygrvhab hcukyx3x jb3vyjys rz4wbd8a qt6c0cv9 a8nywdso i1ao9s8h esuyzwwr f1sip0of lzcic4wl q66pz984 gpro0wi8 b1v8xokw\" tabindex=\"0\" role=\"link\" href=\"https:\/\/www.facebook.com\/hadi.hoxha?__cft__[0]=AZXNjNkvMh-Gd1SzDsfwBqPvhTENDiYJs_MIFteejiW--T-SII8J1lJYgX2dpRrKEahAL40Fgv2RexxN_j_C3OmbcBkZZbmX9XvhOc0o7pJx_bjYaZYy7F2KpA7siEHGFcm3vlM0vairfa0KpAIZ8VfpigyREEUk75Cb6rVkcNG3ie-SEsDQHervKnM-iRUweIo&amp;__tn__=-]K-R\"><span class=\"nc684nl6\">Hadi Hoxha<\/span><\/a> e <a class=\"oajrlxb2 g5ia77u1 qu0x051f esr5mh6w e9989ue4 r7d6kgcz rq0escxv nhd2j8a9 nc684nl6 p7hjln8o kvgmc6g5 cxmmr5t8 oygrvhab hcukyx3x jb3vyjys rz4wbd8a qt6c0cv9 a8nywdso i1ao9s8h esuyzwwr f1sip0of lzcic4wl q66pz984 gpro0wi8 b1v8xokw\" tabindex=\"0\" role=\"link\" href=\"https:\/\/www.facebook.com\/xheladin.luzaku?__cft__[0]=AZXNjNkvMh-Gd1SzDsfwBqPvhTENDiYJs_MIFteejiW--T-SII8J1lJYgX2dpRrKEahAL40Fgv2RexxN_j_C3OmbcBkZZbmX9XvhOc0o7pJx_bjYaZYy7F2KpA7siEHGFcm3vlM0vairfa0KpAIZ8VfpigyREEUk75Cb6rVkcNG3ie-SEsDQHervKnM-iRUweIo&amp;__tn__=-]K-R\"><span class=\"nc684nl6\">Xheladin Luzaku<\/span><\/a>)<\/em><\/p>\n","protected":false},"excerpt":{"rendered":"<div class=\"mh-excerpt\"><p>A jemi ne t\u00eb aft\u00eb t\u00eb ndjekim rrjedhat e fitimit t\u00eb m\u00ebshir\u00ebs..? Nuk ka dyshim se, nd\u00ebr dit\u00ebt m\u00eb t\u00eb bekuara t\u00eb jet\u00ebs, \u00ebsht\u00eb edhe dita e Arefatit! N\u00eb at\u00eb bjeshk\u00eb t\u00eb adhurimit e t\u00eb <a class=\"mh-excerpt-more\" href=\"https:\/\/muhamedsytari.net\/?p=3150\" title=\"Meditime (48)\">[&#8230;]<\/a><\/p>\n<\/div>","protected":false},"author":1,"featured_media":3151,"comment_status":"closed","ping_status":"closed","sticky":false,"template":"","format":"standard","meta":{"footnotes":""},"categories":[11],"tags":[],"class_list":["post-3150","post","type-post","status-publish","format-standard","has-post-thumbnail","hentry","category-meditime"],"_links":{"self":[{"href":"https:\/\/muhamedsytari.net\/index.php?rest_route=\/wp\/v2\/posts\/3150","targetHints":{"allow":["GET"]}}],"collection":[{"href":"https:\/\/muhamedsytari.net\/index.php?rest_route=\/wp\/v2\/posts"}],"about":[{"href":"https:\/\/muhamedsytari.net\/index.php?rest_route=\/wp\/v2\/types\/post"}],"author":[{"embeddable":true,"href":"https:\/\/muhamedsytari.net\/index.php?rest_route=\/wp\/v2\/users\/1"}],"replies":[{"embeddable":true,"href":"https:\/\/muhamedsytari.net\/index.php?rest_route=%2Fwp%2Fv2%2Fcomments&post=3150"}],"version-history":[{"count":1,"href":"https:\/\/muhamedsytari.net\/index.php?rest_route=\/wp\/v2\/posts\/3150\/revisions"}],"predecessor-version":[{"id":3152,"href":"https:\/\/muhamedsytari.net\/index.php?rest_route=\/wp\/v2\/posts\/3150\/revisions\/3152"}],"wp:featuredmedia":[{"embeddable":true,"href":"https:\/\/muhamedsytari.net\/index.php?rest_route=\/wp\/v2\/media\/3151"}],"wp:attachment":[{"href":"https:\/\/muhamedsytari.net\/index.php?rest_route=%2Fwp%2Fv2%2Fmedia&parent=3150"}],"wp:term":[{"taxonomy":"category","embeddable":true,"href":"https:\/\/muhamedsytari.net\/index.php?rest_route=%2Fwp%2Fv2%2Fcategories&post=3150"},{"taxonomy":"post_tag","embeddable":true,"href":"https:\/\/muhamedsytari.net\/index.php?rest_route=%2Fwp%2Fv2%2Ftags&post=3150"}],"curies":[{"name":"wp","href":"https:\/\/api.w.org\/{rel}","templated":true}]}}