{"id":3153,"date":"2021-08-11T08:14:30","date_gmt":"2021-08-11T08:14:30","guid":{"rendered":"http:\/\/muhamedsytari.net\/?p=3153"},"modified":"2021-08-11T08:14:30","modified_gmt":"2021-08-11T08:14:30","slug":"meditime-49","status":"publish","type":"post","link":"https:\/\/muhamedsytari.net\/?p=3153","title":{"rendered":"Meditime (49)"},"content":{"rendered":"<p class=\"kvgmc6g5 cxmmr5t8 oygrvhab hcukyx3x c1et5uql ii04i59q\" style=\"text-align: justify;\"><strong>Nga mikpritja dhe sakrifica e shkodran\u00ebve musliman\u00eb..!<\/strong><\/p>\n<p dir=\"auto\" style=\"text-align: justify;\">Po t\u00eb m\u00eb k\u00ebrkohej t\u00eb b\u00ebj nj\u00eb list\u00eb me emrat e hoxhallar\u00ebve t\u00eb shquar t\u00eb Shkodr\u00ebs, n\u00eb gjysm\u00ebn e par\u00eb t\u00eb shekullit 20, patjet\u00ebr q\u00eb emri i tetovaliut, Hafiz Qamil Tresi (Abdyli), mund t\u00eb renditet n\u00eb mesin e talebeve t\u00eb rrethit t\u00eb fundit t\u00eb k\u00ebtyre hoxhallar\u00ebve, pas s\u00eb cilit, kolera komuniste i nd\u00ebrpreu aktivitetin me diktatin e dhun\u00ebs dhe terrorit ateo-komunist!<\/p>\n<p dir=\"auto\" style=\"text-align: justify;\">Qamil Tresi, u lind n\u00eb Tetov\u00eb, m\u00eb 06.12.1922. Ishte i biri i Hafiz Abdylgafarrit dhe i Hamidijes. I ati i tij ishte Hafiz i Kuranit, si\u00e7 e pohon edhe studiuesi Dr. Feti Mehdiu, n\u00eb botimet zinxhir me titull: \u201cHafiz\u00ebt tan\u00eb gjat\u00eb historis\u00eb\u201d, p\u00ebrmbledhur n\u00eb nj\u00eb lib\u00ebr bibliografik.<\/p>\n<p dir=\"auto\" style=\"text-align: justify;\">M\u00ebsimet e para fetare, pas familjes, i mori n\u00eb medresen\u00eb e Sarajev\u00ebs, t\u00eb cil\u00ebn nuk e p\u00ebrfundoi dot p\u00ebr shkak t\u00eb luft\u00ebs. Ixhazetin e mori n\u00eb Shkod\u00ebr, n\u00eb vitin 1952, nga H. Muhamed Bekteshi (1883-1958), nj\u00eb hoxh\u00eb dhe myderriz i shquar popullor n\u00eb Shkod\u00ebr, nga duart e t\u00eb cilit dol\u00ebn me dhjetra imam\u00eb e vaiz\u00eb t\u00eb periudh\u00ebs s\u00eb fundit, n\u00eb prag t\u00eb diktatur\u00ebs.<\/p>\n<p dir=\"auto\" style=\"text-align: justify;\">(Nga duart e H. Muhamed Bekteshit \u00ebsht\u00eb diplomuar edhe H. Sabri Ko\u00e7i dhe shum\u00eb talebe t\u00eb tjer\u00eb, q\u00eb i kam renditur n\u00eb monografin\u00eb me titull: \u201cHafiz Qamil Tresi- n\u00eb gjurm\u00ebt e nj\u00eb biblioteke, q\u00eb sfidon heshtjen e koh\u00ebs\u201d, Shkod\u00ebr, 2006, si dhe n\u00eb botimin tjet\u00ebr monografik, me titull: \u201cHafiz Musa Hoxha- vaizi besnik i qitabeve t\u00eb vjetra\u201d, Shkod\u00ebr, 2009).<\/p>\n<p dir=\"auto\" style=\"text-align: justify;\">Farefisi i Hafiz Qamil Tresit (Abdyli), jetojn\u00eb edhe sot n\u00eb Tetov\u00eb, (si\u00e7 ma konfirmuan disa miq t\u00eb mir\u00eb n\u00eb Tetov\u00eb, para ca muajsh), edhe pse nuk i kam takuar ndonj\u00ebher\u00eb. Nd\u00ebrsa familja e tij, jeton n\u00eb Shkod\u00ebr dhe n\u00eb Tiran\u00eb.<\/p>\n<p dir=\"auto\" style=\"text-align: justify;\">Gjuha amtare e familjes s\u00eb tij, ku ka lindur, ka qen\u00eb turqishtja. I biri, Taxhudini, teksa p\u00ebrgatitesha p\u00ebr botimin e monografis\u00eb, m\u00eb ka shpjeguar, se: \u201cShpesh baba thoshte se ne jemi turqeli Tetove. Madje halla e jon\u00eb, q\u00eb akoma rron n\u00eb Tetov\u00eb, e flet shqipen me shum\u00eb v\u00ebshtir\u00ebsi.\u201d<\/p>\n<p dir=\"auto\" style=\"text-align: justify;\">Detaji, p\u00ebr t\u00eb cilin iu riktheva s\u00ebrish kujtimit t\u00eb Hafiz Qamil Tresit, dhe q\u00eb dua ta fokusoj me t\u00eb madhe, \u00ebsht\u00eb mikpritja dhe sakrifica e shkodran\u00ebve musliman\u00eb, p\u00ebr ta mbrojtur t\u00eb riun tetovar nga nj\u00eb tragjedi e madhe komb\u00ebtare\u2026<\/p>\n<p dir=\"auto\" style=\"text-align: justify;\">T\u00eb af\u00ebrmit e Hafizit n\u00eb Shkod\u00ebr tregojn\u00eb se b\u00ebhet fjal\u00eb p\u00ebr masakr\u00ebn e Tivarit e vitit 1945, ku mesa duket edhe i riu Qamil Tresi (Abdyli) b\u00ebnte pjes\u00eb n\u00eb at\u00eb grup shqiptar\u00ebsh, kryesisht nga trevat kosovare, q\u00eb po d\u00ebrgoheshin p\u00ebr t&#8217;u masakruar barbarisht nga ushtar\u00ebt serbo-malazez\u00eb.<\/p>\n<p dir=\"auto\" style=\"text-align: justify;\">P\u00ebr k\u00ebt\u00eb ngjarje shkruhet se me 2 prill t\u00eb vitit 1945, n\u00eb Tivar, 3760 shqiptar\u00eb u vran\u00eb, u masakruan dhe u dogj\u00ebn t\u00eb gjall\u00eb nga xhelat\u00ebt serbo-malazez\u00eb. (P\u00ebr k\u00ebt\u00eb tragjedi komb\u00ebtare ka shkruar edhe Azem Ajdini, \u201cMasakra e Tivarit\u201d, Sh.B. \u201cBesa\u201d, redaktoi Luan Xhafa, gusht 1998).<\/p>\n<p dir=\"auto\" style=\"text-align: justify;\">Ata pohojn\u00eb se nd\u00ebrsa grupi po kalonte n\u00eb Shkod\u00ebr, djali i ri (Qamil Tresi) ishte futur tin\u00ebz n\u00eb nj\u00eb dyqan p\u00ebr t\u00eb pir\u00eb uj\u00eb dhe aty, i zoti, nj\u00eb tregtar shkodran i quajtur Shyqyri Behri, e kishte strehuar p\u00ebr disa dit\u00eb derisa jeta e tij nuk ishte m\u00eb n\u00eb rrezik.<\/p>\n<p dir=\"auto\" style=\"text-align: justify;\">Familjar\u00ebt e Hafizit n\u00eb Shkod\u00ebr, vazhdojn\u00eb ta p\u00ebrmendin me shum\u00eb respekt emrin e tregtarit q\u00eb u b\u00eb shkak p\u00ebr strehimin e t\u00eb dashurit t\u00eb tyre dhe shp\u00ebtimin e jet\u00ebs s\u00eb tij!<\/p>\n<p dir=\"auto\" style=\"text-align: justify;\">Hafiz Qamil Tresi nd\u00ebrroi jet\u00eb n\u00eb Shkod\u00ebr, m\u00eb 05.10.1988, pas 42 vitesh nga largimi i tij nga vendlindja e shtrenjt\u00eb, i d\u00ebshiruar p\u00ebr t\u00eb par\u00eb, qoft\u00eb edhe nj\u00eb her\u00eb t\u00eb vetme pjes\u00ebtar\u00ebt e familjes s\u00eb tij; n\u00ebn\u00ebn e p\u00ebrmalluar, babain e dashur, v\u00ebllez\u00ebrit, motrat\u2026<\/p>\n<p dir=\"auto\" style=\"text-align: justify;\">Allahu i Madh\u00ebruar e m\u00ebshiroft\u00eb hafizin tetovar, tregtarin shkodran q\u00eb i shp\u00ebtoi jet\u00ebn dhe e b\u00ebft\u00eb k\u00ebt\u00eb shembull t\u00eb p\u00ebrkryer t\u00eb traditave dhe cil\u00ebsive m\u00eb fisnike islame nd\u00ebr shqiptar\u00eb, udh\u00ebrr\u00ebfim p\u00ebr brezat q\u00eb vijn\u00eb&#8230;<\/p>\n<p class=\"o9v6fnle cxmmr5t8 oygrvhab hcukyx3x c1et5uql ii04i59q\" style=\"text-align: justify;\"><strong>Imam Muhamed Bardhyl Sytari<\/strong><br \/>\n<em>Shkod\u00ebr, m\u00eb 11 gusht 2021<\/em><\/p>\n","protected":false},"excerpt":{"rendered":"<div class=\"mh-excerpt\"><p>Nga mikpritja dhe sakrifica e shkodran\u00ebve musliman\u00eb..! Po t\u00eb m\u00eb k\u00ebrkohej t\u00eb b\u00ebj nj\u00eb list\u00eb me emrat e hoxhallar\u00ebve t\u00eb shquar t\u00eb Shkodr\u00ebs, n\u00eb gjysm\u00ebn e par\u00eb t\u00eb shekullit 20, patjet\u00ebr q\u00eb emri i tetovaliut, <a class=\"mh-excerpt-more\" href=\"https:\/\/muhamedsytari.net\/?p=3153\" title=\"Meditime (49)\">[&#8230;]<\/a><\/p>\n<\/div>","protected":false},"author":1,"featured_media":3154,"comment_status":"closed","ping_status":"closed","sticky":false,"template":"","format":"standard","meta":{"footnotes":""},"categories":[11],"tags":[],"class_list":["post-3153","post","type-post","status-publish","format-standard","has-post-thumbnail","hentry","category-meditime"],"_links":{"self":[{"href":"https:\/\/muhamedsytari.net\/index.php?rest_route=\/wp\/v2\/posts\/3153","targetHints":{"allow":["GET"]}}],"collection":[{"href":"https:\/\/muhamedsytari.net\/index.php?rest_route=\/wp\/v2\/posts"}],"about":[{"href":"https:\/\/muhamedsytari.net\/index.php?rest_route=\/wp\/v2\/types\/post"}],"author":[{"embeddable":true,"href":"https:\/\/muhamedsytari.net\/index.php?rest_route=\/wp\/v2\/users\/1"}],"replies":[{"embeddable":true,"href":"https:\/\/muhamedsytari.net\/index.php?rest_route=%2Fwp%2Fv2%2Fcomments&post=3153"}],"version-history":[{"count":1,"href":"https:\/\/muhamedsytari.net\/index.php?rest_route=\/wp\/v2\/posts\/3153\/revisions"}],"predecessor-version":[{"id":3155,"href":"https:\/\/muhamedsytari.net\/index.php?rest_route=\/wp\/v2\/posts\/3153\/revisions\/3155"}],"wp:featuredmedia":[{"embeddable":true,"href":"https:\/\/muhamedsytari.net\/index.php?rest_route=\/wp\/v2\/media\/3154"}],"wp:attachment":[{"href":"https:\/\/muhamedsytari.net\/index.php?rest_route=%2Fwp%2Fv2%2Fmedia&parent=3153"}],"wp:term":[{"taxonomy":"category","embeddable":true,"href":"https:\/\/muhamedsytari.net\/index.php?rest_route=%2Fwp%2Fv2%2Fcategories&post=3153"},{"taxonomy":"post_tag","embeddable":true,"href":"https:\/\/muhamedsytari.net\/index.php?rest_route=%2Fwp%2Fv2%2Ftags&post=3153"}],"curies":[{"name":"wp","href":"https:\/\/api.w.org\/{rel}","templated":true}]}}