{"id":3397,"date":"2023-04-12T20:36:11","date_gmt":"2023-04-12T20:36:11","guid":{"rendered":"https:\/\/muhamedsytari.net\/?p=3397"},"modified":"2023-04-15T20:48:19","modified_gmt":"2023-04-15T20:48:19","slug":"eshte-ramazan-eshte-drite-eshte-shkoder","status":"publish","type":"post","link":"https:\/\/muhamedsytari.net\/?p=3397","title":{"rendered":"\u00cbsht\u00eb Ramazan, \u00ebsht\u00eb drit\u00eb, \u00ebsht\u00eb Shkod\u00ebr!"},"content":{"rendered":"<div class=\"\" dir=\"auto\">\n<div id=\":r9d:\" class=\"x1iorvi4 x1pi30zi x1swvt13 x1l90r2v\" data-ad-comet-preview=\"message\" data-ad-preview=\"message\">\n<div class=\"x78zum5 xdt5ytf xz62fqu x16ldp7u\">\n<div class=\"xu06os2 x1ok221b\">\n<p class=\"x11i5rnm xat24cr x1mh8g0r x1vvkbs xdj266r x126k92a\" style=\"text-align: justify;\"><strong>\u00cbsht\u00eb Ramazan, \u00ebsht\u00eb drit\u00eb, \u00ebsht\u00eb Shkod\u00ebr!<\/strong><\/p>\n<p dir=\"auto\" style=\"text-align: justify;\">Megjith\u00ebse at\u00eb q\u00eb institucioni i Bashkis\u00eb Shkod\u00ebr duhej t\u00eb b\u00ebnte p\u00ebr Ramazan, nuk e b\u00ebri asnj\u00ebher\u00eb n\u00eb k\u00ebto 33 vite, patjet\u00ebr q\u00eb zbukurimi i vet\u00eb institucionit t\u00eb Bashkis\u00eb sivjet (p\u00ebr fest\u00eb, se fjal\u00ebn Ramazan, kushedi nuk ia ka shkruar dora adminit) dhe ato pak vargje dritash t\u00eb vendosura aty p\u00ebrball\u00eb, meritojn\u00eb vler\u00ebsim dhe jan\u00eb nj\u00eb shembull, q\u00eb ia kalon edhe Tiran\u00ebs pragmatiste!<\/p>\n<p dir=\"auto\" style=\"text-align: justify;\">\u00c7\u00ebshtja nuk \u00ebsht\u00eb p\u00ebr dy a dhjet\u00eb vargje dritash, jo! \u00cbsht\u00eb p\u00ebrtej! \u00cbsht\u00eb te ekuilibrat, te normat, te standardet, q\u00eb tek ne nuk u vun\u00eb kurr\u00eb!<\/p>\n<p dir=\"auto\" style=\"text-align: justify;\">Erdhi koha, q\u00eb ne, vendi musliman m\u00eb i madh n\u00eb Evrop\u00eb, t\u00eb na imponohet nga sjelljet anormale t\u00eb dy tarafave t\u00eb politik\u00ebs s\u00eb k\u00ebtyre 3 dekadave t\u00eb fundit, nj\u00eb lloj kompleksiteti n\u00eb raport me fen\u00eb ton\u00eb, shfaqjen e saj haptas dhe d\u00ebshmimin e identitetit pa pasur ndrojtjen e reaksioneve! Hajr, p\u00ebrse?<\/p>\n<p dir=\"auto\" style=\"text-align: justify;\">P\u00ebr hatrin e kujt, a p\u00ebr borxh t\u00eb kujt, xhan\u00ebm?!<\/p>\n<p dir=\"auto\" style=\"text-align: justify;\">Nga ana tjet\u00ebr, elhamdulilah, q\u00eb po b\u00ebhemi d\u00ebshmitar\u00eb t\u00eb nj\u00eb kohe t\u00eb paralajm\u00ebruar n\u00eb fjal\u00ebt e t\u00eb D\u00ebrguarit (a.s), q\u00eb zbukurimet e shesheve p\u00ebr Ramazan po na i m\u00ebson Londra, faljet publike (p\u00ebr t\u00eb cilat nuk kemi nevoj\u00eb, se shyqyr Zotit kemi plot xhami!) po i shohim n\u00eb zem\u00ebr t\u00eb Nju Jorkut, frekuentimin m\u00eb t\u00eb madh t\u00eb institucioneve fetare nga rinia, at\u00eb t\u00eb musliman\u00ebve, po na e d\u00ebshmon Franca, ndalimin e ndeshjeve t\u00eb futbollit p\u00ebr iftarin e shpejt\u00eb t\u00eb futbollist\u00ebve musliman\u00eb, po e tregon Premier League e Anglis\u00eb, senator\u00ebt dhe deputetet muslimane me shami, djepi i demokracis\u00eb, ShBA, kandidimin p\u00ebr antare t\u00eb k\u00ebshillit bashkiak t\u00eb muslimaneve me shami, bashkit\u00eb e Italis\u00eb, por jo vet\u00ebm.<\/p>\n<p dir=\"auto\" style=\"text-align: justify;\">K\u00ebshtu q\u00eb, t\u00eb shkruajm\u00eb e t\u00eb st\u00ebrshkruajm\u00eb sot p\u00ebr zbukurimin e Shkodr\u00ebs, djepit t\u00eb Islamit, historis\u00eb s\u00eb toleranc\u00ebs, hoxhallar\u00ebve, medreseve, etj., me drita e fener\u00eb Ramazani nga taksat e vet\u00eb musliman\u00ebve, \u00ebsht\u00eb d\u00ebshmi regresi dhe njoll\u00eb turpi n\u00eb hak t\u00eb historis\u00eb son\u00eb, tabanit dhe qytetaris\u00eb!<\/p>\n<p dir=\"auto\" style=\"text-align: justify;\">Dhe, kush ka hallin e fushat\u00ebs, jua kam falur fushatat dhe partit\u00eb, hallin tuaj mos e past\u00eb njeri!<\/p>\n<p dir=\"auto\" style=\"text-align: justify;\">Un\u00eb shkruaj dhe th\u00ebrras p\u00ebr di\u00e7ka mbi fushatat tuaja, partit\u00eb dhe politik\u00ebn! Un\u00eb nuk b\u00ebj politik\u00eb, t\u00eb nderuar, jua kam th\u00ebn\u00eb edhe m\u00eb her\u00ebt; se po ta b\u00ebja, ju garantoj se ju do shifshi e do d\u00ebgjoshi \u00e7&#8217;ka nuk ju g\u00ebzon, as ju l\u00eb rehat!<\/p>\n<p dir=\"auto\" style=\"text-align: justify;\">Prandaj, Bashkis\u00eb aktuale, faleminderit p\u00ebr kaq, nd\u00ebrsa asaj q\u00eb del pas 14 majit (Allahumme, ve\u00e7 mir\u00eb e m\u00eb mir\u00eb p\u00ebr k\u00ebt\u00eb qytet dhe t\u00eb ardhmen e tij!), i duhet t\u00eb b\u00ebj\u00eb nj\u00eb tobe t\u00eb madhe publike me musliman\u00ebt e k\u00ebtij qyteti, me lagjet e tyre, me investimet n\u00eb to, por jo vet\u00ebm; me vepra, p\u00ebrtej fjal\u00ebve, q\u00eb deri m\u00eb sot, kan\u00eb qen\u00eb kryesisht sprov\u00eb e dinjitetit; p\u00ebr dik\u00eb i ruajtur dhe p\u00ebr dik\u00eb tjet\u00ebr, i humbur dhe i dal\u00eb boje..!?<\/p>\n<p dir=\"auto\" style=\"text-align: justify;\">Allahu ju dasht\u00eb!<\/p>\n<p dir=\"auto\" style=\"text-align: justify;\"><strong>Imam Muhamed B. Sytari<\/strong><br \/>\n<em>Myfti i Zon\u00ebs Shkod\u00ebr<\/em><\/p>\n<p class=\"x11i5rnm xat24cr x1mh8g0r x1vvkbs xtlvy1s x126k92a\" style=\"text-align: justify;\"><em>Shkod\u00ebr, m\u00eb 12 prill 2023<\/em><\/p>\n<p><iframe loading=\"lazy\" title=\"\u00cbsht\u00eb Ramazan, \u00ebsht\u00eb drit\u00eb, \u00ebsht\u00eb Shkod\u00ebr!\" width=\"500\" height=\"281\" src=\"https:\/\/www.youtube.com\/embed\/fB_KsV558N0?feature=oembed\" frameborder=\"0\" allow=\"accelerometer; autoplay; clipboard-write; encrypted-media; gyroscope; picture-in-picture; web-share\" referrerpolicy=\"strict-origin-when-cross-origin\" allowfullscreen><\/iframe><\/p>\n<\/div>\n<\/div>\n<\/div>\n<\/div>\n","protected":false},"excerpt":{"rendered":"<div class=\"mh-excerpt\"><p>\u00cbsht\u00eb Ramazan, \u00ebsht\u00eb drit\u00eb, \u00ebsht\u00eb Shkod\u00ebr! Megjith\u00ebse at\u00eb q\u00eb institucioni i Bashkis\u00eb Shkod\u00ebr duhej t\u00eb b\u00ebnte p\u00ebr Ramazan, nuk e b\u00ebri asnj\u00ebher\u00eb n\u00eb k\u00ebto 33 vite, patjet\u00ebr q\u00eb zbukurimi i vet\u00eb institucionit t\u00eb Bashkis\u00eb sivjet <a class=\"mh-excerpt-more\" href=\"https:\/\/muhamedsytari.net\/?p=3397\" title=\"\u00cbsht\u00eb Ramazan, \u00ebsht\u00eb drit\u00eb, \u00ebsht\u00eb Shkod\u00ebr!\">[&#8230;]<\/a><\/p>\n<\/div>","protected":false},"author":1,"featured_media":3398,"comment_status":"closed","ping_status":"closed","sticky":false,"template":"","format":"standard","meta":{"footnotes":""},"categories":[2],"tags":[],"class_list":["post-3397","post","type-post","status-publish","format-standard","has-post-thumbnail","hentry","category-editorial"],"_links":{"self":[{"href":"https:\/\/muhamedsytari.net\/index.php?rest_route=\/wp\/v2\/posts\/3397","targetHints":{"allow":["GET"]}}],"collection":[{"href":"https:\/\/muhamedsytari.net\/index.php?rest_route=\/wp\/v2\/posts"}],"about":[{"href":"https:\/\/muhamedsytari.net\/index.php?rest_route=\/wp\/v2\/types\/post"}],"author":[{"embeddable":true,"href":"https:\/\/muhamedsytari.net\/index.php?rest_route=\/wp\/v2\/users\/1"}],"replies":[{"embeddable":true,"href":"https:\/\/muhamedsytari.net\/index.php?rest_route=%2Fwp%2Fv2%2Fcomments&post=3397"}],"version-history":[{"count":4,"href":"https:\/\/muhamedsytari.net\/index.php?rest_route=\/wp\/v2\/posts\/3397\/revisions"}],"predecessor-version":[{"id":3402,"href":"https:\/\/muhamedsytari.net\/index.php?rest_route=\/wp\/v2\/posts\/3397\/revisions\/3402"}],"wp:featuredmedia":[{"embeddable":true,"href":"https:\/\/muhamedsytari.net\/index.php?rest_route=\/wp\/v2\/media\/3398"}],"wp:attachment":[{"href":"https:\/\/muhamedsytari.net\/index.php?rest_route=%2Fwp%2Fv2%2Fmedia&parent=3397"}],"wp:term":[{"taxonomy":"category","embeddable":true,"href":"https:\/\/muhamedsytari.net\/index.php?rest_route=%2Fwp%2Fv2%2Fcategories&post=3397"},{"taxonomy":"post_tag","embeddable":true,"href":"https:\/\/muhamedsytari.net\/index.php?rest_route=%2Fwp%2Fv2%2Ftags&post=3397"}],"curies":[{"name":"wp","href":"https:\/\/api.w.org\/{rel}","templated":true}]}}