{"id":3418,"date":"2023-04-19T10:26:45","date_gmt":"2023-04-19T10:26:45","guid":{"rendered":"https:\/\/muhamedsytari.net\/?p=3418"},"modified":"2023-04-19T10:26:45","modified_gmt":"2023-04-19T10:26:45","slug":"ne-xhamine-e-fshatit-shirq-mushan-ku-femijet-mbajne-te-ndezur-pishtarin-e-amanetit-te-baballareve","status":"publish","type":"post","link":"https:\/\/muhamedsytari.net\/?p=3418","title":{"rendered":"N\u00eb xhamin\u00eb e fshatit Shirq-Mushan, ku f\u00ebmij\u00ebt mbajn\u00eb t\u00eb ndezur pishtarin e amanetit t\u00eb baballar\u00ebve!"},"content":{"rendered":"<p class=\"x11i5rnm xat24cr x1mh8g0r x1vvkbs xdj266r x126k92a\" style=\"text-align: justify;\"><strong>N\u00eb xhamin\u00eb e fshatit Shirq-Mushan, ku f\u00ebmij\u00ebt mbajn\u00eb t\u00eb ndezur pishtarin e amanetit t\u00eb baballar\u00ebve!<\/strong><\/p>\n<p dir=\"auto\" style=\"text-align: justify;\">P\u00ebrgjat\u00eb Muajit t\u00eb Begat\u00eb t\u00eb Ramazanit, n\u00eb t\u00eb gjitha xhamit\u00eb e Shkodr\u00ebs zhvillohen aktivitete, ligj\u00ebrata, k\u00ebshillime, iftare e tubime t\u00eb dobishme, q\u00eb n\u00eb vetvete p\u00ebrkthejn\u00eb m\u00eb s\u00eb miri frym\u00ebn e k\u00ebtij Muaji t\u00eb rim\u00ebk\u00ebmbjes, gjall\u00ebrimit t\u00eb shpirtit dhe p\u00ebrcjelljes s\u00eb vlerave t\u00eb besimit n\u00eb gjith\u00ebsi!<\/p>\n<p dir=\"auto\" style=\"text-align: justify;\">Pa dyshim, kontributi i vyer i shum\u00eb imam\u00ebve tan\u00eb t\u00eb nderuar, kthehet n\u00eb nj\u00eb borxh moral n\u00eb hak t\u00eb edukator\u00ebve, m\u00ebsuesve dhe p\u00ebrhap\u00ebsve t\u00eb fes\u00eb ton\u00eb n\u00eb realitetet e xhamive dhe p\u00ebrtej tyre; borxh moral, q\u00eb nuk shlyhet dot me asnj\u00eb lloj shp\u00ebrblimi, t\u00eb qen\u00eb a t\u00eb paqen\u00eb, t\u00eb merituar a t\u00eb mohuar, t\u00eb shlyer a t\u00eb injoruar nd\u00ebr dekada!<\/p>\n<p dir=\"auto\" style=\"text-align: justify;\">P\u00ebrgjat\u00eb k\u00ebtij Muaji, kam qen\u00eb n\u00eb kontakt t\u00eb vazhduesh\u00ebm me stafin e ngusht\u00eb, me imam\u00eb dhe k\u00ebshilltar\u00eb, me xhematin dhe besimtar\u00ebt, n\u00ebp\u00ebrmjet takimeve ditore, vizitave n\u00eb xhami, n\u00eb mexhlisin e hatmes a n\u00eb namazit e teravis\u00eb, por jo vet\u00ebm.<\/p>\n<p dir=\"auto\" style=\"text-align: justify;\">Kam marr\u00eb dhe kam dh\u00ebn\u00eb, kemi diskutuar e jemi k\u00ebshilluar n\u00eb mes vete, p\u00ebr at\u00eb q\u00eb \u00ebsht\u00eb m\u00eb e mira dhe, p\u00ebr t\u00eb cil\u00ebn shpresojm\u00eb vet\u00ebm t\u00eb jet\u00eb pranuar nga Zoti i gjith\u00ebsis\u00eb, Allahu i Madh\u00ebruar.<\/p>\n<p dir=\"auto\" style=\"text-align: justify;\">Pa dyshim, se nj\u00eb nd\u00ebr xhamit\u00eb e spikatura p\u00ebr ruajtjen e frym\u00ebs s\u00eb k\u00ebtij Muaji dhe gjall\u00ebrimin e tij n\u00ebp\u00ebrmjet p\u00ebrkushtimit t\u00eb imamit dhe p\u00ebrgjigjes s\u00eb familjeve muslimane dhe brezit t\u00eb ri n\u00eb ve\u00e7anti, \u00ebsht\u00eb edhe xhamia e fshatit Shirq-Mushan!<\/p>\n<p dir=\"auto\" style=\"text-align: justify;\">Ndoshta, shum\u00ebkush as q\u00eb e di se ku bie ky fshat, por nuk \u00ebsht\u00eb ky q\u00ebllimi i k\u00ebtyre rreshtave.<\/p>\n<p dir=\"auto\" style=\"text-align: justify;\">Ajo q\u00eb dua t\u00eb theksoj \u00ebsht\u00eb fakti i pamohuesh\u00ebm se, p\u00ebrtej zbrazjes s\u00eb fshatit nga banor\u00ebt, p\u00ebr shkak t\u00eb largimit t\u00eb qytetar\u00ebve t\u00eb tij drejt vendeve t\u00eb ndryshme t\u00eb bot\u00ebs p\u00ebr kushte m\u00eb t\u00eb mira jetese dhe, p\u00ebr t\u00eb kap\u00ebrcyer pragun e rr\u00ebmuj\u00ebs dhe anarkis\u00eb, skamjes dhe mosp\u00ebrfilljes s\u00eb t\u00eb drejtave t\u00eb qytetarit; n\u00eb xhamin\u00eb e Shirqit, akoma rrin ndezur nj\u00eb drit\u00eb&#8230;<\/p>\n<p dir=\"auto\" style=\"text-align: justify;\">Nj\u00eb drit\u00eb, sa 1000 pishtare, q\u00eb p\u00ebrkujdeset p\u00ebr sh\u00ebrbimet e saj, imami i p\u00ebrkushtuar, veterani i aktivitetit fetar n\u00eb xhamit\u00eb e Shkodr\u00ebs dhe p\u00ebrtej, H. Kujtim Cufaj!<\/p>\n<p dir=\"auto\" style=\"text-align: justify;\">N\u00eb fillim t\u00eb Ramazanit, m\u00eb kontaktoi dhe m\u00eb lajm\u00ebroi p\u00ebr nijetin e tij p\u00ebr t\u00eb b\u00ebr\u00eb itikaf krejt Muajin Ramazan n\u00eb xhami!<\/p>\n<p dir=\"auto\" style=\"text-align: justify;\">Subhanallah! U habita dhe e p\u00ebrg\u00ebzova, duke u lutur p\u00ebr mbar\u00ebsin\u00eb e tij, q\u00eb gjithsesi, me k\u00ebt\u00eb veprim t\u00eb p\u00ebrs\u00ebritur nd\u00ebr vite, po d\u00ebshmonte p\u00ebrkushtimin ndaj f\u00ebmij\u00ebve t\u00eb asaj zone n\u00eb ve\u00e7anti, pa p\u00ebrmendur komunitetin e p\u00ebrzier, musliman\u00eb e katolik\u00eb, t\u00eb cil\u00ebt e duan t\u00eb gjith\u00eb dhe e respektojn\u00eb Hoxh\u00ebn pajtimtar e bamir\u00ebs, fjal\u00ebmatur e bashkues n\u00eb mesin e njer\u00ebzve!<\/p>\n<p dir=\"auto\" style=\"text-align: justify;\">Edhe dit\u00ebn e p\u00ebrurimit t\u00eb xhamis\u00eb, prifti i kish\u00ebs katolike, ishte aty me ne, si t\u00eb p\u00ebr shprehur mir\u00ebnjohjen e tij dhe t\u00eb komunitetit q\u00eb p\u00ebrfaq\u00ebson, p\u00ebr t\u00eb gjith\u00eb ne, por p\u00ebr Hoxh\u00eb Kujtimin n\u00eb ve\u00e7anti!<\/p>\n<p dir=\"auto\" style=\"text-align: justify;\">\u00c7do nat\u00eb Ramazani, f\u00ebmij\u00ebt jan\u00eb xhemati kryesor i xhamis\u00eb Shirq-Mushan! T\u00eb rinjt\u00eb dhe t\u00eb rejat jan\u00eb yjet ndri\u00e7ues t\u00eb qiellit q\u00eb mbulon k\u00ebt\u00eb Sht\u00ebpi t\u00eb shenjt\u00eb! Dhe, kjo meriton nj\u00eb fal\u00ebnderim dhe mir\u00ebnjohje t\u00eb madhe p\u00ebr Hoxh\u00ebn e nderuar, por p\u00ebr \u00e7do familje muslimane t\u00eb k\u00ebsaj zone, q\u00eb ia ka besuar rrezen e shpirtit dhe drit\u00ebn e syve, imamit dhe xhamis\u00eb!<\/p>\n<p dir=\"auto\" style=\"text-align: justify;\">\u00cbsht\u00eb drit\u00eb shprese, q\u00eb pa dyshim na mbush me mir\u00ebsi e bekim dhe na d\u00ebshmon madh\u00ebshtin\u00eb e misionit t\u00eb edukatorit n\u00eb jet\u00ebn ton\u00eb, madh\u00ebshtin\u00eb e k\u00ebtij Islami rregullator t\u00eb jet\u00ebs, madh\u00ebshtin\u00eb e k\u00ebtij Muaji q\u00eb na mban gjall\u00eb e na frym\u00ebzon drejt asaj q\u00eb vjen, me mbar\u00ebsin\u00eb dhe bekimet e Allahut!<\/p>\n<p dir=\"auto\" style=\"text-align: justify;\">Allahu i bekoft\u00eb f\u00ebmij\u00ebt tan\u00eb, i nderoft\u00eb imam\u00ebt dhe prij\u00ebsit tan\u00eb fetare dhe na b\u00ebft\u00eb prej rregullator\u00ebve me krenari, udh\u00ebzuesve me dinjitet, pajtimtar\u00ebve me urt\u00ebsi!<\/p>\n<p dir=\"auto\" style=\"text-align: justify;\"><strong>Imam Muhamed B. Sytari<\/strong><br \/>\n<em>Myfti i Zon\u00ebs Shkod\u00ebr<\/em><\/p>\n<p class=\"x11i5rnm xat24cr x1mh8g0r x1vvkbs xtlvy1s x126k92a\" style=\"text-align: justify;\"><em>Shkod\u00ebr, m\u00eb 19 prill 2023<\/em><\/p>\n<div id='gallery-1' class='gallery galleryid-3418 gallery-columns-2 gallery-size-thumbnail'><figure class='gallery-item'>\n\t\t\t<div class='gallery-icon landscape'>\n\t\t\t\t<a href='https:\/\/muhamedsytari.net\/?attachment_id=3420'><img loading=\"lazy\" decoding=\"async\" width=\"150\" height=\"150\" src=\"https:\/\/muhamedsytari.net\/wp-content\/uploads\/2023\/04\/iftaret_Shirq-150x150.jpg\" class=\"attachment-thumbnail size-thumbnail\" alt=\"\" \/><\/a>\n\t\t\t<\/div><\/figure><figure class='gallery-item'>\n\t\t\t<div class='gallery-icon landscape'>\n\t\t\t\t<a href='https:\/\/muhamedsytari.net\/?attachment_id=3419'><img loading=\"lazy\" decoding=\"async\" width=\"150\" height=\"150\" src=\"https:\/\/muhamedsytari.net\/wp-content\/uploads\/2023\/04\/iftaret_Shirq-2-150x150.jpg\" class=\"attachment-thumbnail size-thumbnail\" alt=\"\" \/><\/a>\n\t\t\t<\/div><\/figure>\n\t\t<\/div>\n\n","protected":false},"excerpt":{"rendered":"<div class=\"mh-excerpt\"><p>N\u00eb xhamin\u00eb e fshatit Shirq-Mushan, ku f\u00ebmij\u00ebt mbajn\u00eb t\u00eb ndezur pishtarin e amanetit t\u00eb baballar\u00ebve! P\u00ebrgjat\u00eb Muajit t\u00eb Begat\u00eb t\u00eb Ramazanit, n\u00eb t\u00eb gjitha xhamit\u00eb e Shkodr\u00ebs zhvillohen aktivitete, ligj\u00ebrata, k\u00ebshillime, iftare e tubime t\u00eb <a class=\"mh-excerpt-more\" href=\"https:\/\/muhamedsytari.net\/?p=3418\" title=\"N\u00eb xhamin\u00eb e fshatit Shirq-Mushan, ku f\u00ebmij\u00ebt mbajn\u00eb t\u00eb ndezur pishtarin e amanetit t\u00eb baballar\u00ebve!\">[&#8230;]<\/a><\/p>\n<\/div>","protected":false},"author":1,"featured_media":3420,"comment_status":"closed","ping_status":"closed","sticky":false,"template":"","format":"standard","meta":{"footnotes":""},"categories":[2],"tags":[],"class_list":["post-3418","post","type-post","status-publish","format-standard","has-post-thumbnail","hentry","category-editorial"],"_links":{"self":[{"href":"https:\/\/muhamedsytari.net\/index.php?rest_route=\/wp\/v2\/posts\/3418","targetHints":{"allow":["GET"]}}],"collection":[{"href":"https:\/\/muhamedsytari.net\/index.php?rest_route=\/wp\/v2\/posts"}],"about":[{"href":"https:\/\/muhamedsytari.net\/index.php?rest_route=\/wp\/v2\/types\/post"}],"author":[{"embeddable":true,"href":"https:\/\/muhamedsytari.net\/index.php?rest_route=\/wp\/v2\/users\/1"}],"replies":[{"embeddable":true,"href":"https:\/\/muhamedsytari.net\/index.php?rest_route=%2Fwp%2Fv2%2Fcomments&post=3418"}],"version-history":[{"count":1,"href":"https:\/\/muhamedsytari.net\/index.php?rest_route=\/wp\/v2\/posts\/3418\/revisions"}],"predecessor-version":[{"id":3421,"href":"https:\/\/muhamedsytari.net\/index.php?rest_route=\/wp\/v2\/posts\/3418\/revisions\/3421"}],"wp:featuredmedia":[{"embeddable":true,"href":"https:\/\/muhamedsytari.net\/index.php?rest_route=\/wp\/v2\/media\/3420"}],"wp:attachment":[{"href":"https:\/\/muhamedsytari.net\/index.php?rest_route=%2Fwp%2Fv2%2Fmedia&parent=3418"}],"wp:term":[{"taxonomy":"category","embeddable":true,"href":"https:\/\/muhamedsytari.net\/index.php?rest_route=%2Fwp%2Fv2%2Fcategories&post=3418"},{"taxonomy":"post_tag","embeddable":true,"href":"https:\/\/muhamedsytari.net\/index.php?rest_route=%2Fwp%2Fv2%2Ftags&post=3418"}],"curies":[{"name":"wp","href":"https:\/\/api.w.org\/{rel}","templated":true}]}}