{"id":3452,"date":"2023-09-12T11:44:38","date_gmt":"2023-09-12T11:44:38","guid":{"rendered":"https:\/\/muhamedsytari.net\/?p=3452"},"modified":"2023-09-12T11:45:02","modified_gmt":"2023-09-12T11:45:02","slug":"allahu-e-meshirofte-te-mirin-haxhi-gani-berisha","status":"publish","type":"post","link":"https:\/\/muhamedsytari.net\/?p=3452","title":{"rendered":"Allahu e m\u00ebshiroft\u00eb, t\u00eb Mirin Haxhi Gani Berisha!"},"content":{"rendered":"<p class=\"xdj266r x11i5rnm xat24cr x1mh8g0r x1vvkbs x126k92a\" style=\"text-align: justify;\"><strong>Allahu e m\u00ebshiroft\u00eb, t\u00eb Mirin Haxhi Gani Berisha!<\/strong><\/p>\n<p dir=\"auto\" style=\"text-align: justify;\">12 shkurti i k\u00ebtij viti m\u00eb zuri n\u00eb St.Gallen t\u00eb Zvicr\u00ebs, ku nj\u00eb nat\u00eb m\u00eb par\u00eb, Bashk\u00ebsia Islame Shqiptare &#8220;El-Hidaje&#8221;, organizonte nj\u00eb ceremoni madh\u00ebshtore kushtuar iniciativ\u00ebs s\u00eb shum\u00ebpritur p\u00ebr nd\u00ebrtimin e xhamis\u00eb s\u00eb re t\u00eb k\u00ebtij qyteti.<\/p>\n<p dir=\"auto\" style=\"text-align: justify;\">Ishte hera e par\u00eb q\u00eb n\u00eb ceremonit\u00eb e dashura t\u00eb &#8220;El-Hidajes&#8221;, mungonte baci Gani, ndon\u00ebse djemt\u00eb e nipat e mbesat e tij ishin aty, si p\u00ebr t\u00eb d\u00ebshmuar besnik\u00ebrin\u00eb e tyre ndaj tabanit t\u00eb Bab\u00ebs dhe lidhjen e padiskutueshme me xhamin\u00eb dhe bujarin\u00eb!<\/p>\n<p dir=\"auto\" style=\"text-align: justify;\">12 shkurti i k\u00ebtij viti ishte nj\u00eb dit\u00eb e ftoht\u00eb, ndon\u00ebse dielli me rrezet e tij, n\u00eb bashk\u00ebjetes\u00eb t\u00eb mrekullueshme me d\u00ebbor\u00ebn e mbetur cepave t\u00eb rrug\u00ebs dhe lulishtave, q\u00eb i mbulonte me pelerin\u00ebn e bardh\u00eb; nuk e thyente dot karakterin e acart\u00eb t\u00eb asaj bardh\u00ebsie rrezatuese&#8230;<\/p>\n<p dir=\"auto\" style=\"text-align: justify;\">Krejt ndryshe ishte atmosfera n\u00eb kull\u00ebn Berisha, ku baci Gani, si Diell rrezatues, dhuronte ngroht\u00ebsi e bekim, me fytyr\u00ebn e qeshur dhe lutjet e zemr\u00ebs, q\u00eb ma kishte hapur koh\u00eb e koh\u00eb m\u00eb par\u00eb e, q\u00eb at\u00eb dit\u00eb, po ma d\u00ebshmonte, edhe si vul\u00eb e nj\u00eb miq\u00ebsie e dashamir\u00ebsie, q\u00eb u lidh n\u00eb krah\u00ebt e xhamis\u00eb e, nga ai cak ve\u00e7se u rrit e u rrit, duke u lart\u00ebsuar nga pragu i k\u00ebsaj bote drejt t\u00eb p\u00ebrtejmes..!<\/p>\n<p dir=\"auto\" style=\"text-align: justify;\">As vdekja, q\u00eb sot, e ndau bacin Gani prej nesh, nuk e preku dot gjurm\u00ebn e tij, drit\u00ebn e tij, dashamir\u00ebsin\u00eb e bekimet e lutjeve t\u00eb tij prind\u00ebrore..!<\/p>\n<p dir=\"auto\" style=\"text-align: justify;\">Nga sot, v\u00ebllez\u00ebrit e mi t\u00eb shtrenjt\u00eb <a class=\"x1i10hfl xjbqb8w x6umtig x1b1mbwd xaqea5y xav7gou x9f619 x1ypdohk xt0psk2 xe8uvvx xdj266r x11i5rnm xat24cr x1mh8g0r xexx8yu x4uap5 x18d9i69 xkhd6sd x16tdsg8 x1hl2dhg xggy1nq x1a2a7pz xt0b8zv x1qq9wsj xo1l8bm\" tabindex=\"0\" role=\"link\" href=\"https:\/\/www.facebook.com\/profile.php?id=100008178706809&amp;__cft__[0]=AZXhCb5HLdBXEysBb16v_fCHN9tlCEB_DhyV4ljmVIib4UKBf7Rob8g1qsG1kmoP_prCNaSg8W9MxXAb3Gi1NZi2LmUbARWXSZDyGynWMOGJiHXNxNy9gKQRYBUeeO0hiDUOgLIVsFvMTU43LRkpJVOTJ_fX0CrwPN-fDYtiNYKS4CmnLHI4WOMdquFNhJcPy0U&amp;__tn__=-]K-R\"><span class=\"xt0psk2\">Bekim<\/span><\/a>, Befrim e <a class=\"x1i10hfl xjbqb8w x6umtig x1b1mbwd xaqea5y xav7gou x9f619 x1ypdohk xt0psk2 xe8uvvx xdj266r x11i5rnm xat24cr x1mh8g0r xexx8yu x4uap5 x18d9i69 xkhd6sd x16tdsg8 x1hl2dhg xggy1nq x1a2a7pz xt0b8zv x1qq9wsj xo1l8bm\" tabindex=\"0\" role=\"link\" href=\"https:\/\/www.facebook.com\/BukiBoyPZ?__cft__[0]=AZXhCb5HLdBXEysBb16v_fCHN9tlCEB_DhyV4ljmVIib4UKBf7Rob8g1qsG1kmoP_prCNaSg8W9MxXAb3Gi1NZi2LmUbARWXSZDyGynWMOGJiHXNxNy9gKQRYBUeeO0hiDUOgLIVsFvMTU43LRkpJVOTJ_fX0CrwPN-fDYtiNYKS4CmnLHI4WOMdquFNhJcPy0U&amp;__tn__=-]K-R\"><span class=\"xt0psk2\">Burim Berisha<\/span><\/a>, do ta ndjejn\u00eb pesh\u00ebn e r\u00ebnd\u00eb t\u00eb humbjes s\u00eb Bab\u00ebs, por, do t\u00eb jen\u00eb p\u00ebrher\u00eb e m\u00eb shum\u00eb krenar\u00eb p\u00ebr kujtimin e mir\u00eb t\u00eb Bab\u00ebs s\u00eb tyre, q\u00eb i ushqeu me hallall, i m\u00ebkoi me dashnin\u00eb e Allahut dhe p\u00ebrkushtimin ndaj Tij, q\u00eb i m\u00ebsoi me shembullin e tij p\u00ebr t\u00eb qen\u00eb besnik\u00eb t\u00eb Sht\u00ebpis\u00eb s\u00eb Allahut e sh\u00ebrbyes t\u00eb saj deri n\u00eb frym\u00eb t\u00eb fundit!<\/p>\n<p dir=\"auto\" style=\"text-align: justify;\">Nipat e mbesat, do ta kujtojn\u00eb p\u00ebrher\u00eb me dashni gjyshin e tyre t\u00eb mir\u00eb, fytyr\u00ebqeshur e mjek\u00ebrbardh\u00eb, q\u00eb i bekonte me sy e zem\u00ebr, saher\u00eb bashk\u00eb, dilnin nga sht\u00ebpia drejt xhamis\u00eb, ku u rrit\u00ebn dhe u edukuan, n\u00ebn mbik\u00ebqyrjen e v\u00ebshtrimeve t\u00eb tij m\u00ebshironj\u00ebse!<\/p>\n<p dir=\"auto\" style=\"text-align: justify;\">Nga sot, xhemati shqiptar i &#8220;El-Hidajes&#8221;, do t\u00eb ket\u00eb nj\u00eb sexhade m\u00eb shum\u00eb, q\u00eb qan n\u00eb heshtje munges\u00ebn e besimtarit t\u00eb mir\u00eb e t\u00eb p\u00ebrkushtuar, q\u00eb nga sot nuk do t\u00eb shkel\u00eb m\u00eb pragun e saj e, nga sot, nuk do t\u00eb d\u00ebgjohen lutjet dhe p\u00ebrgj\u00ebrimet e tij, mb\u00ebshtetur mbi at\u00eb prag toke fatlume..!<\/p>\n<p dir=\"auto\" style=\"text-align: justify;\">Allahu ta leht\u00ebsoft\u00eb k\u00ebt\u00eb rrug\u00ebtim drejt p\u00ebrjet\u00ebsis\u00eb, ta b\u00ebft\u00eb varrin bah\u00e7e prej lulishtave t\u00eb xhenetit, t\u00eb dhuroft\u00eb shefatin e t\u00eb Dashtunit ton\u00eb, Hz. Muhammedit (a.s) dhe t\u00eb lart\u00ebsoft\u00eb n\u00eb Firdeus!<\/p>\n<p dir=\"auto\" style=\"text-align: justify;\">Mir\u00eb u pjekshim n\u00eb Ma t\u00eb Mirin Vend, B\u00e2c!<\/p>\n<p class=\"x11i5rnm xat24cr x1mh8g0r x1vvkbs xtlvy1s x126k92a\" style=\"text-align: justify;\"><strong>Imam Muhamed B. Sytari<\/strong><br \/>\n<em>Shkod\u00ebr, 12 shtator 2023<\/em><\/p>\n<div id='gallery-1' class='gallery galleryid-3452 gallery-columns-2 gallery-size-medium'><figure class='gallery-item'>\n\t\t\t<div class='gallery-icon portrait'>\n\t\t\t\t<a href='https:\/\/muhamedsytari.net\/?attachment_id=3454'><img loading=\"lazy\" decoding=\"async\" width=\"169\" height=\"300\" src=\"https:\/\/muhamedsytari.net\/wp-content\/uploads\/2023\/09\/Allahu-e-meshirofte-te-Mirin-Haxhi-Gani-Berisha-2-1-169x300.jpg\" class=\"attachment-medium size-medium\" alt=\"\" srcset=\"https:\/\/muhamedsytari.net\/wp-content\/uploads\/2023\/09\/Allahu-e-meshirofte-te-Mirin-Haxhi-Gani-Berisha-2-1-169x300.jpg 169w, https:\/\/muhamedsytari.net\/wp-content\/uploads\/2023\/09\/Allahu-e-meshirofte-te-Mirin-Haxhi-Gani-Berisha-2-1-576x1024.jpg 576w, https:\/\/muhamedsytari.net\/wp-content\/uploads\/2023\/09\/Allahu-e-meshirofte-te-Mirin-Haxhi-Gani-Berisha-2-1-768x1365.jpg 768w, https:\/\/muhamedsytari.net\/wp-content\/uploads\/2023\/09\/Allahu-e-meshirofte-te-Mirin-Haxhi-Gani-Berisha-2-1-864x1536.jpg 864w, https:\/\/muhamedsytari.net\/wp-content\/uploads\/2023\/09\/Allahu-e-meshirofte-te-Mirin-Haxhi-Gani-Berisha-2-1.jpg 900w\" sizes=\"auto, (max-width: 169px) 100vw, 169px\" \/><\/a>\n\t\t\t<\/div><\/figure><figure class='gallery-item'>\n\t\t\t<div class='gallery-icon landscape'>\n\t\t\t\t<a href='https:\/\/muhamedsytari.net\/?attachment_id=3455'><img loading=\"lazy\" decoding=\"async\" width=\"300\" height=\"169\" src=\"https:\/\/muhamedsytari.net\/wp-content\/uploads\/2023\/09\/Allahu-e-meshirofte-te-Mirin-Haxhi-Gani-Berisha-1-300x169.jpg\" class=\"attachment-medium size-medium\" alt=\"\" srcset=\"https:\/\/muhamedsytari.net\/wp-content\/uploads\/2023\/09\/Allahu-e-meshirofte-te-Mirin-Haxhi-Gani-Berisha-1-300x169.jpg 300w, https:\/\/muhamedsytari.net\/wp-content\/uploads\/2023\/09\/Allahu-e-meshirofte-te-Mirin-Haxhi-Gani-Berisha-1-1024x576.jpg 1024w, https:\/\/muhamedsytari.net\/wp-content\/uploads\/2023\/09\/Allahu-e-meshirofte-te-Mirin-Haxhi-Gani-Berisha-1-768x432.jpg 768w, https:\/\/muhamedsytari.net\/wp-content\/uploads\/2023\/09\/Allahu-e-meshirofte-te-Mirin-Haxhi-Gani-Berisha-1-1536x864.jpg 1536w, https:\/\/muhamedsytari.net\/wp-content\/uploads\/2023\/09\/Allahu-e-meshirofte-te-Mirin-Haxhi-Gani-Berisha-1-678x381.jpg 678w, https:\/\/muhamedsytari.net\/wp-content\/uploads\/2023\/09\/Allahu-e-meshirofte-te-Mirin-Haxhi-Gani-Berisha-1.jpg 1600w\" sizes=\"auto, (max-width: 300px) 100vw, 300px\" \/><\/a>\n\t\t\t<\/div><\/figure>\n\t\t<\/div>\n\n","protected":false},"excerpt":{"rendered":"<div class=\"mh-excerpt\"><p>Allahu e m\u00ebshiroft\u00eb, t\u00eb Mirin Haxhi Gani Berisha! 12 shkurti i k\u00ebtij viti m\u00eb zuri n\u00eb St.Gallen t\u00eb Zvicr\u00ebs, ku nj\u00eb nat\u00eb m\u00eb par\u00eb, Bashk\u00ebsia Islame Shqiptare &#8220;El-Hidaje&#8221;, organizonte nj\u00eb ceremoni madh\u00ebshtore kushtuar iniciativ\u00ebs s\u00eb <a class=\"mh-excerpt-more\" href=\"https:\/\/muhamedsytari.net\/?p=3452\" title=\"Allahu e m\u00ebshiroft\u00eb, t\u00eb Mirin Haxhi Gani Berisha!\">[&#8230;]<\/a><\/p>\n<\/div>","protected":false},"author":1,"featured_media":3455,"comment_status":"closed","ping_status":"closed","sticky":false,"template":"","format":"standard","meta":{"footnotes":""},"categories":[2],"tags":[],"class_list":["post-3452","post","type-post","status-publish","format-standard","has-post-thumbnail","hentry","category-editorial"],"_links":{"self":[{"href":"https:\/\/muhamedsytari.net\/index.php?rest_route=\/wp\/v2\/posts\/3452","targetHints":{"allow":["GET"]}}],"collection":[{"href":"https:\/\/muhamedsytari.net\/index.php?rest_route=\/wp\/v2\/posts"}],"about":[{"href":"https:\/\/muhamedsytari.net\/index.php?rest_route=\/wp\/v2\/types\/post"}],"author":[{"embeddable":true,"href":"https:\/\/muhamedsytari.net\/index.php?rest_route=\/wp\/v2\/users\/1"}],"replies":[{"embeddable":true,"href":"https:\/\/muhamedsytari.net\/index.php?rest_route=%2Fwp%2Fv2%2Fcomments&post=3452"}],"version-history":[{"count":2,"href":"https:\/\/muhamedsytari.net\/index.php?rest_route=\/wp\/v2\/posts\/3452\/revisions"}],"predecessor-version":[{"id":3457,"href":"https:\/\/muhamedsytari.net\/index.php?rest_route=\/wp\/v2\/posts\/3452\/revisions\/3457"}],"wp:featuredmedia":[{"embeddable":true,"href":"https:\/\/muhamedsytari.net\/index.php?rest_route=\/wp\/v2\/media\/3455"}],"wp:attachment":[{"href":"https:\/\/muhamedsytari.net\/index.php?rest_route=%2Fwp%2Fv2%2Fmedia&parent=3452"}],"wp:term":[{"taxonomy":"category","embeddable":true,"href":"https:\/\/muhamedsytari.net\/index.php?rest_route=%2Fwp%2Fv2%2Fcategories&post=3452"},{"taxonomy":"post_tag","embeddable":true,"href":"https:\/\/muhamedsytari.net\/index.php?rest_route=%2Fwp%2Fv2%2Ftags&post=3452"}],"curies":[{"name":"wp","href":"https:\/\/api.w.org\/{rel}","templated":true}]}}