{"id":3609,"date":"2024-06-23T12:51:12","date_gmt":"2024-06-23T12:51:12","guid":{"rendered":"https:\/\/muhamedsytari.net\/?p=3609"},"modified":"2024-06-23T12:51:12","modified_gmt":"2024-06-23T12:51:12","slug":"shtepite-muzeale-ne-lagjet-muslimane-si-vule-e-tabanit-dhe-identitetit-tone-shekullor","status":"publish","type":"post","link":"https:\/\/muhamedsytari.net\/?p=3609","title":{"rendered":"Sht\u00ebpit\u00eb muzeale n\u00eb lagjet muslimane, si vul\u00eb e tabanit dhe identitetit ton\u00eb shekullor!\u00a0"},"content":{"rendered":"<p style=\"text-align: justify;\"><strong>Sht\u00ebpit\u00eb muzeale n\u00eb lagjet muslimane, si vul\u00eb e tabanit dhe identitetit ton\u00eb shekullor!<\/strong><\/p>\n<p style=\"text-align: justify;\">\n<p style=\"text-align: justify;\">Nj\u00ebri prej miqve dhe shok\u00ebve t\u00eb mi t\u00eb mir\u00eb t\u00eb f\u00ebmij\u00ebris\u00eb, kishte publikuar sot, k\u00ebt\u00eb foto model t\u00eb sht\u00ebpis\u00eb s\u00eb vjet\u00ebr t\u00eb familjes s\u00eb nderuar Rroji n\u00eb Shkod\u00ebr.<\/p>\n<p style=\"text-align: justify;\">\n<p style=\"text-align: justify;\">Prej vitesh e kam ngritur z\u00ebrin, sidomos n\u00eb takime zyrta\u2070re, q\u00eb institucionet e vendit, duke nisur nga qeveria e posht\u00eb, duhet t\u00eb hedhin syt\u00eb nga k\u00ebto vlera t\u00eb tabanit dhe t\u00eb trash\u00ebgimis\u00eb son\u00eb identitare.<\/p>\n<p style=\"text-align: justify;\">\n<p style=\"text-align: justify;\">Shum\u00eb mir\u00eb q\u00eb investimet t\u00eb p\u00ebrqendrohen n\u00eb Gjuhadol e p\u00ebrreth, sepse patjet\u00ebr \u00ebsht\u00eb pjes\u00eb e padiskutueshme e trash\u00ebgimis\u00eb son\u00eb qytetare, kulturore e identitare.<\/p>\n<p style=\"text-align: justify;\">\n<p style=\"text-align: justify;\">Por, institucionet tona dhe drejtuesit, duhet me patjet\u00ebr t\u00eb k\u00ebrkojn\u00eb n\u00eb zem\u00ebr t\u00eb lagjeve muslimane, p\u00ebr t\u00eb restauruar e p\u00ebrmir\u00ebsuar infrastruktur\u00ebn drejt sht\u00ebpive t\u00eb vjetra muslimane, q\u00eb patjet\u00ebr datojn\u00eb edhe m\u00eb larg e m\u00eb her\u00ebt se shum\u00eb e shum\u00eb gjurm\u00eb t\u00eb tjera q\u00eb mir\u00ebmbahen sistematikisht e investohet p\u00ebr ta n\u00eb Shkod\u00ebr, me nj\u00eb fanatiz\u00ebm t\u00eb \u00e7uditsh\u00ebm e shpesh paradoksal.<\/p>\n<p style=\"text-align: justify;\">\n<p style=\"text-align: justify;\">Dikur, pata b\u00ebr\u00eb nj\u00eb shkrim-dedikim p\u00ebr Sht\u00ebpin\u00eb e Myftiejve n\u00eb Qaf\u00eb. Akoma e kam t\u00eb ruajtur foton e tabel\u00ebs s\u00eb ndryshkur mbi der\u00ebn e vjet\u00ebr shekullore t\u00eb asaj sht\u00ebpie historike, ku shkruhej: &#8220;Monument kulture, mbrohet nga shteti&#8221;..!?<\/p>\n<p style=\"text-align: justify;\">\n<p style=\"text-align: justify;\">Ndryshku, q\u00eb tashm\u00eb na promovohet edhe si vler\u00eb, n\u00eb nj\u00eb qytet, ku \u00ebsht\u00eb investuar pambarimisht dhe n\u00eb shum\u00eb forma q\u00eb t\u00eb ndryshket e t\u00eb tjet\u00ebrsohet, duhet medoemos t\u00eb pastrohet, t\u00eb d\u00ebbohet e t\u00eb mos pranohet kurr\u00eb p\u00ebr vler\u00eb, sepse as ka qen\u00eb, as mund t\u00eb jet\u00eb i till\u00eb.<\/p>\n<p style=\"text-align: justify;\">\n<p style=\"text-align: justify;\">Shkodra dhe ndryshku jan\u00eb nj\u00eb \u00e7ift i d\u00ebshtuar dhe nj\u00eb lidhje e sh\u00ebmtuar, q\u00eb shkodran\u00ebt nuk duhet ta pranojn\u00eb p\u00ebr asgj\u00eb dhe asnjeri!?<\/p>\n<p style=\"text-align: justify;\">\n<p style=\"text-align: justify;\">N\u00ebse nuk kemi gajle p\u00ebr gjurm\u00ebt e trash\u00ebgimis\u00eb son\u00eb, do t\u00eb thot\u00eb se nuk na b\u00ebhet von\u00eb as p\u00ebr axhendat e tjet\u00ebrsimit q\u00eb qarkullojn\u00eb nd\u00ebr ne prej koh\u00ebsh, pa u ndjer\u00eb!?<\/p>\n<p style=\"text-align: justify;\">\n<p style=\"text-align: justify;\">Sht\u00ebpia e Rrojejve, si shum\u00eb e shum\u00eb t\u00eb tjera, \u00ebsht\u00eb pa asnj\u00eb dyshim vler\u00eb e trash\u00ebguar nd\u00ebr shekuj, gjurm\u00eb q\u00eb fton p\u00ebr t&#8217;u zgjuar nga gafleti e ftes\u00eb p\u00ebr t\u00eb ruajtur ekuilibrat e t\u00eb shenjt\u00ebs n\u00eb nj\u00eb qytet, q\u00eb nuk zhb\u00ebhet kollaj, p\u00ebrtej djall\u00ebzive dhe patronazhist\u00ebve t\u00eb s\u00eb keqes!<\/p>\n<p style=\"text-align: justify;\">\n<p style=\"text-align: justify;\"><strong>Imam Muhamed B. Sytari<\/strong><\/p>\n<p style=\"text-align: justify;\"><em>Myfti i Zon\u00ebs Shkod\u00ebr\u00a0<\/em><\/p>\n<p style=\"text-align: justify;\"><em>Shkod\u00ebr, m\u00eb 22 qershor 2024<\/em><\/p>\n","protected":false},"excerpt":{"rendered":"<div class=\"mh-excerpt\"><p>Sht\u00ebpit\u00eb muzeale n\u00eb lagjet muslimane, si vul\u00eb e tabanit dhe identitetit ton\u00eb shekullor! Nj\u00ebri prej miqve dhe shok\u00ebve t\u00eb mi t\u00eb mir\u00eb t\u00eb f\u00ebmij\u00ebris\u00eb, kishte publikuar sot, k\u00ebt\u00eb foto model t\u00eb sht\u00ebpis\u00eb s\u00eb vjet\u00ebr t\u00eb <a class=\"mh-excerpt-more\" href=\"https:\/\/muhamedsytari.net\/?p=3609\" title=\"Sht\u00ebpit\u00eb muzeale n\u00eb lagjet muslimane, si vul\u00eb e tabanit dhe identitetit ton\u00eb shekullor!\u00a0\">[&#8230;]<\/a><\/p>\n<\/div>","protected":false},"author":1,"featured_media":3610,"comment_status":"closed","ping_status":"closed","sticky":false,"template":"","format":"standard","meta":{"footnotes":""},"categories":[2],"tags":[],"class_list":["post-3609","post","type-post","status-publish","format-standard","has-post-thumbnail","hentry","category-editorial"],"_links":{"self":[{"href":"https:\/\/muhamedsytari.net\/index.php?rest_route=\/wp\/v2\/posts\/3609","targetHints":{"allow":["GET"]}}],"collection":[{"href":"https:\/\/muhamedsytari.net\/index.php?rest_route=\/wp\/v2\/posts"}],"about":[{"href":"https:\/\/muhamedsytari.net\/index.php?rest_route=\/wp\/v2\/types\/post"}],"author":[{"embeddable":true,"href":"https:\/\/muhamedsytari.net\/index.php?rest_route=\/wp\/v2\/users\/1"}],"replies":[{"embeddable":true,"href":"https:\/\/muhamedsytari.net\/index.php?rest_route=%2Fwp%2Fv2%2Fcomments&post=3609"}],"version-history":[{"count":1,"href":"https:\/\/muhamedsytari.net\/index.php?rest_route=\/wp\/v2\/posts\/3609\/revisions"}],"predecessor-version":[{"id":3611,"href":"https:\/\/muhamedsytari.net\/index.php?rest_route=\/wp\/v2\/posts\/3609\/revisions\/3611"}],"wp:featuredmedia":[{"embeddable":true,"href":"https:\/\/muhamedsytari.net\/index.php?rest_route=\/wp\/v2\/media\/3610"}],"wp:attachment":[{"href":"https:\/\/muhamedsytari.net\/index.php?rest_route=%2Fwp%2Fv2%2Fmedia&parent=3609"}],"wp:term":[{"taxonomy":"category","embeddable":true,"href":"https:\/\/muhamedsytari.net\/index.php?rest_route=%2Fwp%2Fv2%2Fcategories&post=3609"},{"taxonomy":"post_tag","embeddable":true,"href":"https:\/\/muhamedsytari.net\/index.php?rest_route=%2Fwp%2Fv2%2Ftags&post=3609"}],"curies":[{"name":"wp","href":"https:\/\/api.w.org\/{rel}","templated":true}]}}