{"id":446,"date":"2016-07-24T23:25:33","date_gmt":"2016-07-24T23:25:33","guid":{"rendered":"http:\/\/muhamedsytari.net\/?p=446"},"modified":"2016-07-25T23:28:26","modified_gmt":"2016-07-25T23:28:26","slug":"islami-folklorik-nuk-eshte-feja-ime","status":"publish","type":"post","link":"https:\/\/muhamedsytari.net\/?p=446","title":{"rendered":"Islami folklorik, nuk \u00ebsht\u00eb feja ime!"},"content":{"rendered":"<p style=\"text-align: justify;\">Lexova sot, sh\u00ebnimet e nj\u00eb biznesmeni kinez, q\u00eb thoshte, se disa tregtar\u00eb musliman\u00eb m\u00eb k\u00ebrkojn\u00eb t\u00eb vendos emrat e firmave t\u00eb njohura nd\u00ebrkomb\u00ebtare, si etiket\u00eb mbi mallrat q\u00eb blejn\u00eb prej meje. T\u00eb nj\u00ebjt\u00ebt, refuzojn\u00eb ushqimin q\u00eb u vendos p\u00ebrpara, sepse &#8220;nuk \u00ebsht\u00eb hallall&#8221;!<\/p>\n<p style=\"text-align: justify;\">Natyrsh\u00ebm, nuk i lexoj k\u00ebto rreshta me emocione, as me eufori, por, k\u00ebto fjal\u00eb m\u00eb kujtojn\u00eb at\u00eb q\u00eb m\u00eb pat treguar nj\u00eb miku im, rreth nj\u00eb ndodhie diku n\u00eb vendin ton\u00eb.<\/p>\n<p style=\"text-align: justify;\">Nj\u00eb i njohur i tij kishte shkuar mik tek ca t\u00eb af\u00ebrm. Krejt musliman\u00eb, p\u00ebr nga emrat dhe trash\u00ebgimia fetare. Bota, Ramazan. Zot\u00ebria, agj\u00ebruesh\u00ebm. Miqt\u00eb e kishin pyetur p\u00ebr t\u00eb ngr\u00ebn\u00eb. U kishte th\u00ebn\u00eb, jam agj\u00ebruesh\u00ebm. Ia kishin kthyer: T\u00eb pakt\u00ebn pije nj\u00eb got\u00eb..!<\/p>\n<p style=\"text-align: justify;\">Ngjan me nj\u00eb nj\u00eb batut\u00eb province, n\u00eb fakt \u00ebsht\u00eb realiteti i shum\u00eb rretheve shoq\u00ebrore, ku Islami ka ngelur si etiket\u00eb folklorike a trash\u00ebgimi emocionale, jo v\u00ebrtet\u00ebsi praktike, moral e bosht identitar!<\/p>\n<p style=\"text-align: justify;\">P\u00ebr k\u00ebt\u00eb, duhet t\u00eb b\u00ebjm\u00eb dallim n\u00eb mesin e musliman\u00ebve praktikant\u00eb dhe musliman\u00ebve folklorik\u00eb. T\u00eb par\u00ebt, p\u00ebrpiqen, sakrifikojn\u00eb e mundohen n\u00eb rrug\u00ebn e tyre, n\u00eb fen\u00eb e tyre, n\u00eb rehatin\u00eb e shpirtit dhe vullnetin e mir\u00eb p\u00ebr t\u00eb nd\u00ebrtuar n\u00eb jet\u00eb me past\u00ebrtin\u00eb e natyrshme t\u00eb zemr\u00ebs e nijetit.<\/p>\n<p style=\"text-align: justify;\">T\u00eb par\u00ebt jetojn\u00eb me All-llah e p\u00ebr All-llah! T\u00eb par\u00ebt, kur gabojn\u00eb, vrapojn\u00eb t\u00eb k\u00ebrkojn\u00eb falje, kur prishin pa vullnet, vrapojn\u00eb t\u00eb ndreqin, kur harrojn\u00eb, vrapojn\u00eb t\u00eb korrigjojn\u00eb! E dijn\u00eb se nuk jan\u00eb t\u00eb p\u00ebrkryer, nuk jan\u00eb t\u00eb p\u00ebrsosur, por p\u00ebrher\u00eb shpresojn\u00eb n\u00eb m\u00ebshir\u00ebn e Zotit p\u00ebr ta dhe t\u00eb dashurit e tyre, n\u00eb k\u00ebt\u00eb bot\u00eb dhe n\u00eb t\u00eb p\u00ebrtejmen!<\/p>\n<p style=\"text-align: justify;\">T\u00eb dyt\u00ebt, jan\u00eb pragmatist\u00eb, larg boshtit t\u00eb fes\u00eb e larg kultur\u00ebs mbi fen\u00eb. Ajo q\u00eb dijn\u00eb prej saj, (n\u00ebse v\u00ebrtet\u00eb dijn\u00eb di\u00e7ka), \u00ebsht\u00eb: &#8220;K\u00ebshtu i gjet\u00ebm baballar\u00ebt tan\u00eb t\u00eb shkuar&#8221;, por jo vet\u00ebm&#8230;<\/p>\n<p style=\"text-align: justify;\">T\u00eb dyt\u00ebt, fen\u00eb e kan\u00eb element dyt\u00ebsor n\u00eb jet\u00ebn e tyre. Shpesh s&#8217;e kan\u00eb fare pik\u00eb referimi n\u00eb jet\u00eb. P\u00ebr ta, r\u00ebnd\u00ebsi ka mir\u00ebqenia personale, qoft\u00eb edhe n\u00eb kurriz t\u00eb harameve e zullumeve ndaj tjetrit! Po gabuan, s&#8217;pendohen, po devijuan, s&#8217;u b\u00ebhet von\u00eb, po shkel\u00ebn n\u00eb harame, e kan\u00eb p\u00ebrher\u00eb nj\u00eb justifikim!<\/p>\n<p style=\"text-align: justify;\">K\u00ebta, All-llahu i udh\u00ebzoft\u00eb dhe ua ndri\u00e7oft\u00eb jet\u00ebn me Drit\u00ebn e besimit!<\/p>\n<p style=\"text-align: justify;\">Islami folklorik, nuk \u00ebsht\u00eb feja ime!<\/p>\n<p style=\"text-align: justify;\">(N\u00eb fakt, ka koh\u00eb q\u00eb qarqe t\u00eb ndryshme bot\u00ebrore, punojn\u00eb dit\u00eb-nat\u00eb, q\u00eb Islami yn\u00eb t\u00eb kthehet n\u00eb folklor)&#8230;<\/p>\n<p style=\"text-align: right;\"><b>Imam Muhamed B. Sytari <\/b><br \/>\nShkod\u00ebr, 24 korrik 2016<\/p>\n","protected":false},"excerpt":{"rendered":"<div class=\"mh-excerpt\"><p>Lexova sot, sh\u00ebnimet e nj\u00eb biznesmeni kinez, q\u00eb thoshte, se disa tregtar\u00eb musliman\u00eb m\u00eb k\u00ebrkojn\u00eb t\u00eb vendos emrat e firmave t\u00eb njohura nd\u00ebrkomb\u00ebtare, si etiket\u00eb mbi mallrat q\u00eb blejn\u00eb prej meje. T\u00eb nj\u00ebjt\u00ebt, refuzojn\u00eb ushqimin <a class=\"mh-excerpt-more\" href=\"https:\/\/muhamedsytari.net\/?p=446\" title=\"Islami folklorik, nuk \u00ebsht\u00eb feja ime!\">[&#8230;]<\/a><\/p>\n<\/div>","protected":false},"author":1,"featured_media":400,"comment_status":"closed","ping_status":"closed","sticky":false,"template":"","format":"standard","meta":{"footnotes":""},"categories":[2],"tags":[],"class_list":["post-446","post","type-post","status-publish","format-standard","has-post-thumbnail","hentry","category-editorial"],"_links":{"self":[{"href":"https:\/\/muhamedsytari.net\/index.php?rest_route=\/wp\/v2\/posts\/446","targetHints":{"allow":["GET"]}}],"collection":[{"href":"https:\/\/muhamedsytari.net\/index.php?rest_route=\/wp\/v2\/posts"}],"about":[{"href":"https:\/\/muhamedsytari.net\/index.php?rest_route=\/wp\/v2\/types\/post"}],"author":[{"embeddable":true,"href":"https:\/\/muhamedsytari.net\/index.php?rest_route=\/wp\/v2\/users\/1"}],"replies":[{"embeddable":true,"href":"https:\/\/muhamedsytari.net\/index.php?rest_route=%2Fwp%2Fv2%2Fcomments&post=446"}],"version-history":[{"count":1,"href":"https:\/\/muhamedsytari.net\/index.php?rest_route=\/wp\/v2\/posts\/446\/revisions"}],"predecessor-version":[{"id":448,"href":"https:\/\/muhamedsytari.net\/index.php?rest_route=\/wp\/v2\/posts\/446\/revisions\/448"}],"wp:featuredmedia":[{"embeddable":true,"href":"https:\/\/muhamedsytari.net\/index.php?rest_route=\/wp\/v2\/media\/400"}],"wp:attachment":[{"href":"https:\/\/muhamedsytari.net\/index.php?rest_route=%2Fwp%2Fv2%2Fmedia&parent=446"}],"wp:term":[{"taxonomy":"category","embeddable":true,"href":"https:\/\/muhamedsytari.net\/index.php?rest_route=%2Fwp%2Fv2%2Fcategories&post=446"},{"taxonomy":"post_tag","embeddable":true,"href":"https:\/\/muhamedsytari.net\/index.php?rest_route=%2Fwp%2Fv2%2Ftags&post=446"}],"curies":[{"name":"wp","href":"https:\/\/api.w.org\/{rel}","templated":true}]}}