{"id":52,"date":"2016-04-25T22:34:08","date_gmt":"2016-04-25T22:34:08","guid":{"rendered":"http:\/\/muhamedsytari.net\/?p=52"},"modified":"2016-04-30T22:35:51","modified_gmt":"2016-04-30T22:35:51","slug":"beji-selam-resulull-llahut-prej-meje-dhe-thuaji-se-sead-ibn-rebia","status":"publish","type":"post","link":"https:\/\/muhamedsytari.net\/?p=52","title":{"rendered":"B\u00ebji selam Resulull-llahut prej meje dhe thuaji se Sead ibn Rebia\u2026"},"content":{"rendered":"<p style=\"text-align: justify;\">Vizita q\u00eb b\u00ebm\u00eb n\u00eb Uhud, disa dit\u00eb m\u00eb par\u00eb, m\u00eb kujtoi mesazhet e m\u00ebdha q\u00eb i dhuroi njer\u00ebzimit ajo p\u00ebrplasje n\u00eb mesin e musliman\u00ebve me femohuesit idhujtar\u00eb mekas.<\/p>\n<p>N\u00eb fakt, ajo p\u00ebrplasje nuk \u00ebsht\u00eb ndalur m\u00eb nga ajo dit\u00eb, e shohim dhe e prekim edhe sot, n\u00eb form\u00eb dhe dimension t\u00eb ndrysh\u00ebm, sikurse do t\u00eb d\u00ebshmohet deri n\u00eb kiamet. \u00cbsht\u00eb nj\u00eb p\u00ebrplasje e p\u00ebrhershme n\u00eb mesin e forcave t\u00eb s\u00eb mir\u00ebs me t\u00eb keqen, ku \u00e7do kamp ka ushtar\u00ebt e tij, mjetet dhe mund\u00ebsit\u00eb e veta\u2026<\/p>\n<p>Koha na ka d\u00ebshmuar, se q\u00eb nga r\u00ebnia e hilafetit osman, musliman\u00ebt kudo n\u00eb bot\u00eb e kan\u00eb humbur busull\u00ebn dhe forc\u00ebn e tyre,, t\u00eb g\u00ebnjyer pas nacionalizmave, sistemeve politike; fashizmit, komunizmit, demokracis\u00eb, liberalizmit, diktaturave dhe pushtimeve t\u00eb ndryshme t\u00eb tokave dhe mendjeve t\u00eb tyre, q\u00eb kan\u00eb zhvatur pasuri e aft\u00ebsi, resurse natyrore dhe intelektuale, deri n\u00eb dit\u00ebt e sotme, kur zgjimi i pakthyesh\u00ebm ka nisur, me mbar\u00ebsin\u00eb e All-llahut\u2026<\/p>\n<p>Shum\u00eb me vend dhe me dobi p\u00ebr krejt thirr\u00ebsit, imam\u00ebt e hatib\u00ebt \u00ebsht\u00eb leximi dhe shpjegimi n\u00eb vazhdim\u00ebsi i ngjarjeve t\u00eb Uhudit. Ymeti islam nuk duhet ta harroj\u00eb guximin dhe forc\u00ebn p\u00ebr t\u2019u p\u00ebrballur me t\u00eb keqen n\u00eb jet\u00eb, p\u00ebrndryshe do t\u00eb vazhdojm\u00eb t\u00eb d\u00ebshmojm\u00eb p\u00ebruljen dhe posht\u00ebrimin q\u00eb d\u00ebshmojm\u00eb edhe sot kund\u00ebr interesave t\u00eb musliman\u00ebve n\u00eb mbar\u00eb bot\u00ebn!<\/p>\n<p>Nga kodra e shigjetar\u00ebve, teksa hidhja syt\u00eb p\u00ebrreth, p\u00ebrpiqesha t\u00eb p\u00ebrfytyroj disa nga momentet m\u00eb ky\u00e7e t\u00eb betej\u00ebs s\u00eb Uhudit. V\u00ebshtroja nga varri i Hz. Hamzas\u00eb dhe m\u00eb vinin nd\u00ebr mend p\u00ebrshkrimet e Vahshiut, q\u00eb thoshte, se: \u201cAt\u00eb dit\u00eb, edhe un\u00eb dola me njer\u00ebzit t\u00eb luftoj kund\u00ebr musliman\u00ebve. Isha etiopian dhe godisja n\u00eb shenj\u00eb me hesht\u00ebn time, radh\u00eb her\u00eb gaboja shenj\u00eb. Kur nisi beteja, po v\u00ebshtroja Hamzan\u00eb. E gjeta n\u00eb mes t\u00eb betej\u00ebs, si deveja bardh e zi, i godiste njer\u00ebzit me shpat\u00ebn e tij, nuk ngrihej m\u00eb njeri nga goditjet e tij\u2026\u201d \u2013 (Ibn Kudame El-Makdisi, \u201cEr-rikkatu vel-bukau\u201d, f. 211)<\/p>\n<p>Dhe, p\u00ebr nj\u00eb moment, u ndala tek nj\u00eb prej shfaqjeve m\u00eb emocionuese t\u00eb dashnis\u00eb s\u00eb sahab\u00ebve p\u00ebr t\u00eb d\u00ebrguarin e All-llahut, at\u00eb t\u00eb sahabiut Sead ibn Rebia (r.a). Mos e harroni k\u00ebt\u00eb em\u00ebr! Mos lejoni t\u00eb harrohet ky em\u00ebr, trash\u00ebgojani djemve e nipave tuaj emrin e Seadit (r.a)&#8230;<\/p>\n<p>Ja sesi e kan\u00eb ruajtur librat e historis\u00eb momentin e fundit t\u00eb k\u00ebtij burri t\u00eb madh, prej trimave dhe heronjve t\u00eb Islamit\u2026<br \/>\nIbn Ishaku transmeton: M\u00eb ka th\u00ebn\u00eb Muhammed ibn Abdull-llah ibn Abdurr-rrahman ibn Sasa\u2019 se Resulull-llahu (a.s) kishte th\u00ebn\u00eb n\u00eb dit\u00ebn e Uhudit (pas betej\u00ebs): \u201c\u00c7far\u00eb u b\u00eb me Sead ibni Rebian? A \u00ebsht\u00eb i gjall\u00eb, a ka vdekur?\u201d Nd\u00ebrkoh\u00eb, nj\u00eb burr\u00eb nga ensar\u00ebt iu drejtua: Po v\u00ebshtroj un\u00eb, o i d\u00ebrguar i All-llahut! Dhe u nis t\u00eb k\u00ebrkonte, kur e gjeti t\u00eb plagosur r\u00ebnd\u00eb, n\u00eb frym\u00eb t\u00eb fundit.<\/p>\n<p>Iu drejtua me k\u00ebto fjal\u00eb: M\u00eb urdh\u00ebroi Resulull-llahu (a.s) t\u00eb kontrolloj p\u00ebr ty, a je gjall\u00eb a ke vdekur?!<\/p>\n<p>Seadi (r.a) iu p\u00ebrgjigj: \u201cTashm\u00eb jam n\u00eb mesin e t\u00eb vdekurve\u2026 B\u00ebji selam Resulull-llahut prej meje dhe thuaji, se Sead ibn Rebia t\u00eb thot\u00eb: T\u00eb shp\u00ebrbleft\u00eb All-llahu p\u00ebr ne, m\u00eb mir\u00eb se \u00e7\u2019ka shp\u00ebrblyer ndonj\u00eb t\u00eb d\u00ebrguar p\u00ebr ymetin e tij! B\u00ebji selam edhe popullit t\u00ebnd prej meje dhe thuaju atyre, se Sead ibn Rebia ju thot\u00eb: Nuk do t\u00eb gjeni justifikim tek All-llahu, n\u00ebse vritet Resulull-llahu dhe, nd\u00ebr ju ka sy q\u00eb l\u00ebviz..!<\/p>\n<p>Nd\u00ebrsa, koh\u00eb m\u00eb von\u00eb, n\u00eb periudh\u00ebn e drejtimit t\u00eb Hz. Ebu Bekrit (r.a), e bija e Seadit (r.a), tregon se hyri nj\u00eb dit\u00eb tek Ebu Bekri (r.a), i cili i shtroi asaj rrob\u00ebn e tij, ku u ul. N\u00eb k\u00ebt\u00eb koh\u00eb hyri Omeri (r.a), i cili pyeti: Kush \u00ebsht\u00eb kjo, o khalif i Resulull-llahut? Ebu Bekri iu p\u00ebrgjigj: \u201cKjo \u00ebsht\u00eb e bija e atij q\u00eb \u00ebsht\u00eb m\u00eb i mir\u00eb se un\u00eb dhe se ti; dor\u00ebzoi shpirtin n\u00eb koh\u00ebn e Resulull-llahut (a.s) dhe e fitoi vendin e tij n\u00eb xhennet dhe, mbet\u00ebm un\u00eb dhe ti!\u201d \u2013 (Ibn Kudame, si n\u00eb \u201cEs-Sirretun-Nebevijje\u201d t\u00eb Ibni Hishamit)<\/p>\n<p>All-llahu e m\u00ebshiroft\u00eb Sead ibni Rebian dhe lart\u00ebsoft\u00eb n\u00eb xhennetet e Tij! E b\u00ebft\u00eb Uhudin, malin e dashur e t\u00eb shtrenjt\u00eb, udh\u00ebrr\u00ebfim dhe busull udh\u00ebzimi p\u00ebr t\u00eb gjith\u00eb ne, sidomos n\u00eb momente hutimi\u2026<\/p>\n<p class=\"style91\" style=\"text-align: right;\"><strong>Imam Muhamed B. Sytari<br \/>\n<\/strong><em>Shkod\u00ebr, m\u00eb 25 prill 2016<\/em><\/p>\n","protected":false},"excerpt":{"rendered":"<div class=\"mh-excerpt\"><p>Vizita q\u00eb b\u00ebm\u00eb n\u00eb Uhud, disa dit\u00eb m\u00eb par\u00eb, m\u00eb kujtoi mesazhet e m\u00ebdha q\u00eb i dhuroi njer\u00ebzimit ajo p\u00ebrplasje n\u00eb mesin e musliman\u00ebve me femohuesit idhujtar\u00eb mekas. N\u00eb fakt, ajo p\u00ebrplasje nuk \u00ebsht\u00eb ndalur <a class=\"mh-excerpt-more\" href=\"https:\/\/muhamedsytari.net\/?p=52\" title=\"B\u00ebji selam Resulull-llahut prej meje dhe thuaji se Sead ibn Rebia\u2026\">[&#8230;]<\/a><\/p>\n<\/div>","protected":false},"author":1,"featured_media":53,"comment_status":"open","ping_status":"open","sticky":false,"template":"","format":"standard","meta":{"footnotes":""},"categories":[2],"tags":[],"class_list":["post-52","post","type-post","status-publish","format-standard","has-post-thumbnail","hentry","category-editorial"],"_links":{"self":[{"href":"https:\/\/muhamedsytari.net\/index.php?rest_route=\/wp\/v2\/posts\/52","targetHints":{"allow":["GET"]}}],"collection":[{"href":"https:\/\/muhamedsytari.net\/index.php?rest_route=\/wp\/v2\/posts"}],"about":[{"href":"https:\/\/muhamedsytari.net\/index.php?rest_route=\/wp\/v2\/types\/post"}],"author":[{"embeddable":true,"href":"https:\/\/muhamedsytari.net\/index.php?rest_route=\/wp\/v2\/users\/1"}],"replies":[{"embeddable":true,"href":"https:\/\/muhamedsytari.net\/index.php?rest_route=%2Fwp%2Fv2%2Fcomments&post=52"}],"version-history":[{"count":1,"href":"https:\/\/muhamedsytari.net\/index.php?rest_route=\/wp\/v2\/posts\/52\/revisions"}],"predecessor-version":[{"id":54,"href":"https:\/\/muhamedsytari.net\/index.php?rest_route=\/wp\/v2\/posts\/52\/revisions\/54"}],"wp:featuredmedia":[{"embeddable":true,"href":"https:\/\/muhamedsytari.net\/index.php?rest_route=\/wp\/v2\/media\/53"}],"wp:attachment":[{"href":"https:\/\/muhamedsytari.net\/index.php?rest_route=%2Fwp%2Fv2%2Fmedia&parent=52"}],"wp:term":[{"taxonomy":"category","embeddable":true,"href":"https:\/\/muhamedsytari.net\/index.php?rest_route=%2Fwp%2Fv2%2Fcategories&post=52"},{"taxonomy":"post_tag","embeddable":true,"href":"https:\/\/muhamedsytari.net\/index.php?rest_route=%2Fwp%2Fv2%2Ftags&post=52"}],"curies":[{"name":"wp","href":"https:\/\/api.w.org\/{rel}","templated":true}]}}