{"id":784,"date":"2016-10-10T08:11:14","date_gmt":"2016-10-10T08:11:14","guid":{"rendered":"http:\/\/muhamedsytari.net\/?p=784"},"modified":"2016-10-12T13:19:09","modified_gmt":"2016-10-12T13:19:09","slug":"sepse-edhe-ai-me-vizitoi-mua-kur-isha-ne-burg-pasdite-te-nje-plak-i-urte-95-vjecar","status":"publish","type":"post","link":"https:\/\/muhamedsytari.net\/?p=784","title":{"rendered":"\u201c\u2026 sepse edhe Ai m\u00eb vizitoi mua kur isha n\u00eb burg!..\u201d"},"content":{"rendered":"<p style=\"text-align: justify;\"><strong>(Pasdite te nj\u00eb plak i urt\u00eb 95 vje\u00e7ar\u2026)<\/strong><\/p>\n<p style=\"text-align: justify;\">Trokita n\u00eb der\u00eb. Ajo u hap dhe para meje q\u00ebndronte nj\u00eb plak fytyr\u00ebqeshur, me dy paterica dhe me nj\u00eb pal\u00eb syze t\u00eb m\u00ebdha.<br \/>\n&#8220;Kushedi sa \u00ebsht\u00eb numri i tyre&#8221;, &#8211; mendova n\u00eb \u00e7ast. Kushedi sa e sa fytyra do t\u00eb ken\u00eb par\u00eb ato sy deri m\u00eb sot, sa do t\u00eb jen\u00eb lodhur deri n\u00eb at\u00eb mas\u00eb, sa\u2026<\/p>\n<p style=\"text-align: justify;\">&#8220;N\u00eb qershor lash\u00eb pas 95 vite&#8221;- nisi bised\u00ebn plaku i urt\u00eb q\u00eb me nj\u00eb mendje t\u00eb shk\u00eblqyer jep e merr, dialogon e tregon dhembjet e nj\u00eb jet\u00eb t\u00eb gjymtuar nga mizoria komuniste.<\/p>\n<p style=\"text-align: justify;\">&#8220;M\u00eb fut\u00ebn n\u00eb nj\u00eb dhom\u00eb t\u00eb err\u00ebt e plot uj\u00eb, n\u00eb nj\u00eb nat\u00eb t\u00eb ftoht\u00eb, ku temperatura shkonte n\u00eb zero\u2026 Djali m\u00eb i fort\u00eb n\u00eb at\u00eb burg, s&#8217;duronte m\u00eb shum\u00eb se 24 or\u00eb n\u00eb at\u00eb dhom\u00eb\u2026 Aty kalova plot 29 dit\u00eb\u2026M\u00eb ka ruajtur Zoti (xh.sh) dhe sot jam gjall\u00eb&#8221;- vazhdon t\u00eb m\u00eb tregoj\u00eb plaku i urt\u00eb, q\u00eb ka hequr sa nuk ka hequr njeri mbi kurriz n\u00eb kampet e diktatur\u00ebs fam\u00ebkeqe shqiptare\u2026<\/p>\n<p style=\"text-align: justify;\">&#8220;Vet\u00ebm Zotin kisha! Atij iu luta duke i th\u00ebn\u00eb: &#8220;O Zot vet\u00ebm Ty t\u00eb kam, mb\u00ebshtetem n\u00eb Ty\u2026&#8221;, pastaj e di se kam shkuar deri n\u00eb koma dhe m\u00eb ka shp\u00ebtuar Resulull- llahu\u2026 M\u00eb erdhi te koka e shtratit, ashtu, me flok\u00eb t\u00eb zeza, me sy t\u00eb zinj, me nj\u00eb nur q\u00eb i dilte nga fytyra\u2026 si\u00e7 e p\u00ebrshkruajn\u00eb librat, &#8211; dhe m\u00eb tha: &#8220;Ke shp\u00ebtuar! N\u00eb t\u00eb v\u00ebrtet\u00eb Zoti (xh.sh) ma kishte d\u00ebrguar si mb\u00ebshtetje n\u00eb momentet m\u00eb t\u00eb v\u00ebshtira t\u00eb jet\u00ebs sime\u2026&#8221;- vazhdoi plaku i vjet\u00ebr, duke trazuar kujtimet e rinis\u00eb s\u00eb tij t\u00eb dhimbshme, t\u00eb rinis\u00eb s\u00eb djegur\u2026<\/p>\n<p style=\"text-align: justify;\">&#8220;N\u00eb vitet e demokracis\u00eb arrita t\u00eb marr disa para si kompensim p\u00ebr burgun. D\u00ebshira ime ishte t\u00eb shkoja n\u00eb haxh. K\u00ebshtu me paterica ishte e v\u00ebshtir\u00eb\u2026 I thash\u00eb Haxhi Sylos (past\u00eb rahmet) t\u00eb b\u00ebnte nj\u00eb haxh bedel p\u00ebr mua, por ai ma ktheu se do t\u00eb shkonte at\u00eb vit n\u00eb haxh p\u00ebr bab\u00ebn e tij\u2026 &#8220;Ja paret dhe haxhin e bab\u00ebs b\u00ebje nj\u00eb vit tjet\u00ebr&#8221;- i thash\u00eb\u2026 Pasi u konsultua me Hafiz Sabrin\u00eb, pranoi dhe n\u00eb at\u00eb vit e b\u00ebri haxhin p\u00ebr mua\u2026 D\u00ebshir\u00eb pata Ta vizitoj edhe un\u00eb n\u00eb sht\u00ebpin\u00eb e Tij, sepse edhe Ai m\u00eb vizitoi mua kur isha n\u00eb burg!..&#8221;- thot\u00eb plaku i urt\u00eb, duke m\u00eb treguar p\u00ebr g\u00ebzimin e tij p\u00ebr kryerjen e haxhit bedel dhe breng\u00ebn e tij nj\u00ebkoh\u00ebsisht p\u00ebr mosvizit\u00ebn e Mbrojt\u00ebsit t\u00eb tij, n\u00eb &#8220;sht\u00ebpin\u00eb&#8221; e Tij \u2026<\/p>\n<p style=\"text-align: justify;\">Biseda jon\u00eb vazhdoi gjat\u00eb. Nga plaku i urt\u00eb e besimtar m\u00ebsova shum\u00eb gj\u00ebra, p\u00ebr t\u00eb cilat nj\u00eb i ri ka shum\u00eb nevoj\u00eb, kushdo q\u00eb t\u00eb jet\u00eb, sepse ndodh shpesh q\u00eb eksperienca e viteve \u00ebsht\u00eb &#8220;shkoll\u00eb jete&#8221; e vlen m\u00eb shum\u00eb se dija, p\u00ebr t\u00eb par\u00eb n\u00eb pasqyr\u00ebn e realitetit ndodhit\u00eb e jet\u00ebs, p\u00ebr t&#8217;i kuptuar e p\u00ebr t&#8217;i analizuar m\u00eb pas, ato\u2026<\/p>\n<p style=\"text-align: justify;\">&#8220;Kam probleme me spondlialtroz\u00ebn\u2026,- u ankua plaku. Mjeku m\u00eb ka th\u00ebn\u00eb t\u00eb rri i shtrir\u00eb, por un\u00eb s&#8217;ja d\u00ebgjoj fjal\u00ebn p\u00ebrher\u00eb, dua t\u00eb falem\u2026 E di mir\u00eb se edhe 80 her\u00eb n\u00eb dit\u00eb po t\u00eb falem, nuk e shlyej borxhin e madh q\u00eb kam me Zotin\u2026 Po t\u00eb pyes, a b\u00ebn t\u00eb falem duke qen\u00eb i shtrir\u00eb a i mb\u00ebshtetur?&#8221;<\/p>\n<p style=\"text-align: justify;\">Pastaj m\u00eb hodhi shikimin e tij n\u00ebp\u00ebrmjet syzeve t\u00eb m\u00ebdha. Priste nj\u00eb p\u00ebrgjigje. I thash\u00eb se mund t\u00eb falej edhe i shtrir\u00eb\u2026 edhe me l\u00ebvizjen e syve po t\u00eb kishte nevoj\u00eb\u2026 E pash\u00eb q\u00eb u g\u00ebzua, m\u00eb uroi dhe me nj\u00eb buz\u00ebqeshje t\u00eb \u00ebmb\u00ebl, kushedi se ku u largua n\u00eb mendimet e tij, kushedi se n\u00eb \u00e7&#8217;port\u00eb trokiti, ve\u00e7 Zoti e di se ku &#8220;udh\u00ebtoi&#8221; me mendimet e tij\u2026 Me urt\u00ebsin\u00eb e tij u kthye s\u00ebrish tek bashk\u00ebbisedimi yn\u00eb, p\u00ebr t\u00eb m\u00eb uruar s\u00ebrish e s\u00ebrish\u2026<\/p>\n<p style=\"text-align: justify;\">Mora leje t\u00eb largohem. Iu luta q\u00eb mos t\u00eb l\u00ebvizte nga vendi, por refuzoi\u2026 Doli deri te dera e sht\u00ebpis\u00eb t\u00eb m\u00eb p\u00ebrcillte, ashtu i mb\u00ebshtetur n\u00eb dy miqt\u00eb e tij t\u00eb mir\u00eb, patericat e vjetra\u2026<br \/>\n\u2026<br \/>\nPara disa dit\u00ebsh, e takova p\u00ebrs\u00ebri plakun e urt\u00eb 95 vje\u00e7ar. Biseduam, tashm\u00eb si dy miq t\u00eb vjet\u00ebr. M\u00eb b\u00ebri p\u00ebrshtypje nj\u00eb fjal\u00eb e tij: &#8220;K\u00ebt\u00eb bot\u00eb s&#8217;e jap as p\u00ebr nj\u00eb lek\u2026ajo s&#8217;vlen gj\u00eb\u2026&#8221;, e cila m\u00eb kujtoi hadithin e Profetit (a.s) q\u00eb nd\u00ebr t\u00eb tjera thot\u00eb: &#8220;\u2026dhe jeto n\u00eb k\u00ebt\u00eb bot\u00eb sikur do t\u00eb vdes\u00ebsh nes\u00ebr&#8221;\u2026 Fjala e k\u00ebtij njeriu ishte praktik\u00eb e sinqert\u00eb e k\u00ebtij citati t\u00eb vjet\u00ebr e t\u00eb shenjt\u00eb\u2026 Ai e kishte kthyer n\u00eb gjak zemre at\u00eb hadith\u2026 Tashm\u00eb zemra e tij rrihte me t\u00eb\u2026<\/p>\n<p style=\"text-align: justify;\">Pothuajse \u00e7do dit\u00eb e shoh teksa del nga sht\u00ebpia e tij dhe drejtohet p\u00ebr nga xhamia\u2026 I urt\u00eb si vet\u00eb mosha e tij, me hapa t\u00eb ngadalt\u00eb sikur nuk don t\u00eb prish\u00eb qet\u00ebsin\u00eb e askujt, ai shkon drejt shpirt\u00ebrores\u2026 Por, \u00e7do dit\u00eb e m\u00eb shum\u00eb ai me hapat e tij largohet, po i urt\u00eb, nga kjo bot\u00eb, drejt hyjnores\u2026<\/p>\n<p style=\"text-align: justify;\">Me siguri nj\u00eb jet\u00eb m\u00eb e mir\u00eb e pret nes\u00ebr, plakun e urt\u00eb Abdullah Salihi, te &#8220;Resulull-llahu q\u00eb i shp\u00ebtoi jet\u00ebn&#8221;- sikurse e thot\u00eb vet\u00eb\u2026<\/p>\n<p style=\"text-align: justify;\">Dhe n\u00eb \u00e7ast i kujtohen ato fjal\u00eb, q\u00eb s&#8217;i heq nga goja edhe sot e k\u00ebsaj dite, q\u00eb i tha n\u00eb nj\u00eb moment t\u00eb v\u00ebshtir\u00eb t\u00eb jet\u00ebs, ku p\u00ebrkoi me rinin\u00eb e tij t\u00eb hershme, rinin\u00eb q\u00eb gjithkush don ta jetoj\u00eb: &#8220;Vet\u00ebm Zotin kisha\u2026 O Zot vet\u00ebm Ty t\u00eb kam, mb\u00ebshtetem n\u00eb Ty!&#8221;\u2026<\/p>\n<p style=\"text-align: justify;\">\u2026\u2026\u2026\u2026\u2026.<br \/>\nSh\u00ebnim:<\/p>\n<p style=\"text-align: justify;\">Kujtimet e lartp\u00ebrmendura i kam shkruar m\u00eb 4 tetor 2004, 12 vite m\u00eb par\u00eb. Nuk e kam zakon t\u00eb p\u00ebrs\u00ebris publikimin e shkrimeve t\u00eb mia, vet\u00ebm se n\u00eb raste p\u00ebrmir\u00ebsimesh e shtesash, kryesisht n\u00eb studime t\u00eb ndryshme t\u00eb fush\u00ebs sime.<\/p>\n<p style=\"text-align: justify;\">Shkrimin e m\u00ebsip\u00ebrm pata d\u00ebshir\u00eb t\u00eb madhe ta ripublikoj, (me ndonj\u00eb rregullim t\u00eb vog\u00ebl nga botimi i dikursh\u00ebm n\u00eb nj\u00eb prej librave t\u00eb mi), edhe p\u00ebr t\u00eb kujtuar me shum\u00eb respekt dhe p\u00ebrulje, plakun e urt\u00eb t\u00eb Kabashit, komshiun dhe xhematin tim t\u00eb vjet\u00ebr t\u00eb xhamis\u00eb Tophan\u00eb, Haxhi Abdullah Salihin, (tashm\u00eb n\u00eb rahmetin e All-llahut ), nj\u00eb prej njer\u00ebzve t\u00eb bardh\u00eb, burrnor, durimtar, denj\u00ebsisht musliman, shqiptar fisnik, i veshur me urti e virtyte, q\u00eb radh\u00eb mund t\u00eb bashkohen n\u00eb imazhin e nj\u00eb burri\u2026 Ishte mir\u00ebsi prej All-llahut, q\u00eb m\u00eb takoi me zotnin\u00eb e tij, p\u00ebr t\u00eb p\u00ebrfituar shum\u00eb e, p\u00ebr t\u00eb ruajtur n\u00eb zem\u00ebr e memorie, kujtimet m\u00eb t\u00eb mira dhe respektin m\u00eb t\u00eb madh.<\/p>\n<p style=\"text-align: justify;\">Mbi t\u00eb gjitha, shembulli dhe sakrifica e H. Abdullah Salihit, ngelen p\u00ebr mua shembull i muslimanit burrnor, q\u00eb nuk ka forc\u00eb pushteti tradh\u00ebtar i kombit t\u00eb vet n\u00eb bot\u00eb, q\u00eb e thyen, q\u00eb e mposht a e hesht zemr\u00ebn dhe forc\u00ebn e identitetit t\u00eb tij islam!<\/p>\n<p style=\"text-align: justify;\">Vlen edhe p\u00ebr sot ky p\u00ebrkufizim, kur ne musliman\u00ebt p\u00ebrballemi me turlitakam pabesish\u00eb, tradh\u00ebtish\u00eb e p\u00ebrpjekjesh t\u00eb ul\u00ebta, t\u00eb angazhuara n\u00eb aleanca \u00e7akejsh, kund\u00ebr nesh; interesave tona, t\u00eb f\u00ebmij\u00ebve tan\u00eb, t\u00eb ardhmes ton\u00eb! \u201cAta thurrin plane, e All-llahu i asgj\u00ebson, se All-llahu \u00ebsht\u00eb Ai q\u00eb m\u00eb s\u00eb i miri q\u00eb asgj\u00ebson (dredhit\u00eb)!\u201d, sikurse urdh\u00ebron n\u00eb Kur\u2019an!..<\/p>\n<p style=\"text-align: right;\"><strong>Imam Muhamed B. Sytari<\/strong><br \/>\n<em>Shkod\u00ebr, m\u00eb 10 tetor 2016<\/em><\/p>\n","protected":false},"excerpt":{"rendered":"<div class=\"mh-excerpt\"><p>(Pasdite te nj\u00eb plak i urt\u00eb 95 vje\u00e7ar\u2026) Trokita n\u00eb der\u00eb. Ajo u hap dhe para meje q\u00ebndronte nj\u00eb plak fytyr\u00ebqeshur, me dy paterica dhe me nj\u00eb pal\u00eb syze t\u00eb m\u00ebdha. &#8220;Kushedi sa \u00ebsht\u00eb numri <a class=\"mh-excerpt-more\" href=\"https:\/\/muhamedsytari.net\/?p=784\" title=\"\u201c\u2026 sepse edhe Ai m\u00eb vizitoi mua kur isha n\u00eb burg!..\u201d\">[&#8230;]<\/a><\/p>\n<\/div>","protected":false},"author":1,"featured_media":785,"comment_status":"closed","ping_status":"closed","sticky":false,"template":"","format":"standard","meta":{"footnotes":""},"categories":[2],"tags":[],"class_list":["post-784","post","type-post","status-publish","format-standard","has-post-thumbnail","hentry","category-editorial"],"_links":{"self":[{"href":"https:\/\/muhamedsytari.net\/index.php?rest_route=\/wp\/v2\/posts\/784","targetHints":{"allow":["GET"]}}],"collection":[{"href":"https:\/\/muhamedsytari.net\/index.php?rest_route=\/wp\/v2\/posts"}],"about":[{"href":"https:\/\/muhamedsytari.net\/index.php?rest_route=\/wp\/v2\/types\/post"}],"author":[{"embeddable":true,"href":"https:\/\/muhamedsytari.net\/index.php?rest_route=\/wp\/v2\/users\/1"}],"replies":[{"embeddable":true,"href":"https:\/\/muhamedsytari.net\/index.php?rest_route=%2Fwp%2Fv2%2Fcomments&post=784"}],"version-history":[{"count":2,"href":"https:\/\/muhamedsytari.net\/index.php?rest_route=\/wp\/v2\/posts\/784\/revisions"}],"predecessor-version":[{"id":798,"href":"https:\/\/muhamedsytari.net\/index.php?rest_route=\/wp\/v2\/posts\/784\/revisions\/798"}],"wp:featuredmedia":[{"embeddable":true,"href":"https:\/\/muhamedsytari.net\/index.php?rest_route=\/wp\/v2\/media\/785"}],"wp:attachment":[{"href":"https:\/\/muhamedsytari.net\/index.php?rest_route=%2Fwp%2Fv2%2Fmedia&parent=784"}],"wp:term":[{"taxonomy":"category","embeddable":true,"href":"https:\/\/muhamedsytari.net\/index.php?rest_route=%2Fwp%2Fv2%2Fcategories&post=784"},{"taxonomy":"post_tag","embeddable":true,"href":"https:\/\/muhamedsytari.net\/index.php?rest_route=%2Fwp%2Fv2%2Ftags&post=784"}],"curies":[{"name":"wp","href":"https:\/\/api.w.org\/{rel}","templated":true}]}}