{"id":969,"date":"2016-11-21T11:33:11","date_gmt":"2016-11-21T11:33:11","guid":{"rendered":"http:\/\/muhamedsytari.net\/?p=969"},"modified":"2016-11-21T11:35:07","modified_gmt":"2016-11-21T11:35:07","slug":"me-bardhesine-rrezatuese-te-dijetarit-shejkh-jusuf-el-karadavi","status":"publish","type":"post","link":"https:\/\/muhamedsytari.net\/?p=969","title":{"rendered":"Me bardh\u00ebsin\u00eb rrezatuese t\u00eb dijetarit, Shejkh Jusuf El-Karadavi"},"content":{"rendered":"<p style=\"text-align: justify;\">Sapo d\u00ebgjova bashk\u00ebbisedimin e plot\u00eb t\u00eb dijetarit m\u00eb t\u00eb shquar islam t\u00eb koh\u00ebs ton\u00eb, Shejkh Jusuf El-Karadavi, (President i Unionit Bot\u00ebror t\u00eb Dijetar\u00ebve t\u00eb Musliman\u00ebve), me thirr\u00ebsin e afirmuar dhe studiuesin e urt\u00eb, Dr. Selman El-Audeh, zhvilluar para pak dit\u00ebsh.<\/p>\n<p style=\"text-align: justify;\">M\u00eb 9 shtator 2016, Shejkh Jusuf El-Karadavi, ka festuar 90 vjetorin e lindjes. Megjithat\u00eb, ai d\u00ebshmon se, ende sot, pjes\u00ebn m\u00eb t\u00eb madhe t\u00eb koh\u00ebs s\u00eb tij e kalon n\u00eb studion e tij, n\u00eb Doha t\u00eb Katarit, ku del rret or\u00ebs 10.00 dhe kthehet n\u00eb sht\u00ebpi diku pas mesnat\u00ebs&#8230;<\/p>\n<p style=\"text-align: justify;\">Ai thot\u00eb: &#8220;Dua t&#8217;i l\u00eb t\u00eb shkruara disa gj\u00ebra para se t\u00eb largohem nga kjo bot\u00eb. Dua t\u00eb garoj me koh\u00ebn, por ajo \u00ebsht\u00eb m\u00eb e shpejt\u00eb se un\u00eb&#8230;&#8221;<\/p>\n<p style=\"text-align: justify;\">Thot\u00eb se, rreth 80% e enciklopedis\u00eb s\u00eb tij n\u00eb 50 v\u00ebllime t\u00eb m\u00ebdha, thuajse \u00ebsht\u00eb p\u00ebrfunduar&#8230;<\/p>\n<p style=\"text-align: justify;\">Bashk\u00ebbisedimi i natyrsh\u00ebm, rrjedh aq bukur, sa mendoj se krejt thirr\u00ebsit islam\u00eb dhe t\u00eb interesuarit e bot\u00ebs ton\u00eb, duhet ta ndjekin, ta d\u00ebgjojn\u00eb e t\u00eb m\u00ebsojn\u00eb nga nj\u00eb njeri i madh, por i thjesht\u00eb, i mbushur me eksperienca e sprova, q\u00eb e kan\u00eb kthyer n\u00eb simbol&#8230;<\/p>\n<p style=\"text-align: justify;\">Shejkh Jusuf El-Karadavi ka studiuar Usuludin, Sheriat dhe Gjuh\u00eb Arabe n\u00eb Ezherin Sherif\u00eb, ku ka spikatur i pari n\u00eb rezultate, n\u00eb brezin e tij&#8230;<\/p>\n<p style=\"text-align: justify;\">I lidhur me xhematin e &#8220;V\u00ebllaz\u00ebris\u00eb Islame&#8221;, por i shk\u00ebputur nga obligimet dhe detyrimet ndaj tij, q\u00eb prej 20 viteve, si\u00e7 e deklaron edhe n\u00eb bashk\u00ebbisedimin e lartp\u00ebrmendur, ai q\u00ebndron mbi xhematet dhe organizimet lokale e p\u00ebrtej tyre.<\/p>\n<p style=\"text-align: justify;\">Vler\u00ebson zhvillimin e Turqis\u00eb s\u00eb sotme dhe gjykon se dallimi nd\u00ebrmjet saj dhe vendeve arabe, \u00ebsht\u00eb se Turqia ka burra dhe vendet arabe, jo! Sikurse d\u00ebnon p\u00ebrfshirjen e xhemateve q\u00eb hyjnizojn\u00eb prij\u00ebsit e tyre dhe b\u00ebhen shkak p\u00ebr trazira n\u00eb vende, popullata e t\u00eb cilave e ka zgjedhur vet\u00eb rrug\u00ebn e saj t\u00eb demokracis\u00eb dhe zhvillimit p\u00ebrpara.<\/p>\n<p style=\"text-align: justify;\">Shejkh Jusuf El-Karadavi, fal publikisht krejt ata q\u00eb e kan\u00eb sulmuar, e kan\u00eb fyer, shar\u00eb a l\u00ebnduar n\u00eb jet\u00eb, duke u lutur q\u00eb All-llahu t&#8217;i udh\u00ebzoj\u00eb e t&#8217;i drejtoj\u00eb n\u00eb jet\u00eb. Nj\u00ebkoh\u00ebsisht nuk heziton t\u00eb k\u00ebrkoj\u00eb falje e ndjes\u00eb nga kushdo q\u00eb, ndonj\u00ebher\u00eb, mund t\u00eb jet\u00eb ndjer\u00eb i l\u00ebnduar prej tij.<\/p>\n<p style=\"text-align: justify;\">Subhanallah, me sa k\u00ebnaq\u00ebsi e ndoqa k\u00ebt\u00eb bashk\u00ebbisedim&#8230;<\/p>\n<p style=\"text-align: justify;\">Sa emocion ndjeva n\u00eb p\u00ebrgjigjen e pyetjes: &#8220;A je i frik\u00ebsuar nga takimi me All-llahun?&#8221;, kur, i ngarkuar emocionalisht, Shejkh Karadavi u p\u00ebrgjigj: &#8220;Po, kam frik\u00eb nga takimi me All-llahun, sepse jam shum\u00eb i gabuesh\u00ebm, por kam shpres\u00eb n\u00eb faljen e Tij&#8230;&#8221;<\/p>\n<p style=\"text-align: justify;\">Dijetar dhe burr\u00eb i madh, q\u00eb mban mbi supe hallet e 1 miliard e 800 milion musliman\u00ebve t\u00eb bot\u00ebs sot, p\u00ebr t\u00eb cil\u00ebt lutet q\u00eb t\u00eb bashkohen, t\u00eb rikthehen tek lavdia e shekujve, t\u00eb gjejn\u00eb rrug\u00ebt e bashkimit dhe forcimit p\u00ebr t\u00eb mir\u00ebn e krejt njer\u00ebzimit.<\/p>\n<p style=\"text-align: justify;\">N\u00eb fakt, k\u00ebto sh\u00ebnime i nisa p\u00ebr t\u00eb sh\u00ebnuar nj\u00eb detaj, q\u00eb p\u00ebrtej shum\u00eb ndalesave, m\u00eb b\u00ebri shum\u00eb p\u00ebrshtypje. Fakti q\u00eb sot, dijetari m\u00eb i madh i bot\u00ebs islame, lideri fetar kryesor i bot\u00ebs islame, \u00ebsht\u00eb i ndaluar t\u00eb hyj\u00eb n\u00eb vendet e Evrop\u00ebs dhe n\u00eb Amerik\u00eb&#8230; Sa paradoks i madh dhe nj\u00ebkoh\u00ebsisht, sa detaj mjeran, q\u00eb v\u00ebrteton shum\u00eb e shum\u00eb&#8230;<\/p>\n<p style=\"text-align: justify;\">Dhe, kur e mendon&#8230;<\/p>\n<p style=\"text-align: justify;\">Por, p\u00ebrtej k\u00ebtij detaji kalimtar e pa asnj\u00eb kuptim n\u00eb jet\u00ebn thuajse shekullore t\u00eb dijetarit elitar bot\u00ebror. Shejkh Jusuf El-Karadavi, ai vazhdon t\u00eb punoj\u00eb pa nd\u00ebrprerje, dit\u00eb-nat\u00eb, q\u00eb ky shekull t\u00eb d\u00ebshmohet realisht si shekulli i Islamit!<\/p>\n<p style=\"text-align: justify;\">Dhe shenjat jan\u00eb, duken prej koh\u00ebsh&#8230; Elhamdulilah!<\/p>\n<p style=\"text-align: justify;\">Kjo, ndoshta, \u00ebsht\u00eb thirrja m\u00eb kuptimplote, q\u00eb duhet t\u00eb zgjoj\u00eb thirr\u00ebsit e s\u00eb v\u00ebrtetave drejt sakrificave, lodhjes e mundit, pagjum\u00ebsis\u00eb e vrapimit drejt realizimit t\u00eb sihariqit t\u00eb shtrenjt\u00eb: &#8220;Do t\u00eb mb\u00ebrrij\u00eb kjo f\u00e9, ku ka mb\u00ebrritur nata dhe dita!&#8221;&#8230;<\/p>\n<p style=\"text-align: right;\"><strong>Imam Muhamed B. Sytari<\/strong><br \/>\n<em>Shkod\u00ebr, m\u00eb 21 n\u00ebntor 2016<\/em><\/p>\n","protected":false},"excerpt":{"rendered":"<div class=\"mh-excerpt\"><p>Sapo d\u00ebgjova bashk\u00ebbisedimin e plot\u00eb t\u00eb dijetarit m\u00eb t\u00eb shquar islam t\u00eb koh\u00ebs ton\u00eb, Shejkh Jusuf El-Karadavi, (President i Unionit Bot\u00ebror t\u00eb Dijetar\u00ebve t\u00eb Musliman\u00ebve), me thirr\u00ebsin e afirmuar dhe studiuesin e urt\u00eb, Dr. Selman <a class=\"mh-excerpt-more\" href=\"https:\/\/muhamedsytari.net\/?p=969\" title=\"Me bardh\u00ebsin\u00eb rrezatuese t\u00eb dijetarit, Shejkh Jusuf El-Karadavi\">[&#8230;]<\/a><\/p>\n<\/div>","protected":false},"author":1,"featured_media":970,"comment_status":"closed","ping_status":"closed","sticky":false,"template":"","format":"standard","meta":{"footnotes":""},"categories":[2],"tags":[],"class_list":["post-969","post","type-post","status-publish","format-standard","has-post-thumbnail","hentry","category-editorial"],"_links":{"self":[{"href":"https:\/\/muhamedsytari.net\/index.php?rest_route=\/wp\/v2\/posts\/969","targetHints":{"allow":["GET"]}}],"collection":[{"href":"https:\/\/muhamedsytari.net\/index.php?rest_route=\/wp\/v2\/posts"}],"about":[{"href":"https:\/\/muhamedsytari.net\/index.php?rest_route=\/wp\/v2\/types\/post"}],"author":[{"embeddable":true,"href":"https:\/\/muhamedsytari.net\/index.php?rest_route=\/wp\/v2\/users\/1"}],"replies":[{"embeddable":true,"href":"https:\/\/muhamedsytari.net\/index.php?rest_route=%2Fwp%2Fv2%2Fcomments&post=969"}],"version-history":[{"count":2,"href":"https:\/\/muhamedsytari.net\/index.php?rest_route=\/wp\/v2\/posts\/969\/revisions"}],"predecessor-version":[{"id":972,"href":"https:\/\/muhamedsytari.net\/index.php?rest_route=\/wp\/v2\/posts\/969\/revisions\/972"}],"wp:featuredmedia":[{"embeddable":true,"href":"https:\/\/muhamedsytari.net\/index.php?rest_route=\/wp\/v2\/media\/970"}],"wp:attachment":[{"href":"https:\/\/muhamedsytari.net\/index.php?rest_route=%2Fwp%2Fv2%2Fmedia&parent=969"}],"wp:term":[{"taxonomy":"category","embeddable":true,"href":"https:\/\/muhamedsytari.net\/index.php?rest_route=%2Fwp%2Fv2%2Fcategories&post=969"},{"taxonomy":"post_tag","embeddable":true,"href":"https:\/\/muhamedsytari.net\/index.php?rest_route=%2Fwp%2Fv2%2Ftags&post=969"}],"curies":[{"name":"wp","href":"https:\/\/api.w.org\/{rel}","templated":true}]}}