{"id":986,"date":"2016-11-25T15:57:53","date_gmt":"2016-11-25T15:57:53","guid":{"rendered":"http:\/\/muhamedsytari.net\/?p=986"},"modified":"2016-11-25T20:25:47","modified_gmt":"2016-11-25T20:25:47","slug":"na-u-mbyll-edhe-nje-dere-e-madhe-e-dijes","status":"publish","type":"post","link":"https:\/\/muhamedsytari.net\/?p=986","title":{"rendered":"Na u mbyll edhe nj\u00eb Der\u00eb e Madhe e Dijes&#8230;"},"content":{"rendered":"<p style=\"text-align: justify;\">Dit\u00ebn e sotme, mora lajmin e dhimbsh\u00ebm t\u00eb nd\u00ebrrimit jet\u00eb t\u00eb nj\u00ebrit prej dijetar\u00ebve dhe mendimtar\u00ebve m\u00eb t\u00eb spikatur t\u00eb Historis\u00eb Islame n\u00eb rang bot\u00ebror, Dr. Mervan Shejkhulerd, n\u00eb Damaskun e zemr\u00ebs.<\/p>\n<p style=\"text-align: justify;\">Dr. Mervan Shejkhulerd ka qen\u00eb m\u00ebsuesi yn\u00eb. Nj\u00eb burr\u00eb i urt\u00eb, njeri i ve\u00e7ant\u00eb, komentues i pashembullt i historis\u00eb islame; asaj t\u00eb Pejgamberit (a.s), emevit\u00ebve dhe abasit\u00ebve n\u00eb ve\u00e7anti. Autor i disa librave, ku spikat mbi t\u00eb tjerat, vepra me titull: &#8220;Historia Profetike &#8211; Themelet thirr\u00ebse dhe civilizuese&#8221;, Damask, 2000.<\/p>\n<p style=\"text-align: justify;\">Teolog\u00ebt e brezit tim, por edhe ata para dhe pas nesh, jan\u00eb d\u00ebshmitar\u00eb sesi tejmbushej salla me student\u00eb t\u00eb krejt viteteve, kur Dr. Shejkhulerd kishte leksion.<\/p>\n<p style=\"text-align: justify;\">N\u00eb Damask thuhej se, tre jan\u00eb baballar\u00ebt e Historis\u00eb Islame: Dr. Sheuki Ebu Khalil, Dr. Suhejl Zekkar dhe Dr. Mervan Shejkhulerd!<\/p>\n<p style=\"text-align: justify;\">Dhe, kam bindjen se, ne q\u00eb pat\u00ebm bekimin e Zotit t\u00eb ishim student\u00ebt e tij, e d\u00ebshmojm\u00eb me zem\u00ebr e shpirt k\u00ebt\u00eb konstatim t\u00eb madh, n\u00eb hak t\u00eb M\u00ebsuesit ton\u00eb, q\u00eb sot u larguar nga kjo bot\u00eb, drejt jet\u00ebs s\u00eb p\u00ebrtejme.<\/p>\n<p style=\"text-align: justify;\">E kemi p\u00ebrkthyer edhe n\u00eb shqip mendimin dhe gjurm\u00ebn e M\u00ebsuesit ton\u00eb, ku n\u00eb nj\u00eb material q\u00eb pata sjell\u00eb n\u00eb shqip, nga arabishtja dhe publikuar me 25 korrik t\u00eb k\u00ebtij viti, nd\u00ebr t\u00eb tjera, ai shkruan: &#8220;Prej d\u00ebshmive m\u00eb madh\u00ebshtore t\u00eb natyr\u00ebs s\u00eb diversitetit, q\u00eb All-llahu ka vendosur n\u00eb natyr\u00eb, \u00ebsht\u00eb edhe diversiteti n\u00eb njer\u00ebz, n\u00eb popuj, n\u00eb gjuh\u00eb, n\u00eb ngjyra, n\u00eb interesa, n\u00eb vise, n\u00eb jet\u00ebgjat\u00ebsi, n\u00eb raca, n\u00eb cil\u00ebsi e ve\u00e7ori, n\u00eb shum\u00ebsi e pak\u00ebsi, n\u00eb dije e injoranc\u00eb; v\u00ebrtet\u00ebsi, q\u00eb i d\u00ebshmojm\u00eb n\u00eb l\u00ebvizjen e jet\u00ebs.<\/p>\n<p style=\"text-align: justify;\">Po t\u00eb p\u00ebrvet\u00ebsohen rregullat e natyr\u00ebs hyjnore, si aleat jetik, ato e shnd\u00ebrrojn\u00eb rrjedh\u00ebn e diversitetit n\u00eb marsh suksesi, q\u00eb i shp\u00ebton popujt, grupet etnike dhe racat njer\u00ebzore nga prishja, tirania, luft\u00ebrat dhe fatkeq\u00ebsit\u00eb!<\/p>\n<p style=\"text-align: justify;\">All-llahu i Madh\u00ebruar urdh\u00ebron: \u201cO ju njer\u00ebz, v\u00ebrtet\u00eb Ne ju krijuam ju prej nj\u00eb mashkulli dhe nj\u00eb femre, ju b\u00ebm\u00eb popuj e fise q\u00eb t\u00eb njiheni nd\u00ebrmjet vete, e s\u2019ka dyshim se tek All-llahu, m\u00eb i ndershmi nd\u00ebr ju \u00ebsht\u00eb ai q\u00eb m\u00eb tep\u00ebr \u00ebsht\u00eb ruajtur (nga t\u00eb k\u00ebqijat)! All-llahu \u00ebsht\u00eb i dijsh\u00ebm dhe holl\u00ebsisht i njohur p\u00ebr \u00e7do gj\u00eb.\u201d \u2013 (Kur\u2019ani, El-Huxhurat\u00eb: 13)&#8221;<\/p>\n<p style=\"text-align: justify;\">Nd\u00ebrkoh\u00eb, n\u00eb komunikimin e fundit q\u00eb pata me zotnin\u00eb e tij, para disa dit\u00ebsh, teksa e lajm\u00ebroja p\u00ebr iden\u00eb e p\u00ebrkthimit t\u00eb nj\u00eb seri shkrimesh nga prodhimtaria e tij, m\u00eb shkruante:<\/p>\n<p style=\"text-align: justify;\">&#8220;<span style=\"color: #008080;\">Bismil-lahirr-rrahmanirr-rrahim.<\/span><\/p>\n<p style=\"text-align: justify;\"><span style=\"color: #008080;\">I nderuar Myfti e v\u00eblla, Muhamed Sytari.<\/span><\/p>\n<p style=\"text-align: justify;\"><span style=\"color: #008080;\">Es-selamu alejkum ve rahmetull-llahi ve berekatuhu.<\/span><\/p>\n<p style=\"text-align: justify;\"><span style=\"color: #008080;\">M\u00eb g\u00ebzoi shum\u00eb letra jote, k\u00ebt\u00eb m\u00ebngjes. M\u00eb b\u00ebri t\u00eb hap dosjen e kujtimeve tona, ku vizatohen qart\u00eb tiparet e personalitetit tuaj fisnik dhe bashk\u00ebshortes tuaj t\u00eb nderuar, v\u00ebllez\u00ebrve; Vili (Ervil Ku\u00e7i), Lavdrim dhe v\u00ebllez\u00ebrve t\u00eb tjer\u00eb shqiptar\u00eb, q\u00eb ishin p\u00ebr mua v\u00ebllez\u00ebr mendje, shpirti e zemre!<\/span><\/p>\n<p style=\"text-align: justify;\"><span style=\"color: #008080;\">Ju fal\u00ebnderoj shum\u00eb p\u00ebr p\u00ebrkthimin e shkrimit tim, sikurse shpresoj t&#8217;i p\u00ebrktheni krejt shkrimet e mia, sidomos ato q\u00eb lidhen me t\u00eb D\u00ebrguarit e All-llahut, q\u00eb fillojn\u00eb me Hz. Ademin (a.s) dhe, q\u00eb mendoj se, p\u00ebrmbajn\u00eb nj\u00eb nxitje besimore dhe edukative drejt nd\u00ebrtimit t\u00eb qytet\u00ebrimit njer\u00ebzor!<\/span><\/p>\n<p style=\"text-align: justify;\"><span style=\"color: #008080;\">V\u00eblla Muhamed,<\/span><\/p>\n<p style=\"text-align: justify;\"><span style=\"color: #008080;\">I lutem All-lahut t\u00eb jeni mir\u00eb; ti dhe familja jote, v\u00ebllez\u00ebrit dhe Shqip\u00ebria, sikurse lutem p\u00ebr ty t\u00eb kesh p\u00ebrparim t\u00eb vazhduesh\u00ebm n\u00eb pun\u00ebn dhe thirrjen t\u00ebnde elitare!<\/span><\/p>\n<p style=\"text-align: justify;\"><span style=\"color: #008080;\">Ju fal\u00ebnderoj!<\/span><\/p>\n<p style=\"text-align: justify;\"><span style=\"color: #008080;\">Es-selamu alejkum ve rah etull-llahi ve berekatuhu<\/span>&#8220;<\/p>\n<p style=\"text-align: justify;\">Tashm\u00eb, edhe ky mesazh dhe kjo let\u00ebr malli, nga nj\u00eb M\u00ebsues zemre, nga nj\u00eb burr\u00eb i madh e studiues elitar, do t\u00eb rreshtohet n\u00eb arkivin e &#8220;Dyerve t\u00eb Mbyllura&#8221;, prej ku buron mir\u00ebsia e t\u00eb shkuarve tan\u00eb, para t\u00eb cil\u00ebve kemi lidhur BES\u00cbN&#8230;<\/p>\n<p style=\"text-align: justify;\">Kushedi edhe sa do t\u00eb sprovohemi me largimin e M\u00ebsuesve tan\u00eb nga kjo bot\u00eb, deri nj\u00eb dit\u00eb.., ku lutemi dhe shpresojm\u00eb se, t\u00eb gjith\u00eb s\u00eb bashku do tubohemi tek Burimi i Resulull-llahut (a.s), ku shpresojm\u00eb t\u00eb pijm\u00eb prej duarve t\u00eb tij&#8230;<\/p>\n<p style=\"text-align: justify;\">T\u00eb mbuloft\u00eb All-llahu me Rahmetin e Tij, Ustaz&#8230;<\/p>\n<p style=\"text-align: right;\"><strong>Imam Muhamed B. Sytari<\/strong><br \/>\n<em>Myfti i Zon\u00ebs Shkod\u00ebr, 25 n\u00ebntor 2016<\/em><\/p>\n","protected":false},"excerpt":{"rendered":"<div class=\"mh-excerpt\"><p>Dit\u00ebn e sotme, mora lajmin e dhimbsh\u00ebm t\u00eb nd\u00ebrrimit jet\u00eb t\u00eb nj\u00ebrit prej dijetar\u00ebve dhe mendimtar\u00ebve m\u00eb t\u00eb spikatur t\u00eb Historis\u00eb Islame n\u00eb rang bot\u00ebror, Dr. Mervan Shejkhulerd, n\u00eb Damaskun e zemr\u00ebs. Dr. Mervan Shejkhulerd <a class=\"mh-excerpt-more\" href=\"https:\/\/muhamedsytari.net\/?p=986\" title=\"Na u mbyll edhe nj\u00eb Der\u00eb e Madhe e Dijes&#8230;\">[&#8230;]<\/a><\/p>\n<\/div>","protected":false},"author":1,"featured_media":987,"comment_status":"closed","ping_status":"closed","sticky":false,"template":"","format":"standard","meta":{"footnotes":""},"categories":[2],"tags":[],"class_list":["post-986","post","type-post","status-publish","format-standard","has-post-thumbnail","hentry","category-editorial"],"_links":{"self":[{"href":"https:\/\/muhamedsytari.net\/index.php?rest_route=\/wp\/v2\/posts\/986","targetHints":{"allow":["GET"]}}],"collection":[{"href":"https:\/\/muhamedsytari.net\/index.php?rest_route=\/wp\/v2\/posts"}],"about":[{"href":"https:\/\/muhamedsytari.net\/index.php?rest_route=\/wp\/v2\/types\/post"}],"author":[{"embeddable":true,"href":"https:\/\/muhamedsytari.net\/index.php?rest_route=\/wp\/v2\/users\/1"}],"replies":[{"embeddable":true,"href":"https:\/\/muhamedsytari.net\/index.php?rest_route=%2Fwp%2Fv2%2Fcomments&post=986"}],"version-history":[{"count":3,"href":"https:\/\/muhamedsytari.net\/index.php?rest_route=\/wp\/v2\/posts\/986\/revisions"}],"predecessor-version":[{"id":990,"href":"https:\/\/muhamedsytari.net\/index.php?rest_route=\/wp\/v2\/posts\/986\/revisions\/990"}],"wp:featuredmedia":[{"embeddable":true,"href":"https:\/\/muhamedsytari.net\/index.php?rest_route=\/wp\/v2\/media\/987"}],"wp:attachment":[{"href":"https:\/\/muhamedsytari.net\/index.php?rest_route=%2Fwp%2Fv2%2Fmedia&parent=986"}],"wp:term":[{"taxonomy":"category","embeddable":true,"href":"https:\/\/muhamedsytari.net\/index.php?rest_route=%2Fwp%2Fv2%2Fcategories&post=986"},{"taxonomy":"post_tag","embeddable":true,"href":"https:\/\/muhamedsytari.net\/index.php?rest_route=%2Fwp%2Fv2%2Ftags&post=986"}],"curies":[{"name":"wp","href":"https:\/\/api.w.org\/{rel}","templated":true}]}}